{"id":234527,"date":"2024-08-30T08:00:00","date_gmt":"2024-08-30T06:00:00","guid":{"rendered":"https:\/\/www.tucomarca.com\/wordpress\/segunda\/?p=234527"},"modified":"2024-08-30T10:54:06","modified_gmt":"2024-08-30T08:54:06","slug":"la-unio-alerta-de-possibles-perdues-de-mes-de-70-milions-deuros-per-als-viticultors-de-la-comunitat-valenciana-si-no-es-compleix-la-llei-de-la-cadena-alimentaria","status":"publish","type":"post","link":"https:\/\/tucomarca.whitekongsoftware.com\/ca\/la-unio-alerta-de-possibles-perdues-de-mes-de-70-milions-deuros-per-als-viticultors-de-la-comunitat-valenciana-si-no-es-compleix-la-llei-de-la-cadena-alimentaria\/","title":{"rendered":"La Uni\u00f3 alerta de possibles p\u00e8rdues de m\u00e9s de 70 milions d&#8217;euros per als viticultors de la Comunitat Valenciana si no es compleix la llei de la cadena aliment\u00e0ria"},"content":{"rendered":"\n<h3 class=\"wp-block-heading\">La suposada posici\u00f3 de domini i negociaci\u00f3 dels principals cellerers est\u00e0 deixant preus ru\u00efnosos per a les principals varietats de ra\u00efm en aquesta verema de 2024.<\/h3>\n\n\n\n<h3 class=\"wp-block-heading\"><strong><strong>L&#8217;organitzaci\u00f3 calcula que els preus estan quasi un 50% per davall de costos de producci\u00f3 i estudia una denuncia davant la AICA<\/strong><\/strong>.<\/h3>\n\n\n\n<p class=\"wp-block-paragraph\">La Uni\u00f3 Llauradora alerta de la situaci\u00f3 de crisi que travessen els viticultors de la Comunitat Valenciana davant la suposada posici\u00f3 de domini i negociaci\u00f3 dels principals grups cellerers que est\u00e0 llastrant els preus fins al punt d&#8217;originar possibles p\u00e8rdues de m\u00e9s de 70 milions d&#8217;euros en les nostres zones productores.<\/p>\n\n\n\n<p class=\"wp-block-paragraph\">Atesa la composici\u00f3 varietal de la vinya valenciana on m\u00e9s del 65% s\u00f3n varietats de baixa cotitzaci\u00f3 (blanques, ull de llebre o boval en tintes i similars), en el cas que aquest nivell de cotitzacions es generalitzara, es podria estar parlant que els viticultors d&#8217;aquestes vinyes patisquen en aquesta campanya unes p\u00e8rdues de renda de m\u00e9s de 70 milions d&#8217;euros.<\/p>\n\n\n\n<p class=\"wp-block-paragraph\">LA UNI\u00d3, que ja a principis d&#8217;estiu confiava que en aquesta verema es cobriren els costos de producci\u00f3, lamenta que no estiga succeint i assenyala als principals grups cellerers com a responsables, situant els preus quasi un 50% per davall dels costos de producci\u00f3.<\/p>\n\n\n\n<p class=\"wp-block-paragraph\">A aquesta possible xifra cal afegir les p\u00e8rdues directes ocasionades per la sequera en el ra\u00efm de vinificaci\u00f3 de la Comunitat Valenciana, quantificades per LA UNI\u00d3 en m\u00e9s de 24 milions d&#8217;euros. S\u00f3n p\u00e8rdues de de aquesta campanya 2024-2025, sense tindre en compte les de les pr\u00f2ximes ni la mort de les vinyes o les p\u00e8rdues indirectes de m\u00e0 d&#8217;obra, cellers, log\u00edstica, etc., En aquest sentit, LA UNI\u00d3 reitera la necessitat d&#8217;establir ajudes extraordin\u00e0ries per als productors vitivin\u00edcoles de la Comunitat Valenciana. Ja en diverses ocasions ha sol\u00b7licitat a la Conselleria d&#8217;Agricultura que establisca amb car\u00e0cter d&#8217;urg\u00e8ncia una ajuda excepcional i directa, encara que de moment des de Conselleria no hi ha hagut una resposta positiva a aquesta demanda.<\/p>\n\n\n\n<p class=\"wp-block-paragraph\">Un informe de 2020 de la Universitat Polit\u00e8cnica de Val\u00e8ncia (UPV) per a la Interprofessional del Vi d&#8217;Espanya sobre costos de producci\u00f3 en la vinya xifra el cost mitj\u00e0 en 0,42 \u20ac\/kg; encara que en les tres \u00faltimes campanyes ha pogut augmentar per l&#8217;increment desmesurat dels costos de producci\u00f3 i els baixos rendiments derivats de la forta sequera en el sector.<\/p>\n\n\n\n<p class=\"wp-block-paragraph\">En aquest context, l&#8217;organitzaci\u00f3 assenyala que els preus que s&#8217;han anat coneixent en l&#8217;\u00faltima setmana se situen entre els 0,23 \u20ac\/kg en vins blancs i un preu encara lleugerament inferior en els negres. S\u00f3n preus molt similars als de la passada campanya en un context on, si b\u00e9 \u00e9s cert que els vins negres estan patint problemes de demanda, no ocorre el mateix amb els vins blancs.<\/p>\n\n\n\n<p class=\"wp-block-paragraph\">LA UNI\u00d3 considera que aquesta estrat\u00e8gia de partir sempre al comen\u00e7ament de cada campanya amb preus deliberadament baixos \u00e9s fidel reflex de la suposada posici\u00f3 de domini de diversos grups cellerers interessats a tibar la fr\u00e0gil viabilitat de gran part del sector productor. \u201cS&#8217;estan aprofitant en gran manera de la dif\u00edcil situaci\u00f3 financera de moltes explotacions ignorant la situaci\u00f3 real del mercat amb preus a l&#8217;al\u00e7a especialment de vins blancs\u201d assenyalen des de l&#8217;organitzaci\u00f3. LA UNI\u00d3 creu que no t\u00e9 cap justificaci\u00f3 que s&#8217;ajusten els preus d&#8217;eixa manera m\u00e9s enll\u00e0 de voler aprofitar-se i lucrar-se els principals grups amb actuacions que s\u00f3n m\u00e9s que denunciables davant la AICA i que l&#8217;organitzaci\u00f3 estudia fer. Ja existeixen antecedents a m\u00e9s quan en 2019 aquest organisme del Ministeri d&#8217;Agricultura va obrir expedient sancionador a 22 cellers a inst\u00e0ncies de la nostra organitzaci\u00f3.<\/p>\n\n\n\n<p class=\"wp-block-paragraph\">LA UNI\u00d3 posa en evid\u00e8ncia aix\u00ed mateix que el preu de les diferents varietats negres i blanques siga similar en territoris amb DO i en territoris amb IGP, excepte alguna excepci\u00f3, desvirtuant el paper d&#8217;aquestes figures de qualitat i el necessari rescabalament dels sobrecostos productius que suposa complir amb rigor els requeriments que estableixen els Plecs de condicions d&#8217;aquestes denominacions.<\/p>\n","protected":false},"excerpt":{"rendered":"<div class=\"mh-excerpt\">La suposada posici\u00f3 de domini i negociaci\u00f3 dels principals cellerers est\u00e0 deixant preus ru\u00efnosos per a les principals varietats de ra\u00efm en aquesta verema de 2024. L&#8217;organitzaci\u00f3 calcula que els preus estan quasi un 50% <a class=\"mh-excerpt-more\" href=\"https:\/\/tucomarca.whitekongsoftware.com\/ca\/la-unio-alerta-de-possibles-perdues-de-mes-de-70-milions-deuros-per-als-viticultors-de-la-comunitat-valenciana-si-no-es-compleix-la-llei-de-la-cadena-alimentaria\/\" title=\"La Uni\u00f3 alerta de possibles p\u00e8rdues de m\u00e9s de 70 milions d&#8217;euros per als viticultors de la Comunitat Valenciana si no es compleix la llei de la cadena aliment\u00e0ria\">[+] <\/a><\/div>\n","protected":false},"author":13,"featured_media":234525,"comment_status":"open","ping_status":"open","sticky":false,"template":"","format":"standard","meta":{"footnotes":""},"categories":[10905,10898,10948,10894,10904,10912,10902,10903,10909,10896],"tags":[11309,11199,21082],"class_list":["post-234527","post","type-post","status-publish","format-standard","has-post-thumbnail","category-agricultura-la-comarca-ca","category-ventana-ca","category-infraestructuras-ca","category-la-comarca-ca","category-sin-categorizar-ca","category-la-hoya-ca","category-la-ribera-ca","category-medio-ambiente-la-comarca-ca","category-requena-utiel-ca","category-seccion-ca","tag-agricultura-ca","tag-la-comunitat-ca","tag-la-unio-llauradora-i-ramadera-ca"],"_links":{"self":[{"href":"https:\/\/tucomarca.whitekongsoftware.com\/ca\/wp-json\/wp\/v2\/posts\/234527","targetHints":{"allow":["GET"]}}],"collection":[{"href":"https:\/\/tucomarca.whitekongsoftware.com\/ca\/wp-json\/wp\/v2\/posts"}],"about":[{"href":"https:\/\/tucomarca.whitekongsoftware.com\/ca\/wp-json\/wp\/v2\/types\/post"}],"author":[{"embeddable":true,"href":"https:\/\/tucomarca.whitekongsoftware.com\/ca\/wp-json\/wp\/v2\/users\/13"}],"replies":[{"embeddable":true,"href":"https:\/\/tucomarca.whitekongsoftware.com\/ca\/wp-json\/wp\/v2\/comments?post=234527"}],"version-history":[{"count":0,"href":"https:\/\/tucomarca.whitekongsoftware.com\/ca\/wp-json\/wp\/v2\/posts\/234527\/revisions"}],"wp:featuredmedia":[{"embeddable":true,"href":"https:\/\/tucomarca.whitekongsoftware.com\/ca\/wp-json\/wp\/v2\/media\/234525"}],"wp:attachment":[{"href":"https:\/\/tucomarca.whitekongsoftware.com\/ca\/wp-json\/wp\/v2\/media?parent=234527"}],"wp:term":[{"taxonomy":"category","embeddable":true,"href":"https:\/\/tucomarca.whitekongsoftware.com\/ca\/wp-json\/wp\/v2\/categories?post=234527"},{"taxonomy":"post_tag","embeddable":true,"href":"https:\/\/tucomarca.whitekongsoftware.com\/ca\/wp-json\/wp\/v2\/tags?post=234527"}],"curies":[{"name":"wp","href":"https:\/\/api.w.org\/{rel}","templated":true}]}}