{"id":234520,"date":"2024-08-28T08:00:00","date_gmt":"2024-08-28T06:00:00","guid":{"rendered":"https:\/\/www.tucomarca.com\/wordpress\/segunda\/?p=234520"},"modified":"2024-08-28T19:26:36","modified_gmt":"2024-08-28T17:26:36","slug":"latur-a-benaguasil-continua-baixant-i-registra-la-millor-dada-dels-ultims-16-anys","status":"publish","type":"post","link":"https:\/\/tucomarca.whitekongsoftware.com\/ca\/latur-a-benaguasil-continua-baixant-i-registra-la-millor-dada-dels-ultims-16-anys\/","title":{"rendered":"L&#8217;atur a Benaguasil continua baixant i registra la millor dada dels \u00faltims 16 anys"},"content":{"rendered":"\n<h3 class=\"wp-block-heading\">Per set\u00e9 mes consecutiu disminueixen les persones parades a Benaguasil i la taxa d&#8217;atur baixa al 14,24%.<\/h3>\n\n\n\n<p class=\"wp-block-paragraph\">La desocupaci\u00f3 mant\u00e9 una tend\u00e8ncia a la baixa a Benaguasil despr\u00e9s de set mesos consecutius de baixada de la xifra de l&#8217;atur.&nbsp;<\/p>\n\n\n\n<p class=\"wp-block-paragraph\">Aix\u00ed es despr\u00e9n de les dades publicades en el SEPE, els quals llancen que la localitat continua estant per davall de nivells de 2008.<\/p>\n\n\n\n<p class=\"wp-block-paragraph\">Per sexe, la desocupaci\u00f3 es redueix m\u00e9s en homes (329) que en dones (499); mentre que per grups d&#8217;edat \u00e9s en el de menys de 25 anys en qu\u00e8 es registra menor atur (49 persones). En el grup de 25 a 44 anys 283 persones; i en el grup de majors de 45 anys 496 persones.<\/p>\n\n\n\n<p class=\"wp-block-paragraph\">Per sectors a data de juny de 2024, el de serveis (550) \u00e9s el que registra major nombre d&#8217;aturats, seguit de la ind\u00fastria (131) i de la construcci\u00f3 (80 i agricultura (22).<\/p>\n\n\n\n<p class=\"wp-block-paragraph\">Des del govern municipal han assenyalat que les xifres del SEPE s\u00f3n optimistes encara que des de \u201cl&#8217;Ajuntament continuarem realitzant actuacions en mat\u00e8ria d&#8217;ocupaci\u00f3 per a disminuir l&#8217;atur i continuar creant llocs de treball, com s\u00f3n els programes d&#8217;ocupaci\u00f3, els cursos formatius i fonamentalment les pol\u00edtiques impulsades per a atraure inversors comptant amb la col\u00b7laboraci\u00f3 de la Diputaci\u00f3 de Val\u00e8ncia i la Generalitat Valenciana\u201d.<\/p>\n","protected":false},"excerpt":{"rendered":"<div class=\"mh-excerpt\">Per set\u00e9 mes consecutiu disminueixen les persones parades a Benaguasil i la taxa d&#8217;atur baixa al 14,24%. La desocupaci\u00f3 mant\u00e9 una tend\u00e8ncia a la baixa a Benaguasil despr\u00e9s de set mesos consecutius de baixada de <a class=\"mh-excerpt-more\" href=\"https:\/\/tucomarca.whitekongsoftware.com\/ca\/latur-a-benaguasil-continua-baixant-i-registra-la-millor-dada-dels-ultims-16-anys\/\" title=\"L&#8217;atur a Benaguasil continua baixant i registra la millor dada dels \u00faltims 16 anys\">[+] <\/a><\/div>\n","protected":false},"author":13,"featured_media":158309,"comment_status":"open","ping_status":"open","sticky":false,"template":"","format":"standard","meta":{"footnotes":""},"categories":[10952,10892,10948,10894,10947,10896],"tags":[11136,10899,12903],"class_list":["post-234520","post","type-post","status-publish","format-standard","has-post-thumbnail","category-benaguasil-ca","category-camp-de-turia-ca","category-infraestructuras-ca","category-la-comarca-ca","category-politica","category-seccion-ca","tag-benaguasil-ca","tag-camp-de-turia-ca","tag-infraestructuras-ca"],"_links":{"self":[{"href":"https:\/\/tucomarca.whitekongsoftware.com\/ca\/wp-json\/wp\/v2\/posts\/234520","targetHints":{"allow":["GET"]}}],"collection":[{"href":"https:\/\/tucomarca.whitekongsoftware.com\/ca\/wp-json\/wp\/v2\/posts"}],"about":[{"href":"https:\/\/tucomarca.whitekongsoftware.com\/ca\/wp-json\/wp\/v2\/types\/post"}],"author":[{"embeddable":true,"href":"https:\/\/tucomarca.whitekongsoftware.com\/ca\/wp-json\/wp\/v2\/users\/13"}],"replies":[{"embeddable":true,"href":"https:\/\/tucomarca.whitekongsoftware.com\/ca\/wp-json\/wp\/v2\/comments?post=234520"}],"version-history":[{"count":0,"href":"https:\/\/tucomarca.whitekongsoftware.com\/ca\/wp-json\/wp\/v2\/posts\/234520\/revisions"}],"wp:featuredmedia":[{"embeddable":true,"href":"https:\/\/tucomarca.whitekongsoftware.com\/ca\/wp-json\/wp\/v2\/media\/158309"}],"wp:attachment":[{"href":"https:\/\/tucomarca.whitekongsoftware.com\/ca\/wp-json\/wp\/v2\/media?parent=234520"}],"wp:term":[{"taxonomy":"category","embeddable":true,"href":"https:\/\/tucomarca.whitekongsoftware.com\/ca\/wp-json\/wp\/v2\/categories?post=234520"},{"taxonomy":"post_tag","embeddable":true,"href":"https:\/\/tucomarca.whitekongsoftware.com\/ca\/wp-json\/wp\/v2\/tags?post=234520"}],"curies":[{"name":"wp","href":"https:\/\/api.w.org\/{rel}","templated":true}]}}