{"id":234516,"date":"2024-08-28T10:30:00","date_gmt":"2024-08-28T08:30:00","guid":{"rendered":"https:\/\/www.tucomarca.com\/wordpress\/segunda\/?p=234516"},"modified":"2024-08-28T19:23:07","modified_gmt":"2024-08-28T17:23:07","slug":"el-president-mompo-anuncia-que-la-diputacio-de-valencia-continuara-recolzant-la-tomatina-de-bunyol-amb-productes-quilometre-zero","status":"publish","type":"post","link":"https:\/\/tucomarca.whitekongsoftware.com\/ca\/el-president-mompo-anuncia-que-la-diputacio-de-valencia-continuara-recolzant-la-tomatina-de-bunyol-amb-productes-quilometre-zero\/","title":{"rendered":"El president Momp\u00f3 anuncia que la Diputaci\u00f3 de Val\u00e8ncia continuar\u00e0 recolzant la Tomatina de Bunyol amb productes quil\u00f2metre zero"},"content":{"rendered":"\n<h3 class=\"wp-block-heading\"><strong>Vicent Momp\u00f3 participa en la celebraci\u00f3 de la \u201cedici\u00f3 m\u00e9s valenciana de la festa\u201d, amb 120.000 kg de tomaca provinents de la comarca de l&#8217;Horta Sud sufragats amb una ajuda de 60.000 euros de la instituci\u00f3 provincial<\/strong>.<\/h3>\n\n\n\n<h3 class=\"wp-block-heading\"><strong>El president de la Diputaci\u00f3 afirma que \u201cla projecci\u00f3 que t\u00e9 la Tomatina a nivell tur\u00edstic internacional suposa tamb\u00e9 un aparador per a mostrar al m\u00f3n el bon fer dels nostres agricultors\u201d<\/strong>.<\/h3>\n\n\n\n<h3 class=\"wp-block-heading\"><strong>La instituci\u00f3 provincial participa tamb\u00e9 amb un dispositiu especial del Consorci de Bombers per a minimitzar el temps de resposta davant qualsevol emerg\u00e8ncia<\/strong>.<\/h3>\n\n\n\n<p class=\"wp-block-paragraph\">El president de la Diputaci\u00f3 de Val\u00e8ncia, Vicent Momp\u00f3, ha participat este mat\u00ed en la Tomatina de Bunyol, una de les festes m\u00e9s internacionals de les que se celebren a la prov\u00edncia de Val\u00e8ncia.<\/p>\n\n\n\n<p class=\"wp-block-paragraph\">Momp\u00f3 ha anunciat que la instituci\u00f3 provincial \u201ccontinuar\u00e0 donant suport a esta cita tur\u00edstica aportant la totalitat de les tomaques que la protagonitzen\u201d i ha remarcat que \u201cigual que en esta edici\u00f3, seran productes de quil\u00f2metre zero, cultivats i recollits a la prov\u00edncia de Val\u00e8ncia\u201d.<\/p>\n\n\n\n<p class=\"wp-block-paragraph\">En este sentit, el president provincial ha posat l&#8217;accent en \u201cl&#8217;enorme aparador per a la nostra terra que significa una festa en la qual participen m\u00e9s de 20.000 persones de 28 pa\u00efsos, perqu\u00e8 \u00e9s una oportunitat perqu\u00e8 el m\u00f3n conega la qualitat dels nostres productes i el bon fer dels nostres agricultors\u201d i ha recordat tamb\u00e9 que \u201cel fet que les tomaques siguen valencians fa la festa encara m\u00e9s sostenible perqu\u00e8 redu\u00efx de manera dr\u00e0stica els despla\u00e7aments associats al transport\u201d.<\/p>\n\n\n\n<p class=\"wp-block-paragraph\">\u201cL&#8217;objectiu de la Diputaci\u00f3 -continua- \u00e9s protegir i enriquir les nostres festes, tradicions i senyes d&#8217;identitat\u201d i afig que \u201csi a m\u00e9s aconseguim crear sinergies al llarg del nostre territori, el suport de la instituci\u00f3 \u00e9s encara m\u00e9s transversal, de manera que el retorn econ\u00f2mic de la festa impacte en l&#8217;economia de tota la prov\u00edncia\u201d.<\/p>\n\n\n\n<p class=\"wp-block-paragraph\"><strong>Dispositiu especial de Bombers<\/strong><\/p>\n\n\n\n<p class=\"wp-block-paragraph\">La col\u00b7laboraci\u00f3 de la Diputaci\u00f3 de Val\u00e8ncia en la Tomatina es tradu\u00efx en la instal\u00b7laci\u00f3 d&#8217;un dispositiu especial del Consorci Provincial de Bombers, el qual t\u00e9 com a objectiu minimitzar el temps de resposta davant les eventuals emerg\u00e8ncies que es puguen produir durant i despr\u00e9s de la celebraci\u00f3 de la batalla de tomaques.<\/p>\n\n\n\n<p class=\"wp-block-paragraph\">Aix\u00ed, s&#8217;ha instal\u00b7lat en un punt estrat\u00e8gic de Bu\u00f1ol una dotaci\u00f3 completa de bombers, acompanyada per dos brigades forestals, un coordinador forestal i un comandament. Es tracta de la primera vegada que s&#8217;habilita este dispositiu, despr\u00e9s d&#8217;unir-se enguany el municipi de la Hoya de Bu\u00f1ol-Chiva al Consorci dependent de la Diputaci\u00f3.<\/p>\n\n\n\n<p class=\"wp-block-paragraph\"><strong>Presentaci\u00f3 en la Diputaci\u00f3<\/strong><\/p>\n\n\n\n<p class=\"wp-block-paragraph\">La imatge de la 77 edici\u00f3 de la Tomatina va ser presentada al Pati dels Scala de la Diputaci\u00f3 de Val\u00e8ncia, amb la pres\u00e8ncia del president de la corporaci\u00f3 provincial, Vicent Momp\u00f3, l&#8217;alcaldessa de Bu\u00f1ol, Virg\u00ednia Sanz, i el regidor de Festes del municipi, Sergio Galarza.<\/p>\n\n\n\n<p class=\"wp-block-paragraph\">En este acte, l&#8217;alcaldessa va avan\u00e7ar una de les novetats d&#8217;esta Tomatina 2024, que ha sigut la possibilitat d&#8217;accedir als camions pagant una entrada \u201cper a fer encara m\u00e9s participativa la festa, perqu\u00e8 fins ara accedir als camions era una cosa pr\u00e0cticament inaccessible per al p\u00fablic\u201d.<\/p>\n\n\n\n<p class=\"wp-block-paragraph\">L&#8217;imparable \u00e8xit d&#8217;esta festa, la qual t\u00e9 el seu origen l&#8217;any 1945 i ha vist com cada any incrementava el seu abast, no sols en clau nacional sin\u00f3 sobretot a nivell internacional, va portar en 2002 a la Secretaria General de Turisme declarar-la Festa d&#8217;Inter\u00e9s Tur\u00edstic Internacional.<\/p>\n\n\n\n<p class=\"wp-block-paragraph\">Aix\u00ed mateix, la Diputaci\u00f3, a trav\u00e9s de la marca provincial Val\u00e8ncia Turisme, divulga la Tomatina per tots els racons de la prov\u00edncia, igual que realitza amb altres festes que es desenrotllen en els municipis valencians, per a dinamitzar el turisme local durant tot l&#8217;any.<\/p>\n\n\n\n<figure class=\"wp-block-image size-large\"><img loading=\"lazy\" decoding=\"async\" width=\"1024\" height=\"683\" src=\"https:\/\/www.tucomarca.com\/wordpress\/segunda\/wp-content\/uploads\/2024\/08\/Tomatina-1024x683.jpeg\" alt=\"\" class=\"wp-image-234513\" srcset=\"https:\/\/tucomarca.whitekongsoftware.com\/wp-content\/uploads\/2024\/08\/Tomatina-1024x683.jpeg 1024w, https:\/\/tucomarca.whitekongsoftware.com\/wp-content\/uploads\/2024\/08\/Tomatina-300x200.jpeg 300w, https:\/\/tucomarca.whitekongsoftware.com\/wp-content\/uploads\/2024\/08\/Tomatina-768x512.jpeg 768w, https:\/\/tucomarca.whitekongsoftware.com\/wp-content\/uploads\/2024\/08\/Tomatina-1536x1024.jpeg 1536w, https:\/\/tucomarca.whitekongsoftware.com\/wp-content\/uploads\/2024\/08\/Tomatina-2048x1366.jpeg 2048w\" sizes=\"auto, (max-width: 1024px) 100vw, 1024px\" \/><\/figure>\n","protected":false},"excerpt":{"rendered":"<div class=\"mh-excerpt\">Vicent Momp\u00f3 participa en la celebraci\u00f3 de la \u201cedici\u00f3 m\u00e9s valenciana de la festa\u201d, amb 120.000 kg de tomaca provinents de la comarca de l&#8217;Horta Sud sufragats amb una ajuda de 60.000 euros de la <a class=\"mh-excerpt-more\" href=\"https:\/\/tucomarca.whitekongsoftware.com\/ca\/el-president-mompo-anuncia-que-la-diputacio-de-valencia-continuara-recolzant-la-tomatina-de-bunyol-amb-productes-quilometre-zero\/\" title=\"El president Momp\u00f3 anuncia que la Diputaci\u00f3 de Val\u00e8ncia continuar\u00e0 recolzant la Tomatina de Bunyol amb productes quil\u00f2metre zero\">[+] <\/a><\/div>\n","protected":false},"author":13,"featured_media":234512,"comment_status":"open","ping_status":"open","sticky":false,"template":"","format":"image","meta":{"footnotes":""},"categories":[10911,10898,10894,10904,10912,11004,11007,11008],"tags":[11199,21009,21108,18825],"class_list":["post-234516","post","type-post","status-publish","format-image","has-post-thumbnail","category-bunol-ca","category-ventana-ca","category-la-comarca-ca","category-sin-categorizar-ca","category-la-hoya-ca","category-la-semana-en-imagenes-ca","category-ocio-y-cultura-ca","category-pueblos-en-fiestas-ca","tag-la-comunitat-ca","tag-la-diputacio-de-valencia-ca","tag-la-diputacio-en-las-comarcas-ca","tag-vicent-mompo-ca","post_format-post-format-image"],"_links":{"self":[{"href":"https:\/\/tucomarca.whitekongsoftware.com\/ca\/wp-json\/wp\/v2\/posts\/234516","targetHints":{"allow":["GET"]}}],"collection":[{"href":"https:\/\/tucomarca.whitekongsoftware.com\/ca\/wp-json\/wp\/v2\/posts"}],"about":[{"href":"https:\/\/tucomarca.whitekongsoftware.com\/ca\/wp-json\/wp\/v2\/types\/post"}],"author":[{"embeddable":true,"href":"https:\/\/tucomarca.whitekongsoftware.com\/ca\/wp-json\/wp\/v2\/users\/13"}],"replies":[{"embeddable":true,"href":"https:\/\/tucomarca.whitekongsoftware.com\/ca\/wp-json\/wp\/v2\/comments?post=234516"}],"version-history":[{"count":0,"href":"https:\/\/tucomarca.whitekongsoftware.com\/ca\/wp-json\/wp\/v2\/posts\/234516\/revisions"}],"wp:featuredmedia":[{"embeddable":true,"href":"https:\/\/tucomarca.whitekongsoftware.com\/ca\/wp-json\/wp\/v2\/media\/234512"}],"wp:attachment":[{"href":"https:\/\/tucomarca.whitekongsoftware.com\/ca\/wp-json\/wp\/v2\/media?parent=234516"}],"wp:term":[{"taxonomy":"category","embeddable":true,"href":"https:\/\/tucomarca.whitekongsoftware.com\/ca\/wp-json\/wp\/v2\/categories?post=234516"},{"taxonomy":"post_tag","embeddable":true,"href":"https:\/\/tucomarca.whitekongsoftware.com\/ca\/wp-json\/wp\/v2\/tags?post=234516"}],"curies":[{"name":"wp","href":"https:\/\/api.w.org\/{rel}","templated":true}]}}