{"id":234179,"date":"2024-08-26T10:00:00","date_gmt":"2024-08-26T08:00:00","guid":{"rendered":"https:\/\/www.tucomarca.com\/wordpress\/segunda\/?p=234179"},"modified":"2024-08-26T14:29:06","modified_gmt":"2024-08-26T12:29:06","slug":"lajuntament-treballa-en-la-posada-a-punt-del-centre-esportiu-hidrotermal-de-benaguasil-de-cara-a-la-nova-temporada","status":"publish","type":"post","link":"https:\/\/tucomarca.whitekongsoftware.com\/ca\/lajuntament-treballa-en-la-posada-a-punt-del-centre-esportiu-hidrotermal-de-benaguasil-de-cara-a-la-nova-temporada\/","title":{"rendered":"L&#8217;Ajuntament treballa en la posada a punt del Centre Esportiu Hidrotermal de Benaguasil de cara a la nova temporada"},"content":{"rendered":"\n<h3 class=\"wp-block-heading\"><strong>Les actuacions s&#8217;han centrat en la rejuntada dels gots de les piscines i l&#8217;spa, adequaci\u00f3 i sanejament del circuit d&#8217;aig\u00fces, treballs de pintura i millores en els vestuaris, adquisici\u00f3 de nova maquin\u00e0ria i canvi de llumin\u00e0ries en el p\u00e0rquing.<\/strong><\/h3>\n\n\n\n<h3 class=\"wp-block-heading\"><strong>La instal\u00b7laci\u00f3 tornar\u00e0 a obrir les seues portes a partir de setembre.<\/strong><\/h3>\n\n\n\n<p class=\"wp-block-paragraph\">L&#8217;Ajuntament de Benaguasil ha aprofitat la parada t\u00e8cnica que es realitza a l&#8217;agost en el Centre Esportiu Hidrotermal per a efectuar una s\u00e8rie de tasques de posada a punt i millora de cara a la seua obertura al setembre. Aix\u00ed doncs, s&#8217;ha procedit al buidatge i neteja dels gots i abordat labors d&#8217;impermeabilitzaci\u00f3 i rejuntada. Aix\u00ed mateix s&#8217;ha dut a terme l&#8217;adequaci\u00f3 i sanejament del circuit d&#8217;aig\u00fces i el reajunte del gresite del spa.<\/p>\n\n\n\n<p class=\"wp-block-paragraph\">Tots eixos treballs s&#8217;estan completant amb labors de manteniment habituals, entre les quals s&#8217;inclouen treballs de pintura i adequaci\u00f3 de les sales, millores en els vestuaris, revisi\u00f3 de les m\u00e0quines del gimn\u00e0s i adquisici\u00f3 de nova maquin\u00e0ria per a la sala de musculaci\u00f3 i canvi de llumin\u00e0ries en el p\u00e0rquing i voltants a llums led amb la finalitat de continuar avan\u00e7ant en l&#8217;efici\u00e8ncia energ\u00e8tica.<\/p>\n\n\n\n<p class=\"wp-block-paragraph\">El regidor d&#8217;Esports, Rub\u00e9n Araque, ha explicat que \u201caprofitem aquesta parada estival per a posar a punt les instal\u00b7lacions i que aquestes estiguen en perfectes condicions per al seu \u00fas de cara a l&#8217;inici de la pr\u00f2xima temporada\u201d. Rub\u00e9n ha recordat que la parada t\u00e8cnica respon a la necessitat de \u201cavaluar i revisar tota la instal\u00b7laci\u00f3 aix\u00ed com examinar el funcionament d&#8217;aquest complex que di\u00e0riament suporta l&#8217;\u00fas de centenars de persones\u201d.<\/p>\n\n\n\n<p class=\"wp-block-paragraph\">Aix\u00ed mateix l&#8217;edil ha assenyalat que \u201cdes de l&#8217;Ajuntament, a trav\u00e9s de l&#8217;\u00e0rea d&#8217;Esports, s&#8217;est\u00e0 realitzant una important labor, no sols amb el manteniment que es fa de les diferents instal\u00b7lacions esportives sin\u00f3 amb les millores que es realitzen en les acarones tot l&#8217;any, complint aix\u00ed amb les expectatives que ens marquem perqu\u00e8 la qualitat siga una constant en l&#8217;esport en el nostre municipi\u201d.<\/p>\n\n\n\n<p class=\"wp-block-paragraph\">Despr\u00e9s de l&#8217;aturada vacacional, el CDH obrir\u00e0 les seues portes el pr\u00f2xim 2 de setembre en el seu horari habitual.<\/p>\n\n\n\n<figure class=\"wp-block-image size-large\"><img loading=\"lazy\" decoding=\"async\" width=\"1024\" height=\"768\" src=\"https:\/\/www.tucomarca.com\/wordpress\/segunda\/wp-content\/uploads\/2024\/08\/spa-1024x768.jpeg\" alt=\"\" class=\"wp-image-234176\" srcset=\"https:\/\/tucomarca.whitekongsoftware.com\/wp-content\/uploads\/2024\/08\/spa-1024x768.jpeg 1024w, https:\/\/tucomarca.whitekongsoftware.com\/wp-content\/uploads\/2024\/08\/spa-300x225.jpeg 300w, https:\/\/tucomarca.whitekongsoftware.com\/wp-content\/uploads\/2024\/08\/spa-768x576.jpeg 768w, https:\/\/tucomarca.whitekongsoftware.com\/wp-content\/uploads\/2024\/08\/spa-678x509.jpeg 678w, https:\/\/tucomarca.whitekongsoftware.com\/wp-content\/uploads\/2024\/08\/spa-326x245.jpeg 326w, https:\/\/tucomarca.whitekongsoftware.com\/wp-content\/uploads\/2024\/08\/spa-80x60.jpeg 80w, https:\/\/tucomarca.whitekongsoftware.com\/wp-content\/uploads\/2024\/08\/spa.jpeg 1280w\" sizes=\"auto, (max-width: 1024px) 100vw, 1024px\" \/><\/figure>\n","protected":false},"excerpt":{"rendered":"<div class=\"mh-excerpt\">Les actuacions s&#8217;han centrat en la rejuntada dels gots de les piscines i l&#8217;spa, adequaci\u00f3 i sanejament del circuit d&#8217;aig\u00fces, treballs de pintura i millores en els vestuaris, adquisici\u00f3 de nova maquin\u00e0ria i canvi de <a class=\"mh-excerpt-more\" href=\"https:\/\/tucomarca.whitekongsoftware.com\/ca\/lajuntament-treballa-en-la-posada-a-punt-del-centre-esportiu-hidrotermal-de-benaguasil-de-cara-a-la-nova-temporada\/\" title=\"L&#8217;Ajuntament treballa en la posada a punt del Centre Esportiu Hidrotermal de Benaguasil de cara a la nova temporada\">[+] <\/a><\/div>\n","protected":false},"author":13,"featured_media":234175,"comment_status":"open","ping_status":"open","sticky":false,"template":"","format":"standard","meta":{"footnotes":""},"categories":[10952,10892,10948,10894,10896],"tags":[11136,10899,12903],"class_list":["post-234179","post","type-post","status-publish","format-standard","has-post-thumbnail","category-benaguasil-ca","category-camp-de-turia-ca","category-infraestructuras-ca","category-la-comarca-ca","category-seccion-ca","tag-benaguasil-ca","tag-camp-de-turia-ca","tag-infraestructuras-ca"],"_links":{"self":[{"href":"https:\/\/tucomarca.whitekongsoftware.com\/ca\/wp-json\/wp\/v2\/posts\/234179","targetHints":{"allow":["GET"]}}],"collection":[{"href":"https:\/\/tucomarca.whitekongsoftware.com\/ca\/wp-json\/wp\/v2\/posts"}],"about":[{"href":"https:\/\/tucomarca.whitekongsoftware.com\/ca\/wp-json\/wp\/v2\/types\/post"}],"author":[{"embeddable":true,"href":"https:\/\/tucomarca.whitekongsoftware.com\/ca\/wp-json\/wp\/v2\/users\/13"}],"replies":[{"embeddable":true,"href":"https:\/\/tucomarca.whitekongsoftware.com\/ca\/wp-json\/wp\/v2\/comments?post=234179"}],"version-history":[{"count":0,"href":"https:\/\/tucomarca.whitekongsoftware.com\/ca\/wp-json\/wp\/v2\/posts\/234179\/revisions"}],"wp:featuredmedia":[{"embeddable":true,"href":"https:\/\/tucomarca.whitekongsoftware.com\/ca\/wp-json\/wp\/v2\/media\/234175"}],"wp:attachment":[{"href":"https:\/\/tucomarca.whitekongsoftware.com\/ca\/wp-json\/wp\/v2\/media?parent=234179"}],"wp:term":[{"taxonomy":"category","embeddable":true,"href":"https:\/\/tucomarca.whitekongsoftware.com\/ca\/wp-json\/wp\/v2\/categories?post=234179"},{"taxonomy":"post_tag","embeddable":true,"href":"https:\/\/tucomarca.whitekongsoftware.com\/ca\/wp-json\/wp\/v2\/tags?post=234179"}],"curies":[{"name":"wp","href":"https:\/\/api.w.org\/{rel}","templated":true}]}}