{"id":233757,"date":"2024-08-23T09:00:00","date_gmt":"2024-08-23T07:00:00","guid":{"rendered":"https:\/\/www.tucomarca.com\/wordpress\/segunda\/?p=233757"},"modified":"2024-08-23T13:54:30","modified_gmt":"2024-08-23T11:54:30","slug":"el-ivcri-estudia-el-jaciment-del-ato-de-les-picarazas-dandilla-el-mes-antic-de-la-peninsula-iberica","status":"publish","type":"post","link":"https:\/\/tucomarca.whitekongsoftware.com\/ca\/el-ivcri-estudia-el-jaciment-del-ato-de-les-picarazas-dandilla-el-mes-antic-de-la-peninsula-iberica\/","title":{"rendered":"El IVCR+i estudia el jaciment del Ato de les Picarazas d&#8217;Andilla, el m\u00e9s antic de la Pen\u00ednsula Ib\u00e8rica"},"content":{"rendered":"\n<h3 class=\"wp-block-heading\">\u00c9s un dels jaciments amb pres\u00e8ncia humana m\u00e9s antics d&#8217;Europa.<\/h3>\n\n\n\n<h3 class=\"wp-block-heading\">S&#8217;estudiar\u00e0 la seq\u00fc\u00e8ncia pol\u00b7l\u00ednica per a reconstruir el paisatge vegetal del jaciment.<\/h3>\n\n\n\n<p class=\"wp-block-paragraph\">Personal t\u00e8cnic del Institut Valenci\u00e0 de Conservaci\u00f3, Restauraci\u00f3 i Investigaci\u00f3 (IVCR+i), organisme dependent de la Conselleria d&#8217;Educaci\u00f3, Cultura, Universitats i Ocupaci\u00f3, ha presentat en l&#8217;\u00faltim Congr\u00e9s Internacional EZI 2024, celebrat a Barcelona, l&#8217;estudi de la seq\u00fc\u00e8ncia bioestratigr\u00e0fica del jaciment del Ato de les Picarazas.<\/p>\n\n\n\n<p class=\"wp-block-paragraph\">Aquest jaciment es troba en la Serra de Alcotas, a Andilla, i \u00e9s un dels jaciments amb pres\u00e8ncia humana m\u00e9s antics d&#8217;Europa. Va ser descobert l&#8217;any 2007 a conseq\u00fc\u00e8ncia de la construcci\u00f3 d&#8217;un parc e\u00f2lic.&nbsp;<\/p>\n\n\n\n<p class=\"wp-block-paragraph\">Les campanyes d&#8217;excavaci\u00f3 realitzades pel IVCR+i des de l&#8217;any 2013 han aportat abundant informaci\u00f3 sobre la primera pres\u00e8ncia humana a Europa.<\/p>\n\n\n\n<p class=\"wp-block-paragraph\">El jaciment \u00e9s una cavitat reblida per sediments en una \u00e0mplia seq\u00fc\u00e8ncia de sis metres de gross\u00e0ria, que inclou diferents nivells amb evid\u00e8ncies de pres\u00e8ncia humana, com a eines realitzades en s\u00edlex, quarsita i calc\u00e0ria, a m\u00e9s de nombroses restes \u00f2ssies de fauna antiga, com a cavalls, rinoceronts, c\u00e9rvidos i bous moscats. Molts d&#8217;aquestes restes conserven marques de carnisseria produ\u00efdes pels hom\u00ednids en el processament de les preses per al consum de la seua carn.<\/p>\n\n\n\n<p class=\"wp-block-paragraph\">L&#8217;estudi de la comunitat de rosegadors f\u00f2ssils, i especialment la pres\u00e8ncia de l&#8217;esp\u00e8cie Allophaiomys ruffoi, suggereix que el nivell inferior del jaciment t\u00e9 una antiguitat de 1,5 milions d&#8217;anys, data corroborada per les datacions absolutes obtingudes mitjan\u00e7ant la t\u00e8cnica de ESR.<\/p>\n\n\n\n<p class=\"wp-block-paragraph\">Per tant, l&#8217;Alt de les Picarazas \u00e9s el jaciment amb pres\u00e8ncia humana m\u00e9s antic de la Pen\u00ednsula Ib\u00e8rica, anterior als jaciments de Orce, com Barranco Le\u00f3n i Font Nova o a Avenc de l&#8217;Elefant a Atapuerca.<\/p>\n\n\n\n<p class=\"wp-block-paragraph\">Els futurs treballs que es tenen previstos realitzar en el jaciment en els pr\u00f2xims mesos tenen per objecte l&#8217;obtenci\u00f3 d&#8217;una seq\u00fc\u00e8ncia pol\u00b7l\u00ednica per a reconstruir el paisatge vegetal del jaciment en els temps en els quals els primers hom\u00ednids van arribar a la Pen\u00ednsula Ib\u00e8rica.<\/p>\n\n\n\n<figure class=\"wp-block-image size-large\"><img loading=\"lazy\" decoding=\"async\" width=\"1024\" height=\"732\" src=\"http:\/\/www.tucomarca.com\/wordpress\/segunda\/wp-content\/uploads\/2024\/08\/AndillaYacimiento-1024x732.jpg\" alt=\"\" class=\"wp-image-233792\" srcset=\"https:\/\/tucomarca.whitekongsoftware.com\/wp-content\/uploads\/2024\/08\/AndillaYacimiento-1024x732.jpg 1024w, https:\/\/tucomarca.whitekongsoftware.com\/wp-content\/uploads\/2024\/08\/AndillaYacimiento-300x214.jpg 300w, https:\/\/tucomarca.whitekongsoftware.com\/wp-content\/uploads\/2024\/08\/AndillaYacimiento-768x549.jpg 768w, https:\/\/tucomarca.whitekongsoftware.com\/wp-content\/uploads\/2024\/08\/AndillaYacimiento.jpg 1181w\" sizes=\"auto, (max-width: 1024px) 100vw, 1024px\" \/><\/figure>\n","protected":false},"excerpt":{"rendered":"<div class=\"mh-excerpt\">\u00c9s un dels jaciments amb pres\u00e8ncia humana m\u00e9s antics d&#8217;Europa. S&#8217;estudiar\u00e0 la seq\u00fc\u00e8ncia pol\u00b7l\u00ednica per a reconstruir el paisatge vegetal del jaciment. Personal t\u00e8cnic del Institut Valenci\u00e0 de Conservaci\u00f3, Restauraci\u00f3 i Investigaci\u00f3 (IVCR+i), organisme dependent <a class=\"mh-excerpt-more\" href=\"https:\/\/tucomarca.whitekongsoftware.com\/ca\/el-ivcri-estudia-el-jaciment-del-ato-de-les-picarazas-dandilla-el-mes-antic-de-la-peninsula-iberica\/\" title=\"El IVCR+i estudia el jaciment del Ato de les Picarazas d&#8217;Andilla, el m\u00e9s antic de la Pen\u00ednsula Ib\u00e8rica\">[+] <\/a><\/div>\n","protected":false},"author":13,"featured_media":233796,"comment_status":"open","ping_status":"open","sticky":false,"template":"","format":"standard","meta":{"footnotes":""},"categories":[11043,11046,10898,10948,10894,10904,11007,10896],"tags":[11188,12903,11080,15856],"class_list":["post-233757","post","type-post","status-publish","format-standard","has-post-thumbnail","category-andilla-ca","category-los-serranos-ca","category-ventana-ca","category-infraestructuras-ca","category-la-comarca-ca","category-sin-categorizar-ca","category-ocio-y-cultura-ca","category-seccion-ca","tag-andilla-ca","tag-infraestructuras-ca","tag-los-serranos-ca","tag-ocio-y-cultura-ca"],"_links":{"self":[{"href":"https:\/\/tucomarca.whitekongsoftware.com\/ca\/wp-json\/wp\/v2\/posts\/233757","targetHints":{"allow":["GET"]}}],"collection":[{"href":"https:\/\/tucomarca.whitekongsoftware.com\/ca\/wp-json\/wp\/v2\/posts"}],"about":[{"href":"https:\/\/tucomarca.whitekongsoftware.com\/ca\/wp-json\/wp\/v2\/types\/post"}],"author":[{"embeddable":true,"href":"https:\/\/tucomarca.whitekongsoftware.com\/ca\/wp-json\/wp\/v2\/users\/13"}],"replies":[{"embeddable":true,"href":"https:\/\/tucomarca.whitekongsoftware.com\/ca\/wp-json\/wp\/v2\/comments?post=233757"}],"version-history":[{"count":0,"href":"https:\/\/tucomarca.whitekongsoftware.com\/ca\/wp-json\/wp\/v2\/posts\/233757\/revisions"}],"wp:featuredmedia":[{"embeddable":true,"href":"https:\/\/tucomarca.whitekongsoftware.com\/ca\/wp-json\/wp\/v2\/media\/233796"}],"wp:attachment":[{"href":"https:\/\/tucomarca.whitekongsoftware.com\/ca\/wp-json\/wp\/v2\/media?parent=233757"}],"wp:term":[{"taxonomy":"category","embeddable":true,"href":"https:\/\/tucomarca.whitekongsoftware.com\/ca\/wp-json\/wp\/v2\/categories?post=233757"},{"taxonomy":"post_tag","embeddable":true,"href":"https:\/\/tucomarca.whitekongsoftware.com\/ca\/wp-json\/wp\/v2\/tags?post=233757"}],"curies":[{"name":"wp","href":"https:\/\/api.w.org\/{rel}","templated":true}]}}