{"id":233671,"date":"2024-08-22T09:50:00","date_gmt":"2024-08-22T07:50:00","guid":{"rendered":"https:\/\/www.tucomarca.com\/wordpress\/segunda\/?p=233671"},"modified":"2024-08-22T13:41:02","modified_gmt":"2024-08-22T11:41:02","slug":"aquest-cap-de-setmana-utiel-recrea-lepica-batalla-del-tollo-en-un-recorregut-itinerant-per-la-ciutat-com-a-novetat","status":"publish","type":"post","link":"https:\/\/tucomarca.whitekongsoftware.com\/ca\/aquest-cap-de-setmana-utiel-recrea-lepica-batalla-del-tollo-en-un-recorregut-itinerant-per-la-ciutat-com-a-novetat\/","title":{"rendered":"Aquest cap de setmana Utiel recrea l&#8217;\u00e8pica Batalla del Tollo en un recorregut itinerant per la ciutat com a novetat"},"content":{"rendered":"\n<p class=\"wp-block-paragraph\"><strong>El dissabte 24 d&#8217;agost, de 20.30 a 22.30 hores, se celebrar\u00e0 la recreaci\u00f3 de la batalla en diferents punts del centre hist\u00f2ric i principals places d&#8217;Utiel<\/strong>.<\/p>\n\n\n\n<p class=\"wp-block-paragraph\">Aquest cap de setmana ve\u00efns i visitants viatjaran en el temps per a rememorar una etapa determinant en la hist\u00f2ria d&#8217;Utiel, la Guerra de la Independ\u00e8ncia i la Batalla del Tollo de 1812.<\/p>\n\n\n\n<p class=\"wp-block-paragraph\">L&#8217;Associaci\u00f3 Hist\u00f2ric Cultural Herois del Tollo organitza des de l&#8217;any 2017 les c\u00e8lebres Jornades Commemoratives Acci\u00f3 d&#8217;Utiel i en la seua 8a edici\u00f3 suma al programa habitual d&#8217;activitats, algunes novetats, com la modificaci\u00f3 d&#8217;horari i ubicaci\u00f3 de l&#8217;\u00e8pica Batalla del Tollo.<\/p>\n\n\n\n<p class=\"wp-block-paragraph\">Aix\u00ed, la batalla nocturna es trasllada&nbsp;a la #vesprada del dissabte a partir de les 20.30 hores&nbsp; i ser\u00e0 intinerante ja que es recrearan diverses escenes en les principals places d&#8217;Utiel per a transportar a un&nbsp; major nombre de ve\u00efns i visitants aquest transcendental per\u00edode de la hist\u00f2ria d&#8217;Utiel.<\/p>\n\n\n\n<p class=\"wp-block-paragraph\">Dues hores d&#8217;hist\u00f2ria&nbsp; viva, per a con\u00e9ixer de primera m\u00e0 el que es va viure a Utiel des de febrer de 1811 fins a agost de 1812 amb el 25 d&#8217;agost com a data clau, en la qual tenia lloc l&#8217;\u00e8pica Batalla del Tollo amb el enfrentameinto de les tropes franceses (comandades pel general Louis Joseph Maupoint) contra les tropes espanyoles, que estaven el comandament del general Pedro Villacampa.&nbsp;<\/p>\n\n\n\n<p class=\"wp-block-paragraph\">P\u00f3lvora, enfrontaments, escaramusses, desfilades, mercat d&#8217;artesans, jocs de l&#8217;\u00e8poca Napole\u00f2nica, concurs de avancarga, i la recreaci\u00f3 de la vida quotidiana d&#8217;aquest per\u00edode del segle XIX omplir\u00e0 els carrers d&#8217;Utiel d&#8217;hist\u00f2ria viva.<\/p>\n\n\n\n<figure class=\"wp-block-gallery has-nested-images columns-default is-cropped wp-block-gallery-1 is-layout-flex wp-block-gallery-is-layout-flex\">\n<figure class=\"wp-block-image size-large\"><img loading=\"lazy\" decoding=\"async\" width=\"1024\" height=\"713\" data-id=\"233661\" src=\"https:\/\/www.tucomarca.com\/wordpress\/segunda\/wp-content\/uploads\/2024\/08\/UtielBatallaDelTollo1-1024x713.jpg\" alt=\"\" class=\"wp-image-233661\" srcset=\"https:\/\/tucomarca.whitekongsoftware.com\/wp-content\/uploads\/2024\/08\/UtielBatallaDelTollo1-1024x713.jpg 1024w, https:\/\/tucomarca.whitekongsoftware.com\/wp-content\/uploads\/2024\/08\/UtielBatallaDelTollo1-300x209.jpg 300w, https:\/\/tucomarca.whitekongsoftware.com\/wp-content\/uploads\/2024\/08\/UtielBatallaDelTollo1-768x535.jpg 768w, https:\/\/tucomarca.whitekongsoftware.com\/wp-content\/uploads\/2024\/08\/UtielBatallaDelTollo1-1536x1070.jpg 1536w, https:\/\/tucomarca.whitekongsoftware.com\/wp-content\/uploads\/2024\/08\/UtielBatallaDelTollo1.jpg 2034w\" sizes=\"auto, (max-width: 1024px) 100vw, 1024px\" \/><\/figure>\n\n\n\n<figure class=\"wp-block-image size-large\"><img loading=\"lazy\" decoding=\"async\" width=\"800\" height=\"590\" data-id=\"233665\" src=\"https:\/\/www.tucomarca.com\/wordpress\/segunda\/wp-content\/uploads\/2024\/08\/UtielBatallaDelTollo3.jpg\" alt=\"\" class=\"wp-image-233665\" srcset=\"https:\/\/tucomarca.whitekongsoftware.com\/wp-content\/uploads\/2024\/08\/UtielBatallaDelTollo3.jpg 800w, https:\/\/tucomarca.whitekongsoftware.com\/wp-content\/uploads\/2024\/08\/UtielBatallaDelTollo3-300x221.jpg 300w, https:\/\/tucomarca.whitekongsoftware.com\/wp-content\/uploads\/2024\/08\/UtielBatallaDelTollo3-768x566.jpg 768w, https:\/\/tucomarca.whitekongsoftware.com\/wp-content\/uploads\/2024\/08\/UtielBatallaDelTollo3-80x60.jpg 80w\" sizes=\"auto, (max-width: 800px) 100vw, 800px\" \/><\/figure>\n\n\n\n<figure class=\"wp-block-image size-large\"><img loading=\"lazy\" decoding=\"async\" width=\"724\" height=\"1024\" data-id=\"233668\" src=\"https:\/\/www.tucomarca.com\/wordpress\/segunda\/wp-content\/uploads\/2024\/08\/UtielBatallaDelTollo4-724x1024.jpg\" alt=\"\" class=\"wp-image-233668\" srcset=\"https:\/\/tucomarca.whitekongsoftware.com\/wp-content\/uploads\/2024\/08\/UtielBatallaDelTollo4-724x1024.jpg 724w, https:\/\/tucomarca.whitekongsoftware.com\/wp-content\/uploads\/2024\/08\/UtielBatallaDelTollo4-212x300.jpg 212w, https:\/\/tucomarca.whitekongsoftware.com\/wp-content\/uploads\/2024\/08\/UtielBatallaDelTollo4-768x1086.jpg 768w, https:\/\/tucomarca.whitekongsoftware.com\/wp-content\/uploads\/2024\/08\/UtielBatallaDelTollo4-1086x1536.jpg 1086w, https:\/\/tucomarca.whitekongsoftware.com\/wp-content\/uploads\/2024\/08\/UtielBatallaDelTollo4-1448x2048.jpg 1448w, https:\/\/tucomarca.whitekongsoftware.com\/wp-content\/uploads\/2024\/08\/UtielBatallaDelTollo4-scaled.jpg 1810w\" sizes=\"auto, (max-width: 724px) 100vw, 724px\" \/><\/figure>\n<\/figure>\n","protected":false},"excerpt":{"rendered":"<div class=\"mh-excerpt\">El dissabte 24 d&#8217;agost, de 20.30 a 22.30 hores, se celebrar\u00e0 la recreaci\u00f3 de la batalla en diferents punts del centre hist\u00f2ric i principals places d&#8217;Utiel. Aquest cap de setmana ve\u00efns i visitants viatjaran en <a class=\"mh-excerpt-more\" href=\"https:\/\/tucomarca.whitekongsoftware.com\/ca\/aquest-cap-de-setmana-utiel-recrea-lepica-batalla-del-tollo-en-un-recorregut-itinerant-per-la-ciutat-com-a-novetat\/\" title=\"Aquest cap de setmana Utiel recrea l&#8217;\u00e8pica Batalla del Tollo en un recorregut itinerant per la ciutat com a novetat\">[+] <\/a><\/div>\n","protected":false},"author":13,"featured_media":233664,"comment_status":"open","ping_status":"open","sticky":false,"template":"","format":"gallery","meta":{"footnotes":""},"categories":[11019,10894,11007,10909,10896,11059],"tags":[15856,10910,11174],"class_list":["post-233671","post","type-post","status-publish","format-gallery","has-post-thumbnail","category-agenda-ca","category-la-comarca-ca","category-ocio-y-cultura-ca","category-requena-utiel-ca","category-seccion-ca","category-utiel-ca","tag-ocio-y-cultura-ca","tag-requena-utiel-ca","tag-utiel-ca","post_format-post-format-gallery"],"_links":{"self":[{"href":"https:\/\/tucomarca.whitekongsoftware.com\/ca\/wp-json\/wp\/v2\/posts\/233671","targetHints":{"allow":["GET"]}}],"collection":[{"href":"https:\/\/tucomarca.whitekongsoftware.com\/ca\/wp-json\/wp\/v2\/posts"}],"about":[{"href":"https:\/\/tucomarca.whitekongsoftware.com\/ca\/wp-json\/wp\/v2\/types\/post"}],"author":[{"embeddable":true,"href":"https:\/\/tucomarca.whitekongsoftware.com\/ca\/wp-json\/wp\/v2\/users\/13"}],"replies":[{"embeddable":true,"href":"https:\/\/tucomarca.whitekongsoftware.com\/ca\/wp-json\/wp\/v2\/comments?post=233671"}],"version-history":[{"count":0,"href":"https:\/\/tucomarca.whitekongsoftware.com\/ca\/wp-json\/wp\/v2\/posts\/233671\/revisions"}],"wp:featuredmedia":[{"embeddable":true,"href":"https:\/\/tucomarca.whitekongsoftware.com\/ca\/wp-json\/wp\/v2\/media\/233664"}],"wp:attachment":[{"href":"https:\/\/tucomarca.whitekongsoftware.com\/ca\/wp-json\/wp\/v2\/media?parent=233671"}],"wp:term":[{"taxonomy":"category","embeddable":true,"href":"https:\/\/tucomarca.whitekongsoftware.com\/ca\/wp-json\/wp\/v2\/categories?post=233671"},{"taxonomy":"post_tag","embeddable":true,"href":"https:\/\/tucomarca.whitekongsoftware.com\/ca\/wp-json\/wp\/v2\/tags?post=233671"}],"curies":[{"name":"wp","href":"https:\/\/api.w.org\/{rel}","templated":true}]}}