{"id":233657,"date":"2024-08-22T11:15:00","date_gmt":"2024-08-22T09:15:00","guid":{"rendered":"https:\/\/www.tucomarca.com\/wordpress\/segunda\/?p=233657"},"modified":"2024-08-22T13:45:01","modified_gmt":"2024-08-22T11:45:01","slug":"fotogaleria-setaigues-reuneix-lelit-de-latletisme-en-la-seua-43-edicio-del-gran-fons-internacional","status":"publish","type":"post","link":"https:\/\/tucomarca.whitekongsoftware.com\/ca\/fotogaleria-setaigues-reuneix-lelit-de-latletisme-en-la-seua-43-edicio-del-gran-fons-internacional\/","title":{"rendered":"Fotogaler\u00eda: Setaig\u00fces reuneix l&#8217;elit de l&#8217;atletisme en la seua 43 edici\u00f3 del Gran Fons Internacional"},"content":{"rendered":"\n<p class=\"wp-block-paragraph\">La 43 edici\u00f3 del Gran Fons Internacional de Setaig\u00fces, una de les carreres m\u00e9s destacades del calendari atl\u00e8tic a la Comunitat Valenciana, celebrada dissabte passat, 17 d&#8217;agost, ha reunit l&#8217;elit de l&#8217;atletisme. M\u00e9s de 800 corredors es van enfrontar a una prova reconeguda per la seua duresa, degut tant a la intensa calor com a les nombroses costes que caracteritzen el seu recorregut.<\/p>\n\n\n\n<p class=\"wp-block-paragraph\">Aquesta carrera, consolidada com un esdeveniment d&#8217;alt nivell organitzatiu i gran ambient, s&#8217;ha convertit en un referent per a corredors tant nacionals com internacionals. El tra\u00e7at, de 15,1 quil\u00f2metres, discorre en gran part pel nucli urb\u00e0 de Setaig\u00fces, on aproximadament 30.000 espectadors es van congregar per a animar i fer costat als participants.<\/p>\n\n\n\n<p class=\"wp-block-paragraph\">L&#8217;esdeveniment d&#8217;enguany va comptar amb la pres\u00e8ncia de figures d&#8217;elit de l&#8217;atletisme com Abel Ant\u00f3n, Mart\u00edn Fiz, qui va haver de retirar-se a causa de mol\u00e8sties en el tend\u00f3, i Luis F\u00e9lix Mart\u00ednez. La reuni\u00f3 d&#8217;aquests atletes, 24 anys despr\u00e9s de les seues primeres coincid\u00e8ncies en la competici\u00f3, va afegir un toc especial a aquesta edici\u00f3.<\/p>\n\n\n\n<p class=\"wp-block-paragraph\">El Gran Fons Internacional de Setaig\u00fces forma part del Circuit de Carreras Populares de la Diputaci\u00f3 de Val\u00e8ncia, consolidant-se una vegada m\u00e9s com una cita ineludible per als amants de l&#8217;atletisme. L&#8217;organitzaci\u00f3, a c\u00e0rrec de l&#8217;Ajuntament de Setaig\u00fces, juntament amb la labor del speaker Tony Gil i la col\u00b7laboraci\u00f3 d&#8217;un nombr\u00f3s grup de voluntaris, va ser clau per a l&#8217;\u00e8xit d&#8217;aquesta emblem\u00e0tica carrera.<\/p>\n\n\n\n<p class=\"wp-block-paragraph\"><strong>Fotos: Paco Galarza.<\/strong><\/p>\n\n\n\n<figure class=\"wp-block-gallery has-nested-images columns-1 is-cropped wp-block-gallery-1 is-layout-flex wp-block-gallery-is-layout-flex\">\n<figure class=\"wp-block-image size-large\"><img loading=\"lazy\" decoding=\"async\" width=\"886\" height=\"591\" data-id=\"233640\" src=\"https:\/\/www.tucomarca.com\/wordpress\/segunda\/wp-content\/uploads\/2024\/08\/GranFondo7Aguas06.jpg\" alt=\"\" class=\"wp-image-233640\" srcset=\"https:\/\/tucomarca.whitekongsoftware.com\/wp-content\/uploads\/2024\/08\/GranFondo7Aguas06.jpg 886w, https:\/\/tucomarca.whitekongsoftware.com\/wp-content\/uploads\/2024\/08\/GranFondo7Aguas06-300x200.jpg 300w, https:\/\/tucomarca.whitekongsoftware.com\/wp-content\/uploads\/2024\/08\/GranFondo7Aguas06-768x512.jpg 768w\" sizes=\"auto, (max-width: 886px) 100vw, 886px\" \/><\/figure>\n\n\n\n<figure class=\"wp-block-image size-large\"><img loading=\"lazy\" decoding=\"async\" width=\"886\" height=\"591\" data-id=\"233626\" src=\"https:\/\/www.tucomarca.com\/wordpress\/segunda\/wp-content\/uploads\/2024\/08\/GranFondo7Aguas00.jpg\" alt=\"\" class=\"wp-image-233626\" srcset=\"https:\/\/tucomarca.whitekongsoftware.com\/wp-content\/uploads\/2024\/08\/GranFondo7Aguas00.jpg 886w, https:\/\/tucomarca.whitekongsoftware.com\/wp-content\/uploads\/2024\/08\/GranFondo7Aguas00-300x200.jpg 300w, https:\/\/tucomarca.whitekongsoftware.com\/wp-content\/uploads\/2024\/08\/GranFondo7Aguas00-768x512.jpg 768w\" sizes=\"auto, (max-width: 886px) 100vw, 886px\" \/><\/figure>\n\n\n\n<figure class=\"wp-block-image size-large\"><img loading=\"lazy\" decoding=\"async\" width=\"886\" height=\"591\" data-id=\"233634\" src=\"https:\/\/www.tucomarca.com\/wordpress\/segunda\/wp-content\/uploads\/2024\/08\/GranFondo7Aguas03.jpg\" alt=\"\" class=\"wp-image-233634\" srcset=\"https:\/\/tucomarca.whitekongsoftware.com\/wp-content\/uploads\/2024\/08\/GranFondo7Aguas03.jpg 886w, https:\/\/tucomarca.whitekongsoftware.com\/wp-content\/uploads\/2024\/08\/GranFondo7Aguas03-300x200.jpg 300w, https:\/\/tucomarca.whitekongsoftware.com\/wp-content\/uploads\/2024\/08\/GranFondo7Aguas03-768x512.jpg 768w\" sizes=\"auto, (max-width: 886px) 100vw, 886px\" \/><\/figure>\n\n\n\n<figure class=\"wp-block-image size-large\"><img loading=\"lazy\" decoding=\"async\" width=\"886\" height=\"591\" data-id=\"233630\" src=\"https:\/\/www.tucomarca.com\/wordpress\/segunda\/wp-content\/uploads\/2024\/08\/GranFondo7Aguas01.jpg\" alt=\"\" class=\"wp-image-233630\" srcset=\"https:\/\/tucomarca.whitekongsoftware.com\/wp-content\/uploads\/2024\/08\/GranFondo7Aguas01.jpg 886w, https:\/\/tucomarca.whitekongsoftware.com\/wp-content\/uploads\/2024\/08\/GranFondo7Aguas01-300x200.jpg 300w, https:\/\/tucomarca.whitekongsoftware.com\/wp-content\/uploads\/2024\/08\/GranFondo7Aguas01-768x512.jpg 768w\" sizes=\"auto, (max-width: 886px) 100vw, 886px\" \/><\/figure>\n\n\n\n<figure class=\"wp-block-image size-large\"><img loading=\"lazy\" decoding=\"async\" width=\"886\" height=\"591\" data-id=\"233642\" src=\"https:\/\/www.tucomarca.com\/wordpress\/segunda\/wp-content\/uploads\/2024\/08\/GranFondo7Aguas07.jpg\" alt=\"\" class=\"wp-image-233642\" srcset=\"https:\/\/tucomarca.whitekongsoftware.com\/wp-content\/uploads\/2024\/08\/GranFondo7Aguas07.jpg 886w, https:\/\/tucomarca.whitekongsoftware.com\/wp-content\/uploads\/2024\/08\/GranFondo7Aguas07-300x200.jpg 300w, https:\/\/tucomarca.whitekongsoftware.com\/wp-content\/uploads\/2024\/08\/GranFondo7Aguas07-768x512.jpg 768w\" sizes=\"auto, (max-width: 886px) 100vw, 886px\" \/><\/figure>\n\n\n\n<figure class=\"wp-block-image size-large\"><img loading=\"lazy\" decoding=\"async\" width=\"886\" height=\"591\" data-id=\"233636\" src=\"https:\/\/www.tucomarca.com\/wordpress\/segunda\/wp-content\/uploads\/2024\/08\/GranFondo7Aguas04.jpg\" alt=\"\" class=\"wp-image-233636\" srcset=\"https:\/\/tucomarca.whitekongsoftware.com\/wp-content\/uploads\/2024\/08\/GranFondo7Aguas04.jpg 886w, https:\/\/tucomarca.whitekongsoftware.com\/wp-content\/uploads\/2024\/08\/GranFondo7Aguas04-300x200.jpg 300w, https:\/\/tucomarca.whitekongsoftware.com\/wp-content\/uploads\/2024\/08\/GranFondo7Aguas04-768x512.jpg 768w\" sizes=\"auto, (max-width: 886px) 100vw, 886px\" \/><\/figure>\n\n\n\n<figure class=\"wp-block-image size-large\"><img loading=\"lazy\" decoding=\"async\" width=\"886\" height=\"591\" data-id=\"233632\" src=\"https:\/\/www.tucomarca.com\/wordpress\/segunda\/wp-content\/uploads\/2024\/08\/GranFondo7Aguas02.jpg\" alt=\"\" class=\"wp-image-233632\" srcset=\"https:\/\/tucomarca.whitekongsoftware.com\/wp-content\/uploads\/2024\/08\/GranFondo7Aguas02.jpg 886w, https:\/\/tucomarca.whitekongsoftware.com\/wp-content\/uploads\/2024\/08\/GranFondo7Aguas02-300x200.jpg 300w, https:\/\/tucomarca.whitekongsoftware.com\/wp-content\/uploads\/2024\/08\/GranFondo7Aguas02-768x512.jpg 768w\" sizes=\"auto, (max-width: 886px) 100vw, 886px\" \/><\/figure>\n\n\n\n<figure class=\"wp-block-image size-large\"><img loading=\"lazy\" decoding=\"async\" width=\"886\" height=\"591\" data-id=\"233638\" src=\"https:\/\/www.tucomarca.com\/wordpress\/segunda\/wp-content\/uploads\/2024\/08\/GranFondo7Aguas05.jpg\" alt=\"\" class=\"wp-image-233638\" srcset=\"https:\/\/tucomarca.whitekongsoftware.com\/wp-content\/uploads\/2024\/08\/GranFondo7Aguas05.jpg 886w, https:\/\/tucomarca.whitekongsoftware.com\/wp-content\/uploads\/2024\/08\/GranFondo7Aguas05-300x200.jpg 300w, https:\/\/tucomarca.whitekongsoftware.com\/wp-content\/uploads\/2024\/08\/GranFondo7Aguas05-768x512.jpg 768w\" sizes=\"auto, (max-width: 886px) 100vw, 886px\" \/><\/figure>\n\n\n\n<figure class=\"wp-block-image size-large\"><img loading=\"lazy\" decoding=\"async\" width=\"886\" height=\"591\" data-id=\"233644\" src=\"https:\/\/www.tucomarca.com\/wordpress\/segunda\/wp-content\/uploads\/2024\/08\/GranFondo7Aguas08.jpg\" alt=\"\" class=\"wp-image-233644\" srcset=\"https:\/\/tucomarca.whitekongsoftware.com\/wp-content\/uploads\/2024\/08\/GranFondo7Aguas08.jpg 886w, https:\/\/tucomarca.whitekongsoftware.com\/wp-content\/uploads\/2024\/08\/GranFondo7Aguas08-300x200.jpg 300w, https:\/\/tucomarca.whitekongsoftware.com\/wp-content\/uploads\/2024\/08\/GranFondo7Aguas08-768x512.jpg 768w\" sizes=\"auto, (max-width: 886px) 100vw, 886px\" \/><\/figure>\n\n\n\n<figure class=\"wp-block-image size-large\"><img loading=\"lazy\" decoding=\"async\" width=\"886\" height=\"591\" data-id=\"233646\" src=\"https:\/\/www.tucomarca.com\/wordpress\/segunda\/wp-content\/uploads\/2024\/08\/GranFondo7Aguas09.jpg\" alt=\"\" class=\"wp-image-233646\" srcset=\"https:\/\/tucomarca.whitekongsoftware.com\/wp-content\/uploads\/2024\/08\/GranFondo7Aguas09.jpg 886w, https:\/\/tucomarca.whitekongsoftware.com\/wp-content\/uploads\/2024\/08\/GranFondo7Aguas09-300x200.jpg 300w, https:\/\/tucomarca.whitekongsoftware.com\/wp-content\/uploads\/2024\/08\/GranFondo7Aguas09-768x512.jpg 768w\" sizes=\"auto, (max-width: 886px) 100vw, 886px\" \/><\/figure>\n\n\n\n<figure class=\"wp-block-image size-large\"><img loading=\"lazy\" decoding=\"async\" width=\"886\" height=\"591\" data-id=\"233648\" src=\"https:\/\/www.tucomarca.com\/wordpress\/segunda\/wp-content\/uploads\/2024\/08\/GranFondo7Aguas10.jpg\" alt=\"\" class=\"wp-image-233648\" srcset=\"https:\/\/tucomarca.whitekongsoftware.com\/wp-content\/uploads\/2024\/08\/GranFondo7Aguas10.jpg 886w, https:\/\/tucomarca.whitekongsoftware.com\/wp-content\/uploads\/2024\/08\/GranFondo7Aguas10-300x200.jpg 300w, https:\/\/tucomarca.whitekongsoftware.com\/wp-content\/uploads\/2024\/08\/GranFondo7Aguas10-768x512.jpg 768w\" sizes=\"auto, (max-width: 886px) 100vw, 886px\" \/><\/figure>\n\n\n\n<figure class=\"wp-block-image size-large\"><img loading=\"lazy\" decoding=\"async\" width=\"886\" height=\"590\" data-id=\"233650\" src=\"https:\/\/www.tucomarca.com\/wordpress\/segunda\/wp-content\/uploads\/2024\/08\/GranFondo7Aguas11.jpg\" alt=\"\" class=\"wp-image-233650\" srcset=\"https:\/\/tucomarca.whitekongsoftware.com\/wp-content\/uploads\/2024\/08\/GranFondo7Aguas11.jpg 886w, https:\/\/tucomarca.whitekongsoftware.com\/wp-content\/uploads\/2024\/08\/GranFondo7Aguas11-300x200.jpg 300w, https:\/\/tucomarca.whitekongsoftware.com\/wp-content\/uploads\/2024\/08\/GranFondo7Aguas11-768x511.jpg 768w\" sizes=\"auto, (max-width: 886px) 100vw, 886px\" \/><\/figure>\n<\/figure>\n","protected":false},"excerpt":{"rendered":"<div class=\"mh-excerpt\">La 43 edici\u00f3 del Gran Fons Internacional de Setaig\u00fces, una de les carreres m\u00e9s destacades del calendari atl\u00e8tic a la Comunitat Valenciana, celebrada dissabte passat, 17 d&#8217;agost, ha reunit l&#8217;elit de l&#8217;atletisme. M\u00e9s de 800 <a class=\"mh-excerpt-more\" href=\"https:\/\/tucomarca.whitekongsoftware.com\/ca\/fotogaleria-setaigues-reuneix-lelit-de-latletisme-en-la-seua-43-edicio-del-gran-fons-internacional\/\" title=\"Fotogaler\u00eda: Setaig\u00fces reuneix l&#8217;elit de l&#8217;atletisme en la seua 43 edici\u00f3 del Gran Fons Internacional\">[+] <\/a><\/div>\n","protected":false},"author":13,"featured_media":233629,"comment_status":"open","ping_status":"open","sticky":false,"template":"","format":"gallery","meta":{"footnotes":""},"categories":[11018,11003,10898,10894,10904,10912,10896,10979],"tags":[11143,11074,10914,11157],"class_list":["post-233657","post","type-post","status-publish","format-gallery","has-post-thumbnail","category-atletisme","category-sports","category-ventana-ca","category-la-comarca-ca","category-sin-categorizar-ca","category-la-hoya-ca","category-seccion-ca","category-siete-aguas-ca","tag-atletismo-2-ca","tag-deportes-ca","tag-la-hoya-de-bunol-chiva-ca","tag-siete-aguas-ca","post_format-post-format-gallery"],"_links":{"self":[{"href":"https:\/\/tucomarca.whitekongsoftware.com\/ca\/wp-json\/wp\/v2\/posts\/233657","targetHints":{"allow":["GET"]}}],"collection":[{"href":"https:\/\/tucomarca.whitekongsoftware.com\/ca\/wp-json\/wp\/v2\/posts"}],"about":[{"href":"https:\/\/tucomarca.whitekongsoftware.com\/ca\/wp-json\/wp\/v2\/types\/post"}],"author":[{"embeddable":true,"href":"https:\/\/tucomarca.whitekongsoftware.com\/ca\/wp-json\/wp\/v2\/users\/13"}],"replies":[{"embeddable":true,"href":"https:\/\/tucomarca.whitekongsoftware.com\/ca\/wp-json\/wp\/v2\/comments?post=233657"}],"version-history":[{"count":0,"href":"https:\/\/tucomarca.whitekongsoftware.com\/ca\/wp-json\/wp\/v2\/posts\/233657\/revisions"}],"wp:featuredmedia":[{"embeddable":true,"href":"https:\/\/tucomarca.whitekongsoftware.com\/ca\/wp-json\/wp\/v2\/media\/233629"}],"wp:attachment":[{"href":"https:\/\/tucomarca.whitekongsoftware.com\/ca\/wp-json\/wp\/v2\/media?parent=233657"}],"wp:term":[{"taxonomy":"category","embeddable":true,"href":"https:\/\/tucomarca.whitekongsoftware.com\/ca\/wp-json\/wp\/v2\/categories?post=233657"},{"taxonomy":"post_tag","embeddable":true,"href":"https:\/\/tucomarca.whitekongsoftware.com\/ca\/wp-json\/wp\/v2\/tags?post=233657"}],"curies":[{"name":"wp","href":"https:\/\/api.w.org\/{rel}","templated":true}]}}