{"id":233472,"date":"2024-08-21T10:00:00","date_gmt":"2024-08-21T08:00:00","guid":{"rendered":"https:\/\/www.tucomarca.com\/wordpress\/segunda\/?p=233472"},"modified":"2024-08-21T12:41:43","modified_gmt":"2024-08-21T10:41:43","slug":"el-institut-valencia-de-cultura-convoca-ajudes-per-al-foment-de-les-arts-esceniques-per-valor-2-950-000-euros","status":"publish","type":"post","link":"https:\/\/tucomarca.whitekongsoftware.com\/ca\/el-institut-valencia-de-cultura-convoca-ajudes-per-al-foment-de-les-arts-esceniques-per-valor-2-950-000-euros\/","title":{"rendered":"El Institut Valenci\u00e0 de Cultura convoca ajudes per al foment de les arts esc\u00e8niques per valor 2.950.000 euros"},"content":{"rendered":"\n<p class=\"wp-block-paragraph\"><strong>Entre les activitats finan\u00e7ades figuren la creaci\u00f3 d&#8217;escriptura esc\u00e8nica, la producci\u00f3 professional i producci\u00f3 emergent de muntatges esc\u00e8nics, les gires d&#8217;espectacles o els festivals<\/strong>.<\/p>\n\n\n\n<p class=\"wp-block-paragraph\"><strong>El termini de presentaci\u00f3 de les sol\u00b7licituds finalitza el 8 de setembre de 2024.<\/strong><\/p>\n\n\n\n<p class=\"wp-block-paragraph\">La Conselleria d&#8217;Educaci\u00f3, Cultura, Universitats i Ocupaci\u00f3, a trav\u00e9s del Institut Valenci\u00e0 de Cultura, ha publicat en el Diari Oficinal de la Generalitat Valenciana (DOGV) la convocat\u00f2ria per la qual es destinaran 2.950.000 euros en subvencions per al foment de les arts esc\u00e8niques en la Comunitat Valenciana, 200.000 euros m\u00e9s que en la convocat\u00f2ria anterior de l&#8217;any 2023.<\/p>\n\n\n\n<p class=\"wp-block-paragraph\">Aquestes subvencions tenen per finalitat el foment dels sectors del teatre, la dansa i el circ en la Comunitat Valenciana, amb la finalitat que la ciutadania puga disposar d&#8217;una oferta diversificada i de qualitat.<\/p>\n\n\n\n<p class=\"wp-block-paragraph\">Les activitats han de realitzar-se entre l&#8217;1 de desembre de 2023 i el 30 de novembre de 2024, ambdues inclusivament, amb l&#8217;excepci\u00f3 de la data de l&#8217;estrena dels espectacles beneficiats d&#8217;ajuda anual a la producci\u00f3 professional o producci\u00f3 emergent, el termini de la qual es pot estendre com a m\u00e0xim fins al 31 de gener de 2025.<\/p>\n\n\n\n<p class=\"wp-block-paragraph\">Les sol\u00b7licituds, el termini de presentaci\u00f3 de les quals finalitza el 8 de setembre, s&#8217;han de tramitar per via telem\u00e0tica a trav\u00e9s del registre electr\u00f2nic, accessible des de la p\u00e0gina&nbsp;web del IVC.<\/p>\n\n\n\n<p class=\"wp-block-paragraph\">En aquesta p\u00e0gina es poden consultar les bases completes de la convocat\u00f2ria, els formularis de sol\u00b7licitud i els models normalitzats que s&#8217;han d&#8217;utilitzar.<\/p>\n\n\n\n<p class=\"wp-block-paragraph\"><strong>Onze modalitats<\/strong><\/p>\n\n\n\n<p class=\"wp-block-paragraph\">Les ajudes al foment de les arts esc\u00e8niques es distribueixen entre onze modalitats diferents: ajudes a la creaci\u00f3 d&#8217;escriptura esc\u00e8nica; a la formaci\u00f3; a la investigaci\u00f3; a l&#8217;edici\u00f3 de llibres i revistes; a resid\u00e8ncies esc\u00e8niques; a la producci\u00f3 professional de muntatges esc\u00e8nics; a la producci\u00f3 emergent de muntatges esc\u00e8nics; a la gira d&#8217;espectacles; a festivals i mostres; per a l&#8217;assist\u00e8ncia a fires i esdeveniments orientats al mercat, i, finalment, ajudes a associacions i entitats sense \u00e0nim de lucre.<\/p>\n\n\n\n<p class=\"wp-block-paragraph\">Amb car\u00e0cter general, podran ser benefici\u00e0ries les persones f\u00edsiques i les empreses, associacions i entitats sense \u00e0nim de lucre que desenvolupen la seua activitat en territori de la Comunitat Valenciana. Excepcionalment, podran ser benefici\u00e0ries les agrupacions de persones f\u00edsiques o jur\u00eddiques, p\u00fabliques o privades sense personalitat, en les modalitats d&#8217;escriptura esc\u00e8nica i investigaci\u00f3.<\/p>\n","protected":false},"excerpt":{"rendered":"<div class=\"mh-excerpt\">Entre les activitats finan\u00e7ades figuren la creaci\u00f3 d&#8217;escriptura esc\u00e8nica, la producci\u00f3 professional i producci\u00f3 emergent de muntatges esc\u00e8nics, les gires d&#8217;espectacles o els festivals. El termini de presentaci\u00f3 de les sol\u00b7licituds finalitza el 8 de <a class=\"mh-excerpt-more\" href=\"https:\/\/tucomarca.whitekongsoftware.com\/ca\/el-institut-valencia-de-cultura-convoca-ajudes-per-al-foment-de-les-arts-esceniques-per-valor-2-950-000-euros\/\" title=\"El Institut Valenci\u00e0 de Cultura convoca ajudes per al foment de les arts esc\u00e8niques per valor 2.950.000 euros\">[+] <\/a><\/div>\n","protected":false},"author":13,"featured_media":233469,"comment_status":"open","ping_status":"open","sticky":false,"template":"","format":"standard","meta":{"footnotes":""},"categories":[11005,10898,10894,10904,11007,10896],"tags":[11199,15856],"class_list":["post-233472","post","type-post","status-publish","format-standard","has-post-thumbnail","category-canal-musica","category-ventana-ca","category-la-comarca-ca","category-sin-categorizar-ca","category-ocio-y-cultura-ca","category-seccion-ca","tag-la-comunitat-ca","tag-ocio-y-cultura-ca"],"_links":{"self":[{"href":"https:\/\/tucomarca.whitekongsoftware.com\/ca\/wp-json\/wp\/v2\/posts\/233472","targetHints":{"allow":["GET"]}}],"collection":[{"href":"https:\/\/tucomarca.whitekongsoftware.com\/ca\/wp-json\/wp\/v2\/posts"}],"about":[{"href":"https:\/\/tucomarca.whitekongsoftware.com\/ca\/wp-json\/wp\/v2\/types\/post"}],"author":[{"embeddable":true,"href":"https:\/\/tucomarca.whitekongsoftware.com\/ca\/wp-json\/wp\/v2\/users\/13"}],"replies":[{"embeddable":true,"href":"https:\/\/tucomarca.whitekongsoftware.com\/ca\/wp-json\/wp\/v2\/comments?post=233472"}],"version-history":[{"count":0,"href":"https:\/\/tucomarca.whitekongsoftware.com\/ca\/wp-json\/wp\/v2\/posts\/233472\/revisions"}],"wp:featuredmedia":[{"embeddable":true,"href":"https:\/\/tucomarca.whitekongsoftware.com\/ca\/wp-json\/wp\/v2\/media\/233469"}],"wp:attachment":[{"href":"https:\/\/tucomarca.whitekongsoftware.com\/ca\/wp-json\/wp\/v2\/media?parent=233472"}],"wp:term":[{"taxonomy":"category","embeddable":true,"href":"https:\/\/tucomarca.whitekongsoftware.com\/ca\/wp-json\/wp\/v2\/categories?post=233472"},{"taxonomy":"post_tag","embeddable":true,"href":"https:\/\/tucomarca.whitekongsoftware.com\/ca\/wp-json\/wp\/v2\/tags?post=233472"}],"curies":[{"name":"wp","href":"https:\/\/api.w.org\/{rel}","templated":true}]}}