{"id":233434,"date":"2024-08-20T10:00:00","date_gmt":"2024-08-20T08:00:00","guid":{"rendered":"https:\/\/www.tucomarca.com\/wordpress\/segunda\/?p=233434"},"modified":"2024-08-20T19:36:56","modified_gmt":"2024-08-20T17:36:56","slug":"la-brigada-de-lajuntament-dutiel-intensifica-els-treballs-de-neteja-en-la-pedania-de-estenas-despres-dels-desperfectes-provocats-pel-temporal","status":"publish","type":"post","link":"https:\/\/tucomarca.whitekongsoftware.com\/ca\/la-brigada-de-lajuntament-dutiel-intensifica-els-treballs-de-neteja-en-la-pedania-de-estenas-despres-dels-desperfectes-provocats-pel-temporal\/","title":{"rendered":"La brigada de l&#8217;Ajuntament d&#8217;Utiel intensifica els treballs de neteja en la pedania de Estenas despr\u00e9s dels desperfectes provocats pel temporal"},"content":{"rendered":"\n<p class=\"wp-block-paragraph\">Ahir la brigada de l&#8217;Ajuntament d&#8217;Utiel conclo\u00efa les labors extraordin\u00e0ries de neteja en la pedania de Estenas despr\u00e9s de la forta tempesta registrada dimecres passat que va produir nombrosos desperfectes en aquesta poblaci\u00f3.<\/p>\n\n\n\n<p class=\"wp-block-paragraph\">La pla\u00e7a de la Reguera, la zona del safareig, vies i canalitzacions es van veure negades per la intensa acumulaci\u00f3 d&#8217;aigua en un curt per\u00edode de temps i el conseg\u00fcent arrossegament considerable de terres.<\/p>\n\n\n\n<p class=\"wp-block-paragraph\">Els operaris del servei de neteja de l&#8217;Ajuntament d&#8217;Utiel van intensificar els treballs de neteja la setmana passada i finalitzaven ahir amb el restabliment dels espais p\u00fablics afectats pel temporal.<\/p>\n\n\n\n<figure class=\"wp-block-gallery has-nested-images columns-default is-cropped wp-block-gallery-1 is-layout-flex wp-block-gallery-is-layout-flex\">\n<figure class=\"wp-block-image size-large\"><img loading=\"lazy\" decoding=\"async\" width=\"682\" height=\"1024\" data-id=\"233429\" src=\"https:\/\/www.tucomarca.com\/wordpress\/segunda\/wp-content\/uploads\/2024\/08\/TEMPORAL-ESTENAS-14-AGOSTO-ANTES-1-682x1024.png\" alt=\"\" class=\"wp-image-233429\" srcset=\"https:\/\/tucomarca.whitekongsoftware.com\/wp-content\/uploads\/2024\/08\/TEMPORAL-ESTENAS-14-AGOSTO-ANTES-1-682x1024.png 682w, https:\/\/tucomarca.whitekongsoftware.com\/wp-content\/uploads\/2024\/08\/TEMPORAL-ESTENAS-14-AGOSTO-ANTES-1-200x300.png 200w, https:\/\/tucomarca.whitekongsoftware.com\/wp-content\/uploads\/2024\/08\/TEMPORAL-ESTENAS-14-AGOSTO-ANTES-1-768x1152.png 768w, https:\/\/tucomarca.whitekongsoftware.com\/wp-content\/uploads\/2024\/08\/TEMPORAL-ESTENAS-14-AGOSTO-ANTES-1-1024x1536.png 1024w, https:\/\/tucomarca.whitekongsoftware.com\/wp-content\/uploads\/2024\/08\/TEMPORAL-ESTENAS-14-AGOSTO-ANTES-1.png 1333w\" sizes=\"auto, (max-width: 682px) 100vw, 682px\" \/><\/figure>\n\n\n\n<figure class=\"wp-block-image size-large\"><img loading=\"lazy\" decoding=\"async\" width=\"682\" height=\"1024\" data-id=\"233431\" src=\"https:\/\/www.tucomarca.com\/wordpress\/segunda\/wp-content\/uploads\/2024\/08\/TEMPORAL-ESTENAS-14-AGOSTO-DESPUES-2-682x1024.png\" alt=\"\" class=\"wp-image-233431\" srcset=\"https:\/\/tucomarca.whitekongsoftware.com\/wp-content\/uploads\/2024\/08\/TEMPORAL-ESTENAS-14-AGOSTO-DESPUES-2-682x1024.png 682w, https:\/\/tucomarca.whitekongsoftware.com\/wp-content\/uploads\/2024\/08\/TEMPORAL-ESTENAS-14-AGOSTO-DESPUES-2-200x300.png 200w, https:\/\/tucomarca.whitekongsoftware.com\/wp-content\/uploads\/2024\/08\/TEMPORAL-ESTENAS-14-AGOSTO-DESPUES-2-768x1152.png 768w, https:\/\/tucomarca.whitekongsoftware.com\/wp-content\/uploads\/2024\/08\/TEMPORAL-ESTENAS-14-AGOSTO-DESPUES-2-1024x1536.png 1024w, https:\/\/tucomarca.whitekongsoftware.com\/wp-content\/uploads\/2024\/08\/TEMPORAL-ESTENAS-14-AGOSTO-DESPUES-2.png 1333w\" sizes=\"auto, (max-width: 682px) 100vw, 682px\" \/><\/figure>\n<\/figure>\n","protected":false},"excerpt":{"rendered":"<div class=\"mh-excerpt\">Ahir la brigada de l&#8217;Ajuntament d&#8217;Utiel conclo\u00efa les labors extraordin\u00e0ries de neteja en la pedania de Estenas despr\u00e9s de la forta tempesta registrada dimecres passat que va produir nombrosos desperfectes en aquesta poblaci\u00f3. La pla\u00e7a <a class=\"mh-excerpt-more\" href=\"https:\/\/tucomarca.whitekongsoftware.com\/ca\/la-brigada-de-lajuntament-dutiel-intensifica-els-treballs-de-neteja-en-la-pedania-de-estenas-despres-dels-desperfectes-provocats-pel-temporal\/\" title=\"La brigada de l&#8217;Ajuntament d&#8217;Utiel intensifica els treballs de neteja en la pedania de Estenas despr\u00e9s dels desperfectes provocats pel temporal\">[+] <\/a><\/div>\n","protected":false},"author":12,"featured_media":233428,"comment_status":"open","ping_status":"open","sticky":false,"template":"","format":"standard","meta":{"footnotes":""},"categories":[10948,10894,10903,10947,10909,10896,11059],"tags":[12903,10910,11174],"class_list":["post-233434","post","type-post","status-publish","format-standard","has-post-thumbnail","category-infraestructuras-ca","category-la-comarca-ca","category-medio-ambiente-la-comarca-ca","category-politica","category-requena-utiel-ca","category-seccion-ca","category-utiel-ca","tag-infraestructuras-ca","tag-requena-utiel-ca","tag-utiel-ca"],"_links":{"self":[{"href":"https:\/\/tucomarca.whitekongsoftware.com\/ca\/wp-json\/wp\/v2\/posts\/233434","targetHints":{"allow":["GET"]}}],"collection":[{"href":"https:\/\/tucomarca.whitekongsoftware.com\/ca\/wp-json\/wp\/v2\/posts"}],"about":[{"href":"https:\/\/tucomarca.whitekongsoftware.com\/ca\/wp-json\/wp\/v2\/types\/post"}],"author":[{"embeddable":true,"href":"https:\/\/tucomarca.whitekongsoftware.com\/ca\/wp-json\/wp\/v2\/users\/12"}],"replies":[{"embeddable":true,"href":"https:\/\/tucomarca.whitekongsoftware.com\/ca\/wp-json\/wp\/v2\/comments?post=233434"}],"version-history":[{"count":0,"href":"https:\/\/tucomarca.whitekongsoftware.com\/ca\/wp-json\/wp\/v2\/posts\/233434\/revisions"}],"wp:featuredmedia":[{"embeddable":true,"href":"https:\/\/tucomarca.whitekongsoftware.com\/ca\/wp-json\/wp\/v2\/media\/233428"}],"wp:attachment":[{"href":"https:\/\/tucomarca.whitekongsoftware.com\/ca\/wp-json\/wp\/v2\/media?parent=233434"}],"wp:term":[{"taxonomy":"category","embeddable":true,"href":"https:\/\/tucomarca.whitekongsoftware.com\/ca\/wp-json\/wp\/v2\/categories?post=233434"},{"taxonomy":"post_tag","embeddable":true,"href":"https:\/\/tucomarca.whitekongsoftware.com\/ca\/wp-json\/wp\/v2\/tags?post=233434"}],"curies":[{"name":"wp","href":"https:\/\/api.w.org\/{rel}","templated":true}]}}