{"id":233331,"date":"2024-08-18T12:30:00","date_gmt":"2024-08-18T10:30:00","guid":{"rendered":"https:\/\/www.tucomarca.com\/wordpress\/segunda\/?p=233331"},"modified":"2024-08-19T13:37:50","modified_gmt":"2024-08-19T11:37:50","slug":"una-persona-mor-a-linterior-dun-habitatge-en-un-incendi-a-vilamarxant","status":"publish","type":"post","link":"https:\/\/tucomarca.whitekongsoftware.com\/ca\/una-persona-mor-a-linterior-dun-habitatge-en-un-incendi-a-vilamarxant\/","title":{"rendered":"Una persona mor a l&#8217;interior d&#8217;un habitatge en un incendi a Vilamarxant"},"content":{"rendered":"\n<p class=\"wp-block-paragraph\">Un tr\u00e0gic incendi en un habitatge a Vilamarxant s&#8217;ha saldat amb la mort d&#8217;una persona. Els Bombers del Consorci Provincial de Val\u00e8ncia van intervindre r\u00e0pidament, despla\u00e7ant al lloc del sinistre una dotaci\u00f3 de Xiva, una de L&#8217;Eliana i al sergent de Paterna, en el sinistre ocorregut aquest dissabte passat, 17 d&#8217;agost.<\/p>\n\n\n\n<p class=\"wp-block-paragraph\">Malgrat els esfor\u00e7os dels bombers, la persona que es trobava a l&#8217;interior de l&#8217;habitatge no va aconseguir sobreviure. Despr\u00e9s de l&#8217;extinci\u00f3 de l&#8217;incendi, es va procedir a ventilar l&#8217;habitatge per a garantir la seguretat de l&#8217;entorn.<\/p>\n\n\n\n<p class=\"wp-block-paragraph\">La Gu\u00e0rdia Civil ha pres el control de la investigaci\u00f3 per a esclarir les causes de l&#8217;incendi i determinar les circumst\u00e0ncies que van portar a aquest fatal desenlla\u00e7. L&#8217;incendi ja ha sigut extingit per complet i la situaci\u00f3 en l&#8217;habitatge ha sigut normalitzada.<\/p>\n","protected":false},"excerpt":{"rendered":"<div class=\"mh-excerpt\">Un tr\u00e0gic incendi en un habitatge a Vilamarxant s&#8217;ha saldat amb la mort d&#8217;una persona. Els Bombers del Consorci Provincial de Val\u00e8ncia van intervindre r\u00e0pidament, despla\u00e7ant al lloc del sinistre una dotaci\u00f3 de Xiva, una <a class=\"mh-excerpt-more\" href=\"https:\/\/tucomarca.whitekongsoftware.com\/ca\/una-persona-mor-a-linterior-dun-habitatge-en-un-incendi-a-vilamarxant\/\" title=\"Una persona mor a l&#8217;interior d&#8217;un habitatge en un incendi a Vilamarxant\">[+] <\/a><\/div>\n","protected":false},"author":13,"featured_media":134885,"comment_status":"open","ping_status":"open","sticky":false,"template":"","format":"standard","meta":{"footnotes":""},"categories":[10892,10898,10948,10894,10896,10897,10927],"tags":[20342,10899,12755,10901,11090],"class_list":["post-233331","post","type-post","status-publish","format-standard","has-post-thumbnail","category-camp-de-turia-ca","category-ventana-ca","category-infraestructuras-ca","category-la-comarca-ca","category-seccion-ca","category-sucesos-la-comarca-ca","category-vilamarxant-ca","tag-bomberos-consorcio-provincial-de-bomberos-de-valencia-ca","tag-camp-de-turia-ca","tag-incendio-ca","tag-sucesos-ca","tag-vilamarxant-ca"],"_links":{"self":[{"href":"https:\/\/tucomarca.whitekongsoftware.com\/ca\/wp-json\/wp\/v2\/posts\/233331","targetHints":{"allow":["GET"]}}],"collection":[{"href":"https:\/\/tucomarca.whitekongsoftware.com\/ca\/wp-json\/wp\/v2\/posts"}],"about":[{"href":"https:\/\/tucomarca.whitekongsoftware.com\/ca\/wp-json\/wp\/v2\/types\/post"}],"author":[{"embeddable":true,"href":"https:\/\/tucomarca.whitekongsoftware.com\/ca\/wp-json\/wp\/v2\/users\/13"}],"replies":[{"embeddable":true,"href":"https:\/\/tucomarca.whitekongsoftware.com\/ca\/wp-json\/wp\/v2\/comments?post=233331"}],"version-history":[{"count":0,"href":"https:\/\/tucomarca.whitekongsoftware.com\/ca\/wp-json\/wp\/v2\/posts\/233331\/revisions"}],"wp:featuredmedia":[{"embeddable":true,"href":"https:\/\/tucomarca.whitekongsoftware.com\/ca\/wp-json\/wp\/v2\/media\/134885"}],"wp:attachment":[{"href":"https:\/\/tucomarca.whitekongsoftware.com\/ca\/wp-json\/wp\/v2\/media?parent=233331"}],"wp:term":[{"taxonomy":"category","embeddable":true,"href":"https:\/\/tucomarca.whitekongsoftware.com\/ca\/wp-json\/wp\/v2\/categories?post=233331"},{"taxonomy":"post_tag","embeddable":true,"href":"https:\/\/tucomarca.whitekongsoftware.com\/ca\/wp-json\/wp\/v2\/tags?post=233331"}],"curies":[{"name":"wp","href":"https:\/\/api.w.org\/{rel}","templated":true}]}}