{"id":233131,"date":"2024-08-16T16:00:00","date_gmt":"2024-08-16T14:00:00","guid":{"rendered":"https:\/\/www.tucomarca.com\/wordpress\/segunda\/?p=233131"},"modified":"2024-08-16T18:39:42","modified_gmt":"2024-08-16T16:39:42","slug":"el-bunyolense-ricardo-casero-nou-director-musical-de-la-jove-orquestra-de-la-generalitat-valenciana","status":"publish","type":"post","link":"https:\/\/tucomarca.whitekongsoftware.com\/ca\/el-bunyolense-ricardo-casero-nou-director-musical-de-la-jove-orquestra-de-la-generalitat-valenciana\/","title":{"rendered":"El bunyolense Ricardo Casero, nou director musical de la Jove Orquestra de la Generalitat Valenciana"},"content":{"rendered":"\n<p class=\"wp-block-paragraph\">El bunyolense Ricardo Casero \u00e9s el nou director musical de la Jove Orquestra de la Generalitat Valenciana (JOGV) despr\u00e9s del seu nomenament per part del Institut Valenci\u00e1 de Cultura, una formaci\u00f3 que ha sigut un pilar en la promoci\u00f3 de joves talents des de la seua creaci\u00f3 en 1998. <\/p>\n\n\n\n<p class=\"wp-block-paragraph\">Ricardo Casero, ha sigut director titular de l&#8217;Orquesta Reino de Arag\u00f3n (ORA) des de 2013 fins ara, que assumeix la direcci\u00f3 de la JOGV amb el ferm prop\u00f2sit de potenciar la formaci\u00f3 dels millors m\u00fasics joves valencians.<\/p>\n\n\n\n<p class=\"wp-block-paragraph\">Amb una s\u00f2lida experi\u00e8ncia en l&#8217;\u00e0mbit docent i un destacat recorregut internacional, Ricardo Casero ha sigut professor en institucions com la Universitat de Val\u00e8ncia, ESMUC, MUSIKENE, i ha col\u00b7laborat amb acad\u00e8mies de renom mundial com la Juilliard School i la Sibelius-Academy de H\u00e8lsinki.<\/p>\n\n\n\n<p class=\"wp-block-paragraph\">\u201cEstic molt il\u00b7lusionat per formar part d&#8217;un projecte amb una qualitat excepcional, tant humana, com a t\u00e8cnica i art\u00edstica. Em sent honrat i afortunat de tornar a la Comunitat Valenciana\u201d, ha comentat Ricardo Casero despr\u00e9s del seu nomenament.<\/p>\n\n\n\n<p class=\"wp-block-paragraph\">Aquest nou c\u00e0rrec marca una nova etapa, tant per a la JOGV com per al mateix Ricardo Casero, qui vol portar a l&#8217;orquestra a nous nivells d&#8217;excel\u00b7l\u00e8ncia.<\/p>\n","protected":false},"excerpt":{"rendered":"<div class=\"mh-excerpt\">El bunyolense Ricardo Casero \u00e9s el nou director musical de la Jove Orquestra de la Generalitat Valenciana (JOGV) despr\u00e9s del seu nomenament per part del Institut Valenci\u00e1 de Cultura, una formaci\u00f3 que ha sigut un <a class=\"mh-excerpt-more\" href=\"https:\/\/tucomarca.whitekongsoftware.com\/ca\/el-bunyolense-ricardo-casero-nou-director-musical-de-la-jove-orquestra-de-la-generalitat-valenciana\/\" title=\"El bunyolense Ricardo Casero, nou director musical de la Jove Orquestra de la Generalitat Valenciana\">[+] <\/a><\/div>\n","protected":false},"author":12,"featured_media":233130,"comment_status":"open","ping_status":"open","sticky":false,"template":"","format":"standard","meta":{"footnotes":""},"categories":[10911,11005,10894,10912,11007,10896],"tags":[10913,21099,10914,21100],"class_list":["post-233131","post","type-post","status-publish","format-standard","has-post-thumbnail","category-bunol-ca","category-canal-musica","category-la-comarca-ca","category-la-hoya-ca","category-ocio-y-cultura-ca","category-seccion-ca","tag-bunol-ca","tag-jove-orquestra-de-la-generalitat-valenciana-ca","tag-la-hoya-de-bunol-chiva-ca","tag-ricardo-casero-ca"],"_links":{"self":[{"href":"https:\/\/tucomarca.whitekongsoftware.com\/ca\/wp-json\/wp\/v2\/posts\/233131","targetHints":{"allow":["GET"]}}],"collection":[{"href":"https:\/\/tucomarca.whitekongsoftware.com\/ca\/wp-json\/wp\/v2\/posts"}],"about":[{"href":"https:\/\/tucomarca.whitekongsoftware.com\/ca\/wp-json\/wp\/v2\/types\/post"}],"author":[{"embeddable":true,"href":"https:\/\/tucomarca.whitekongsoftware.com\/ca\/wp-json\/wp\/v2\/users\/12"}],"replies":[{"embeddable":true,"href":"https:\/\/tucomarca.whitekongsoftware.com\/ca\/wp-json\/wp\/v2\/comments?post=233131"}],"version-history":[{"count":0,"href":"https:\/\/tucomarca.whitekongsoftware.com\/ca\/wp-json\/wp\/v2\/posts\/233131\/revisions"}],"wp:featuredmedia":[{"embeddable":true,"href":"https:\/\/tucomarca.whitekongsoftware.com\/ca\/wp-json\/wp\/v2\/media\/233130"}],"wp:attachment":[{"href":"https:\/\/tucomarca.whitekongsoftware.com\/ca\/wp-json\/wp\/v2\/media?parent=233131"}],"wp:term":[{"taxonomy":"category","embeddable":true,"href":"https:\/\/tucomarca.whitekongsoftware.com\/ca\/wp-json\/wp\/v2\/categories?post=233131"},{"taxonomy":"post_tag","embeddable":true,"href":"https:\/\/tucomarca.whitekongsoftware.com\/ca\/wp-json\/wp\/v2\/tags?post=233131"}],"curies":[{"name":"wp","href":"https:\/\/api.w.org\/{rel}","templated":true}]}}