{"id":232809,"date":"2024-08-14T12:00:00","date_gmt":"2024-08-14T10:00:00","guid":{"rendered":"https:\/\/www.tucomarca.com\/wordpress\/segunda\/?p=232809"},"modified":"2024-08-14T13:21:35","modified_gmt":"2024-08-14T11:21:35","slug":"livcri-treballa-en-la-documentacio-de-lart-rupestre-trobat-en-el-jaciment-de-la-cueva-negra-dayora","status":"publish","type":"post","link":"https:\/\/tucomarca.whitekongsoftware.com\/ca\/livcri-treballa-en-la-documentacio-de-lart-rupestre-trobat-en-el-jaciment-de-la-cueva-negra-dayora\/","title":{"rendered":"L\u2019IVCR+i treballa en la documentaci\u00f3 de l\u2019art rupestre trobat en el jaciment de la Cueva Negra d\u2019Ayora"},"content":{"rendered":"\n<p class=\"wp-block-paragraph\"><strong>Els panells descoberts corresponen al Paleol\u00edtic superior, la qual cosa demostra que la cavitat va ser utilitzada per humans fa m\u00e9s de 12.000 anys<\/strong>.<\/p>\n\n\n\n<p class=\"wp-block-paragraph\"><strong>Este jaciment ha proporcionat gran quantitat de material arqueol\u00f2gic d\u2019una \u00e0mplia cronologia, des del Neol\u00edtic antic fins a l\u2019actualitat<\/strong>.<\/p>\n\n\n\n<p class=\"wp-block-paragraph\">L\u2019Institut Valenci\u00e0 de Conservaci\u00f3, Restauraci\u00f3 i Investigaci\u00f3 (IVCR+i), dependent de la Conselleria d\u2019Educaci\u00f3, Cultura, Universitats i Ocupaci\u00f3, en col\u00b7laboraci\u00f3 amb el departament de Prehist\u00f2ria de la Universitat de Val\u00e8ncia, est\u00e0 fent els treballs de documentaci\u00f3 de les mostres d\u2019art rupestre trobades en el jaciment de la Cueva Negra, en el terme municipal d\u2019Ayora.<\/p>\n\n\n\n<p class=\"wp-block-paragraph\">Este descobriment va ser realitzat recentment pels espele\u00f2legs Javier Mart\u00ednez i Joaqu\u00edn Navarro i ha perm\u00e9s demostrar que este espai va ser utilitzat pels humans durant el Paleol\u00edtic superior, fa m\u00e9s de 12.000 anys.<\/p>\n\n\n\n<p class=\"wp-block-paragraph\">La Cueva Negra \u00e9s una cavitat de llarg recorregut situada en la serra de Palomeras, a Ayora. Es tracta d\u2019un jaciment arqueol\u00f2gic conegut des de principis de segle XX, que ha proporcionat material arqueol\u00f2gic d\u2019una \u00e0mplia cronologia des del Neol\u00edtic antic fins a l\u2019actualitat.<\/p>\n\n\n\n<p class=\"wp-block-paragraph\">La informaci\u00f3 arqueol\u00f2gica disponible fins al moment indicava que la cavitat havia tingut diferents usos al llarg de la seua hist\u00f2ria: com a espai d\u2019h\u00e0bitat durant el Neol\u00edtic antic (5000 anys aC); lloc d\u2019enterrament en el Neol\u00edtic final (3000 aC); cova santuari en \u00e8poca ib\u00e8rica (segle IV aC); i cleda de pastors en \u00e8poca medieval i actual.<\/p>\n\n\n\n<p class=\"wp-block-paragraph\">Ha sigut recentment quan s\u2019han trobat mostres del seu \u00fas per part d\u2019humans des de molt de temps abans, durant l\u2019\u00e8poca del Paleol\u00edtic superior, la qual cosa atorga un valor afegit a este jaciment.<\/p>\n\n\n\n<p class=\"wp-block-paragraph\">En este sentit, el projecte que est\u00e0 desenrotllant l\u2019IVCR+i i la Universitat de Val\u00e8ncia t\u00e9 per objecte la documentaci\u00f3 d\u2019este material rupestre descobert en la cova, on s\u2019han identificat fins al moment quatre panells amb gravats en els quals es representen signes geom\u00e8trics com a ret\u00edcules i animals, entre els quals predominen els cavalls. Els treballs es completen, a m\u00e9s, amb un estudi sobre el context arqueol\u00f2gic.<\/p>\n\n\n\n<p class=\"wp-block-paragraph\">La primera fase d\u2019esta campanya de documentaci\u00f3 consistix en l\u2019estudi dels panells coneguts mitjan\u00e7ant t\u00e8cniques avan\u00e7ades de documentaci\u00f3 fotogram\u00e8trica. Aix\u00ed mateix, s\u2019est\u00e0 treballant en la prospecci\u00f3 de les parets per a la localitzaci\u00f3 de nous panells amb art rupestre.<\/p>\n\n\n\n<p class=\"wp-block-paragraph\">Cal assenyalar que la Cueva Negra d\u2019Ayora ha sigut fins ara un lloc molt freq\u00fcentat per excursionistes i espele\u00f2legs. Actualment es troba protegida, per a salvaguardar l\u2019art rupestre que allotja i les poblacions de rates penades que nidifiquen en el seu interior.<\/p>\n","protected":false},"excerpt":{"rendered":"<div class=\"mh-excerpt\">Els panells descoberts corresponen al Paleol\u00edtic superior, la qual cosa demostra que la cavitat va ser utilitzada per humans fa m\u00e9s de 12.000 anys. Este jaciment ha proporcionat gran quantitat de material arqueol\u00f2gic d\u2019una \u00e0mplia <a class=\"mh-excerpt-more\" href=\"https:\/\/tucomarca.whitekongsoftware.com\/ca\/livcri-treballa-en-la-documentacio-de-lart-rupestre-trobat-en-el-jaciment-de-la-cueva-negra-dayora\/\" title=\"L\u2019IVCR+i treballa en la documentaci\u00f3 de l\u2019art rupestre trobat en el jaciment de la Cueva Negra d\u2019Ayora\">[+] <\/a><\/div>\n","protected":false},"author":12,"featured_media":232807,"comment_status":"open","ping_status":"open","sticky":false,"template":"","format":"standard","meta":{"footnotes":""},"categories":[10954,10898,10948,10904,11007,10947,10896],"tags":[11216,21089,11199,15856],"class_list":["post-232809","post","type-post","status-publish","format-standard","has-post-thumbnail","category-ayora-ca","category-ventana-ca","category-infraestructuras-ca","category-sin-categorizar-ca","category-ocio-y-cultura-ca","category-politica","category-seccion-ca","tag-ayora-cofrentes-ca","tag-ivcri-ca","tag-la-comunitat-ca","tag-ocio-y-cultura-ca"],"_links":{"self":[{"href":"https:\/\/tucomarca.whitekongsoftware.com\/ca\/wp-json\/wp\/v2\/posts\/232809","targetHints":{"allow":["GET"]}}],"collection":[{"href":"https:\/\/tucomarca.whitekongsoftware.com\/ca\/wp-json\/wp\/v2\/posts"}],"about":[{"href":"https:\/\/tucomarca.whitekongsoftware.com\/ca\/wp-json\/wp\/v2\/types\/post"}],"author":[{"embeddable":true,"href":"https:\/\/tucomarca.whitekongsoftware.com\/ca\/wp-json\/wp\/v2\/users\/12"}],"replies":[{"embeddable":true,"href":"https:\/\/tucomarca.whitekongsoftware.com\/ca\/wp-json\/wp\/v2\/comments?post=232809"}],"version-history":[{"count":0,"href":"https:\/\/tucomarca.whitekongsoftware.com\/ca\/wp-json\/wp\/v2\/posts\/232809\/revisions"}],"wp:featuredmedia":[{"embeddable":true,"href":"https:\/\/tucomarca.whitekongsoftware.com\/ca\/wp-json\/wp\/v2\/media\/232807"}],"wp:attachment":[{"href":"https:\/\/tucomarca.whitekongsoftware.com\/ca\/wp-json\/wp\/v2\/media?parent=232809"}],"wp:term":[{"taxonomy":"category","embeddable":true,"href":"https:\/\/tucomarca.whitekongsoftware.com\/ca\/wp-json\/wp\/v2\/categories?post=232809"},{"taxonomy":"post_tag","embeddable":true,"href":"https:\/\/tucomarca.whitekongsoftware.com\/ca\/wp-json\/wp\/v2\/tags?post=232809"}],"curies":[{"name":"wp","href":"https:\/\/api.w.org\/{rel}","templated":true}]}}