{"id":232793,"date":"2024-08-14T09:15:00","date_gmt":"2024-08-14T07:15:00","guid":{"rendered":"https:\/\/www.tucomarca.com\/wordpress\/segunda\/?p=232793"},"modified":"2024-08-14T13:14:36","modified_gmt":"2024-08-14T11:14:36","slug":"la-generalitat-habilita-un-acces-en-la-cv-50-a-vilamarxant-i-treballa-en-el-projecte-de-la-futura-ronda","status":"publish","type":"post","link":"https:\/\/tucomarca.whitekongsoftware.com\/ca\/la-generalitat-habilita-un-acces-en-la-cv-50-a-vilamarxant-i-treballa-en-el-projecte-de-la-futura-ronda\/","title":{"rendered":"La Generalitat habilita un acc\u00e9s en la CV-50 a Vilamarxant i treballa en el projecte de la futura ronda"},"content":{"rendered":"\n<h3 class=\"wp-block-heading\">La directora general d\u2019Infraestuctures assenyala que \u201cdespr\u00e9s de set anys de peticions desateses, ha sigut l\u2019actual Consell el que ha abordat amb urg\u00e8ncia l\u2019acc\u00e9s en esta via\u201d.<\/h3>\n\n\n\n<p class=\"wp-block-paragraph\">La directora general d\u2019Infraestructures i Projectes Urbans, Mar\u00eda Jos\u00e9 Mart\u00ednez Ruzafa, ha mantingut una trobada de treball amb l\u2019alcalde de Vilamarxant, H\u00e9ctor Troyano, per a analitzar l\u2019estat dels projectes que actualment estan en marxa en mat\u00e8ria d\u2019infraestructures, com el de la ronda de la CV-50 que desviar\u00e0 el tr\u00e0nsit de l\u2019interior del nucli urb\u00e0.<\/p>\n\n\n\n<p class=\"wp-block-paragraph\">Mart\u00ednez Ruzafa ha explicat que el projecte de construcci\u00f3 de la ronda \u201ces troba en fase de supervisi\u00f3 i continua avan\u00e7ant\u201d. L\u2019alcalde i el regidor responsable de l\u2019\u00e0rea d\u2019Urbanisme, Miguel Navarro, han recorregut juntament amb la directora general l\u2019entrada a la localitat des de la CV-50 per a comprovar el volum del tr\u00e0nsit d\u2019esta via que, actualment, dividix en dos el nucli urb\u00e0.<\/p>\n\n\n\n<p class=\"wp-block-paragraph\">La directora general tamb\u00e9 ha visitat el recentment obert acc\u00e9s a Consum des de la CV-50, \u201cun projecte que s\u2019ha fet realitat gr\u00e0cies al comprom\u00eds de la Conselleria i la Direcci\u00f3 General d\u2019Infraestructures amb Vilamarxant. Despr\u00e9s de set anys de peticions desateses, ha sigut l\u2019actual Consell el que finalment ha abordat amb urg\u00e8ncia esta actuaci\u00f3\u201d, ha indicat.<\/p>\n\n\n\n<p class=\"wp-block-paragraph\">Amb l\u2019obertura d\u2019este acc\u00e9s es redu\u00efx el tr\u00e0nsit a l\u2019interior del municipi, se simplifica la ruta per a arribar a esta destinaci\u00f3, es descongestionen els carrers secundaris i disminu\u00efxen les mol\u00e8sties que ocasionava al ve\u00efnat de la zona.<\/p>\n","protected":false},"excerpt":{"rendered":"<div class=\"mh-excerpt\">La directora general d\u2019Infraestuctures assenyala que \u201cdespr\u00e9s de set anys de peticions desateses, ha sigut l\u2019actual Consell el que ha abordat amb urg\u00e8ncia l\u2019acc\u00e9s en esta via\u201d. La directora general d\u2019Infraestructures i Projectes Urbans, Mar\u00eda <a class=\"mh-excerpt-more\" href=\"https:\/\/tucomarca.whitekongsoftware.com\/ca\/la-generalitat-habilita-un-acces-en-la-cv-50-a-vilamarxant-i-treballa-en-el-projecte-de-la-futura-ronda\/\" title=\"La Generalitat habilita un acc\u00e9s en la CV-50 a Vilamarxant i treballa en el projecte de la futura ronda\">[+] <\/a><\/div>\n","protected":false},"author":12,"featured_media":232792,"comment_status":"open","ping_status":"open","sticky":false,"template":"","format":"standard","meta":{"footnotes":""},"categories":[10892,10898,10948,10894,10947,10896,10927],"tags":[10899,12537,21087,11090],"class_list":["post-232793","post","type-post","status-publish","format-standard","has-post-thumbnail","category-camp-de-turia-ca","category-ventana-ca","category-infraestructuras-ca","category-la-comarca-ca","category-politica","category-seccion-ca","category-vilamarxant-ca","tag-camp-de-turia-ca","tag-cv-50-ca","tag-infrastructuras-ca","tag-vilamarxant-ca"],"_links":{"self":[{"href":"https:\/\/tucomarca.whitekongsoftware.com\/ca\/wp-json\/wp\/v2\/posts\/232793","targetHints":{"allow":["GET"]}}],"collection":[{"href":"https:\/\/tucomarca.whitekongsoftware.com\/ca\/wp-json\/wp\/v2\/posts"}],"about":[{"href":"https:\/\/tucomarca.whitekongsoftware.com\/ca\/wp-json\/wp\/v2\/types\/post"}],"author":[{"embeddable":true,"href":"https:\/\/tucomarca.whitekongsoftware.com\/ca\/wp-json\/wp\/v2\/users\/12"}],"replies":[{"embeddable":true,"href":"https:\/\/tucomarca.whitekongsoftware.com\/ca\/wp-json\/wp\/v2\/comments?post=232793"}],"version-history":[{"count":0,"href":"https:\/\/tucomarca.whitekongsoftware.com\/ca\/wp-json\/wp\/v2\/posts\/232793\/revisions"}],"wp:featuredmedia":[{"embeddable":true,"href":"https:\/\/tucomarca.whitekongsoftware.com\/ca\/wp-json\/wp\/v2\/media\/232792"}],"wp:attachment":[{"href":"https:\/\/tucomarca.whitekongsoftware.com\/ca\/wp-json\/wp\/v2\/media?parent=232793"}],"wp:term":[{"taxonomy":"category","embeddable":true,"href":"https:\/\/tucomarca.whitekongsoftware.com\/ca\/wp-json\/wp\/v2\/categories?post=232793"},{"taxonomy":"post_tag","embeddable":true,"href":"https:\/\/tucomarca.whitekongsoftware.com\/ca\/wp-json\/wp\/v2\/tags?post=232793"}],"curies":[{"name":"wp","href":"https:\/\/api.w.org\/{rel}","templated":true}]}}