{"id":232787,"date":"2024-08-14T10:00:00","date_gmt":"2024-08-14T08:00:00","guid":{"rendered":"https:\/\/www.tucomarca.com\/wordpress\/segunda\/?p=232787"},"modified":"2024-08-14T13:18:21","modified_gmt":"2024-08-14T11:18:21","slug":"el-musico-enrique-subiela-villalba-de-la-sm-lartistica-de-xiva-primer-premi-de-flauta-en-el-maurice-ravel-competition-2024","status":"publish","type":"post","link":"https:\/\/tucomarca.whitekongsoftware.com\/ca\/el-musico-enrique-subiela-villalba-de-la-sm-lartistica-de-xiva-primer-premi-de-flauta-en-el-maurice-ravel-competition-2024\/","title":{"rendered":"El m\u00fasico Enrique Subiela Villalba de la SM \u201cL&#8217;Art\u00edstica de Xiva\u201d, primer premi de flauta en el \u201cMaurice Ravel competition 2024\u201d"},"content":{"rendered":"\n<p class=\"wp-block-paragraph\">El jove m\u00fasic, Enrique Subiela Villalba, de la Societat Musical \u201cL&#8217;Art\u00edstica de Xiva\u201d, obt\u00e9 el primer premi de flauta en el prestigi\u00f3s concurs internacional \u201cMaurice Ravel competition 2024\u201d, que va finalitzar el passat dia 27 de juliol.<\/p>\n\n\n\n<p class=\"wp-block-paragraph\">El Maurice Ravel Competitons Paris 2024 \u00e9s un prestigi\u00f3s concurs internacional en l\u00ednia en el qual es convida a joves talentosos de tot el m\u00f3n a competir en diverses categories que al seu torn es divideix en diferents grups d&#8217;edat per a garantir una compet\u00e8ncia justa. Els participants han d&#8217;enviar v\u00eddeos i gravacions, en el que el jurat (en aquest any compost per destacades personalitats de la m\u00fasica dels Estats Units, Fran\u00e7a, Pa\u00efsos Baixos, B\u00e8lgica i Espanya), seleccionen als guanyadors que destaquen per les seues habilitats, una forta personalitat art\u00edstica i una creativitat excepcional en les seues interpretacions.<\/p>\n\n\n\n<p class=\"wp-block-paragraph\">Enrique Subiela ha sigut guardonat amb el primer premi de Flauta en la categoria Advenced Stars.<\/p>\n\n\n\n<figure class=\"wp-block-image size-large\"><img loading=\"lazy\" decoding=\"async\" width=\"1024\" height=\"716\" src=\"http:\/\/www.tucomarca.com\/wordpress\/segunda\/wp-content\/uploads\/2024\/08\/EnriqueSubiela-2-1024x716.jpg\" alt=\"\" class=\"wp-image-232781\" srcset=\"https:\/\/tucomarca.whitekongsoftware.com\/wp-content\/uploads\/2024\/08\/EnriqueSubiela-2-1024x716.jpg 1024w, https:\/\/tucomarca.whitekongsoftware.com\/wp-content\/uploads\/2024\/08\/EnriqueSubiela-2-300x210.jpg 300w, https:\/\/tucomarca.whitekongsoftware.com\/wp-content\/uploads\/2024\/08\/EnriqueSubiela-2-768x537.jpg 768w, https:\/\/tucomarca.whitekongsoftware.com\/wp-content\/uploads\/2024\/08\/EnriqueSubiela-2.jpg 1080w\" sizes=\"auto, (max-width: 1024px) 100vw, 1024px\" \/><\/figure>\n","protected":false},"excerpt":{"rendered":"<div class=\"mh-excerpt\">El jove m\u00fasic, Enrique Subiela Villalba, de la Societat Musical \u201cL&#8217;Art\u00edstica de Xiva\u201d, obt\u00e9 el primer premi de flauta en el prestigi\u00f3s concurs internacional \u201cMaurice Ravel competition 2024\u201d, que va finalitzar el passat dia 27 <a class=\"mh-excerpt-more\" href=\"https:\/\/tucomarca.whitekongsoftware.com\/ca\/el-musico-enrique-subiela-villalba-de-la-sm-lartistica-de-xiva-primer-premi-de-flauta-en-el-maurice-ravel-competition-2024\/\" title=\"El m\u00fasico Enrique Subiela Villalba de la SM \u201cL&#8217;Art\u00edstica de Xiva\u201d, primer premi de flauta en el \u201cMaurice Ravel competition 2024\u201d\">[+] <\/a><\/div>\n","protected":false},"author":12,"featured_media":232784,"comment_status":"open","ping_status":"open","sticky":false,"template":"","format":"standard","meta":{"footnotes":""},"categories":[11005,10894,10912,11007,10896,10975],"tags":[11195,10914,14188],"class_list":["post-232787","post","type-post","status-publish","format-standard","has-post-thumbnail","category-canal-musica","category-la-comarca-ca","category-la-hoya-ca","category-ocio-y-cultura-ca","category-seccion-ca","category-chiva-ca","tag-chiva-ca","tag-la-hoya-de-bunol-chiva-ca","tag-sm-la-artistica-de-chiva-2-ca"],"_links":{"self":[{"href":"https:\/\/tucomarca.whitekongsoftware.com\/ca\/wp-json\/wp\/v2\/posts\/232787","targetHints":{"allow":["GET"]}}],"collection":[{"href":"https:\/\/tucomarca.whitekongsoftware.com\/ca\/wp-json\/wp\/v2\/posts"}],"about":[{"href":"https:\/\/tucomarca.whitekongsoftware.com\/ca\/wp-json\/wp\/v2\/types\/post"}],"author":[{"embeddable":true,"href":"https:\/\/tucomarca.whitekongsoftware.com\/ca\/wp-json\/wp\/v2\/users\/12"}],"replies":[{"embeddable":true,"href":"https:\/\/tucomarca.whitekongsoftware.com\/ca\/wp-json\/wp\/v2\/comments?post=232787"}],"version-history":[{"count":0,"href":"https:\/\/tucomarca.whitekongsoftware.com\/ca\/wp-json\/wp\/v2\/posts\/232787\/revisions"}],"wp:featuredmedia":[{"embeddable":true,"href":"https:\/\/tucomarca.whitekongsoftware.com\/ca\/wp-json\/wp\/v2\/media\/232784"}],"wp:attachment":[{"href":"https:\/\/tucomarca.whitekongsoftware.com\/ca\/wp-json\/wp\/v2\/media?parent=232787"}],"wp:term":[{"taxonomy":"category","embeddable":true,"href":"https:\/\/tucomarca.whitekongsoftware.com\/ca\/wp-json\/wp\/v2\/categories?post=232787"},{"taxonomy":"post_tag","embeddable":true,"href":"https:\/\/tucomarca.whitekongsoftware.com\/ca\/wp-json\/wp\/v2\/tags?post=232787"}],"curies":[{"name":"wp","href":"https:\/\/api.w.org\/{rel}","templated":true}]}}