{"id":232700,"date":"2024-08-16T09:15:00","date_gmt":"2024-08-16T07:15:00","guid":{"rendered":"https:\/\/www.tucomarca.com\/wordpress\/segunda\/?p=232700"},"modified":"2024-08-16T10:03:11","modified_gmt":"2024-08-16T08:03:11","slug":"lajuntament-de-setaigues-alerta-sobre-la-critica-situacio-de-la-font-de-les-set-canelles-a-causa-de-la-sequera","status":"publish","type":"post","link":"https:\/\/tucomarca.whitekongsoftware.com\/ca\/lajuntament-de-setaigues-alerta-sobre-la-critica-situacio-de-la-font-de-les-set-canelles-a-causa-de-la-sequera\/","title":{"rendered":"L&#8217;Ajuntament de Setaig\u00fces alerta sobre la cr\u00edtica situaci\u00f3 de la Font de les Set Canelles a causa de la sequera"},"content":{"rendered":"\n<p class=\"wp-block-paragraph\">L&#8217;Ajuntament de Setaig\u00fces ha em\u00e9s una alerta sobre la delicada situaci\u00f3 hidrogeol\u00f2gica d&#8217;un dels seus monuments m\u00e9s emblem\u00e0tics, la Font de les Set Canelles. Davant la preocupaci\u00f3 per la disminuci\u00f3 del cabal, es va sol\u00b7licitar un informe t\u00e8cnic a &#8220;Gamaser &#8211; GOlab&#8221;, del Centre Tecnol\u00f2gic de Global Omnium, per a avaluar la situaci\u00f3 actual de l&#8217;aq\u00fc\u00edfer que alimenta la font.<\/p>\n\n\n\n<p class=\"wp-block-paragraph\">Segons l&#8217;informe, despr\u00e9s de dos anys d&#8217;escasses precipitacions, les reserves dels brolladors subterranis del municipi i la comarca han disminu\u00eft considerablement. En particular, l&#8217;aq\u00fc\u00edfer que alimenta la Font de les Set Canelles mostra una baixa c\u00e0rrega hidr\u00e0ulica al punt de desc\u00e0rrega, la qual cosa resulta en una pressi\u00f3 feble de l&#8217;aigua.<\/p>\n\n\n\n<p class=\"wp-block-paragraph\">La Confederaci\u00f3 Hidrogr\u00e0fica del X\u00faquer ha vingut emetent mensualment un &#8220;Informe de Seguiment de la Sequera i l&#8217;Escassetat&#8221;, en el qual s&#8217;indica que els indicadors m\u00e9s pr\u00f2xims a Setaig\u00fces es troben en estat de &#8220;prealerta&#8221;. A m\u00e9s, l&#8217;\u00faltim any ha mostrat una tend\u00e8ncia a la baixa en el nivell de la massa d&#8217;aig\u00fces subterr\u00e0nies &#8220;Cabrillas Malacara&#8221;, on es troba el brollador que alimenta la font.<\/p>\n\n\n\n<p class=\"wp-block-paragraph\">L&#8217;Ajuntament adverteix que, si no es registren suficients precipitacions en els pr\u00f2xims mesos, el nivell del brollador podria descendir a tal punt que l&#8217;aigua no podria fluir per les canelles de la font. Davant aquesta situaci\u00f3, es prega a la poblaci\u00f3 &#8220;que fa\u00e7a un \u00fas responsable de l&#8217;aigua, tant del subministrament general com de la pr\u00f2pia Font de les Set Canelles, per a mitigar l&#8217;impacte de la sequera&#8221;.<\/p>\n\n\n\n<p class=\"wp-block-paragraph\">Aquesta situaci\u00f3 reflecteix el desafiament que enfronta no sols Setaig\u00fces, sin\u00f3 tot el territori valenci\u00e0, que actualment pateix els efectes d&#8217;una sequera que afecta greument els nivells d&#8217;aig\u00fces subterr\u00e0nies.<\/p>\n","protected":false},"excerpt":{"rendered":"<div class=\"mh-excerpt\">L&#8217;Ajuntament de Setaig\u00fces ha em\u00e9s una alerta sobre la delicada situaci\u00f3 hidrogeol\u00f2gica d&#8217;un dels seus monuments m\u00e9s emblem\u00e0tics, la Font de les Set Canelles. Davant la preocupaci\u00f3 per la disminuci\u00f3 del cabal, es va sol\u00b7licitar <a class=\"mh-excerpt-more\" href=\"https:\/\/tucomarca.whitekongsoftware.com\/ca\/lajuntament-de-setaigues-alerta-sobre-la-critica-situacio-de-la-font-de-les-set-canelles-a-causa-de-la-sequera\/\" title=\"L&#8217;Ajuntament de Setaig\u00fces alerta sobre la cr\u00edtica situaci\u00f3 de la Font de les Set Canelles a causa de la sequera\">[+] <\/a><\/div>\n","protected":false},"author":12,"featured_media":232998,"comment_status":"open","ping_status":"open","sticky":false,"template":"","format":"standard","meta":{"footnotes":""},"categories":[10948,10894,10912,10903,10947,10896,10979],"tags":[12903,10914,12166,11157],"class_list":["post-232700","post","type-post","status-publish","format-standard","has-post-thumbnail","category-infraestructuras-ca","category-la-comarca-ca","category-la-hoya-ca","category-medio-ambiente-la-comarca-ca","category-politica","category-seccion-ca","category-siete-aguas-ca","tag-infraestructuras-ca","tag-la-hoya-de-bunol-chiva-ca","tag-medio-ambiente-ca","tag-siete-aguas-ca"],"_links":{"self":[{"href":"https:\/\/tucomarca.whitekongsoftware.com\/ca\/wp-json\/wp\/v2\/posts\/232700","targetHints":{"allow":["GET"]}}],"collection":[{"href":"https:\/\/tucomarca.whitekongsoftware.com\/ca\/wp-json\/wp\/v2\/posts"}],"about":[{"href":"https:\/\/tucomarca.whitekongsoftware.com\/ca\/wp-json\/wp\/v2\/types\/post"}],"author":[{"embeddable":true,"href":"https:\/\/tucomarca.whitekongsoftware.com\/ca\/wp-json\/wp\/v2\/users\/12"}],"replies":[{"embeddable":true,"href":"https:\/\/tucomarca.whitekongsoftware.com\/ca\/wp-json\/wp\/v2\/comments?post=232700"}],"version-history":[{"count":0,"href":"https:\/\/tucomarca.whitekongsoftware.com\/ca\/wp-json\/wp\/v2\/posts\/232700\/revisions"}],"wp:featuredmedia":[{"embeddable":true,"href":"https:\/\/tucomarca.whitekongsoftware.com\/ca\/wp-json\/wp\/v2\/media\/232998"}],"wp:attachment":[{"href":"https:\/\/tucomarca.whitekongsoftware.com\/ca\/wp-json\/wp\/v2\/media?parent=232700"}],"wp:term":[{"taxonomy":"category","embeddable":true,"href":"https:\/\/tucomarca.whitekongsoftware.com\/ca\/wp-json\/wp\/v2\/categories?post=232700"},{"taxonomy":"post_tag","embeddable":true,"href":"https:\/\/tucomarca.whitekongsoftware.com\/ca\/wp-json\/wp\/v2\/tags?post=232700"}],"curies":[{"name":"wp","href":"https:\/\/api.w.org\/{rel}","templated":true}]}}