{"id":232638,"date":"2024-08-12T20:00:00","date_gmt":"2024-08-12T18:00:00","guid":{"rendered":"https:\/\/www.tucomarca.com\/wordpress\/segunda\/la-semana-taurina-toma-el-relevo-de-los-festejos-de-agosto-en-turis\/"},"modified":"2024-08-13T19:59:03","modified_gmt":"2024-08-13T17:59:03","slug":"la-semana-taurina-toma-el-relevo-de-los-festejos-de-agosto-en-turis","status":"publish","type":"post","link":"https:\/\/tucomarca.whitekongsoftware.com\/ca\/la-semana-taurina-toma-el-relevo-de-los-festejos-de-agosto-en-turis\/","title":{"rendered":"La Setmana Taurina completa els Festejos d&#8217;Agost a Tur\u00eds"},"content":{"rendered":"\n<p class=\"wp-block-paragraph\">Tur\u00eds es prepara per a una emocionant Setmana Taurina, que donar\u00e0 continu\u00eftat als Festejos d&#8217;Agost amb una s\u00e8rie d&#8217;activitats que combinaran la tradici\u00f3 taurina amb esdeveniments l\u00fadics per a tots els p\u00fablics. Des del dilluns 12 fins al diumenge 18 d&#8217;agost, el municipi acull una programaci\u00f3 diversa organitzada per l&#8217;Ajuntament de Tor\u00eds i diverses associacions locals.<\/p>\n\n\n\n<p class=\"wp-block-paragraph\"><strong>Dilluns, 12 d&#8217;agost:<\/strong> La setmana comen\u00e7a a la mitjanit amb un concurs de sis bous, organitzat per la ACT Carrer Ample, amb caps de bestiar d&#8217;H\u00e9ctor L\u00f3pez, Rafael Alber &#8220;El Saler&#8221;, i David Alfaro. La jornada conclour\u00e0 amb un bou embolado. A les 19.00 h, els ve\u00efns de Tor\u00eds mostraran el seu enginy i humor en la tradicional cavalcada de disfresses al llarg de l&#8217;Avinguda Corts Valencianes. La nit es tancar\u00e0 amb el &#8220;Varietats Xou&#8221; en l&#8217;Amfiteatre de La Mina, a les 23.00 h, que inclour\u00e0 actuacions musicals, m\u00e0gia i humor.<\/p>\n\n\n\n<p class=\"wp-block-paragraph\"><strong>Dimarts, 13 d&#8217;agost: <\/strong>A les 7.20 h, la Reina de les Festes, Natalia Soler Morcillo, juntament amb la seua Cort d&#8217;Honor, participar\u00e0 en la tradicional &#8220;Cercavila de la corda&#8221;. Despr\u00e9s, se soltar\u00e0 el primer bou en corda de la setmana, de la ramaderia de Julio Cervera. A les 13.00 h, hi haur\u00e0 una discom\u00f3vil en la zona del conservatori, seguida de l&#8217;entrada de vaques amb caps de bestiar de Julio Cervera a les 14.00 h. La #vesprada i nit inclouran un especial taur\u00ed de Jos\u00e9 Arriazu i Fills a les 19.00 h, i un altre de Vicente Benavent a les 23.30 h, tots dos seguits de bous embolados. La jornada finalitzar\u00e0 amb una nit d&#8217;humor en La Mina a partir de la mitjanit, amb els monologuistes Maxi Rangel i Carol Tom\u00e1s.<\/p>\n\n\n\n<p class=\"wp-block-paragraph\"><strong>Dimecres, 14 d&#8217;agost: <\/strong>El dia comen\u00e7ar\u00e0 amb un bou en corda de la ramaderia L&#8217;Esper\u00f3 a les 7.30 h, seguit de la discom\u00f3vil a les 13.00 h i l&#8217;entrada de vaques amb caps de bestiar de Fernando Machancoses a les 14.00 h. La Penya L&#8217;\u00daltim organitzar\u00e0 un Gran Prix a les 19.00 h. A la nit, a les 23.30 h, se celebrar\u00e0 un especial taur\u00ed de la ramaderia Jaume T\u00e1rrega, seguit d&#8217;un bou embolado. A la mitjanit, les fam\u00edlies podran gaudir del musical &#8220;El Regne del lle\u00f3&#8221; en la zona del conservatori.<\/p>\n\n\n\n<p class=\"wp-block-paragraph\"><strong>Dijous, 15 d&#8217;agost:<\/strong> La jornada comptar\u00e0 amb el tradicional acapte contra el c\u00e0ncer durant el mat\u00ed, amb la participaci\u00f3 activa de les festeres. A les 7.30 h se soltar\u00e0 un bou en corda de Benavent, seguit de la discom\u00f3vil a les 13.00 h i l&#8217;entrada de vaques amb caps de bestiar de Julio Cervera a les 14.00 h. La #vesprada i nit estaran plenes de m\u00fasica, amb l&#8217;espectacle &#8220;Fantasyland&#8221; a les 20.00 h i el musical &#8220;We Love Queen&#8221; a la mitjanit, tots dos en la zona del conservatori. La nit taurina inclour\u00e0 una exhibici\u00f3 de &#8220;Do Tancredo i els seus pallassos toreros&#8221; i un bou embolado a partir de les 23.30 h.<\/p>\n\n\n\n<p class=\"wp-block-paragraph\"><strong>Divendres, 16 d&#8217;agost: <\/strong>El dia comen\u00e7ar\u00e0 amb un bou en corda de David Alfaro a les 7.30 h, seguit de la discom\u00f3vil a les 13.00 h i l&#8217;entrada de vaques amb caps de bestiar del mateix ramader a les 14.00 h. #A la vesprada, hi haur\u00e0 vedells i un bou de la ramaderia de Julio Cervera, organitzats per la ACT Carrer Ample a les 19.00 h. La nit culminar\u00e0 amb un espectacle del mentalista Toni Pons a les 00.00 h a l&#8217;esplanada del conservatori i un concurs de emboladores, amb sis bous de la ramaderia de Fernando Machancoses a les 23.30 h.<\/p>\n\n\n\n<p class=\"wp-block-paragraph\"><strong>Dissabte, 17 d&#8217;agost:<\/strong> La jornada inclour\u00e0 un bou en corda de Gns. Navarro Morell a les 7.30 h, seguit de la discom\u00f3vil a les 13.00 h i l&#8217;entrada de vaques amb caps de bestiar de Fernando Machancoses a les 14.00 h. El dia conclour\u00e0 amb un especial taur\u00ed de Fernando Machancoses a les 19.00 h i un especial del Saler organitzat per la Penya El Millars a les 23.30 h, tots dos seguits de bous embolados. A la mitjanit, el musical \u201cThe Time\u201d posar\u00e0 el fermall final a l&#8217;esplanada del conservatori.<\/p>\n\n\n\n<p class=\"wp-block-paragraph\"><strong>Diumenge, 18 d&#8217;agost: <\/strong>L&#8217;\u00faltim dia de la setmana taurina comen\u00e7ar\u00e0 amb un bou en corda de Laura Parejo a les 7.30 h, seguit de la discom\u00f3vil a les 13.00 h i l&#8217;entrada de vaques amb caps de bestiar de Fernando Machancoses a les 14.00 h. La vesprada estar\u00e0 marcada per un especial taur\u00ed de Laura Parejo a les 19.00 h, i la nit finalitzar\u00e0 amb una gran festa de clausura a les 22.00 h.<\/p>\n","protected":false},"excerpt":{"rendered":"<div class=\"mh-excerpt\">Tur\u00eds es prepara per a una emocionant Setmana Taurina, que donar\u00e0 continu\u00eftat als Festejos d&#8217;Agost amb una s\u00e8rie d&#8217;activitats que combinaran la tradici\u00f3 taurina amb esdeveniments l\u00fadics per a tots els p\u00fablics. Des del dilluns <a class=\"mh-excerpt-more\" href=\"https:\/\/tucomarca.whitekongsoftware.com\/ca\/la-semana-taurina-toma-el-relevo-de-los-festejos-de-agosto-en-turis\/\" title=\"La Setmana Taurina completa els Festejos d&#8217;Agost a Tur\u00eds\">[+] <\/a><\/div>\n","protected":false},"author":12,"featured_media":91091,"comment_status":"open","ping_status":"open","sticky":false,"template":"","format":"standard","meta":{"footnotes":""},"categories":[11019,10894,10902,11007,10896,11047],"tags":[11077,15856,11170,11093],"class_list":["post-232638","post","type-post","status-publish","format-standard","has-post-thumbnail","category-agenda-ca","category-la-comarca-ca","category-la-ribera-ca","category-ocio-y-cultura-ca","category-seccion-ca","category-turis-ca","tag-la-ribera-alta-ca","tag-ocio-y-cultura-ca","tag-semana-taurina-turis-ca","tag-turis-ca"],"_links":{"self":[{"href":"https:\/\/tucomarca.whitekongsoftware.com\/ca\/wp-json\/wp\/v2\/posts\/232638","targetHints":{"allow":["GET"]}}],"collection":[{"href":"https:\/\/tucomarca.whitekongsoftware.com\/ca\/wp-json\/wp\/v2\/posts"}],"about":[{"href":"https:\/\/tucomarca.whitekongsoftware.com\/ca\/wp-json\/wp\/v2\/types\/post"}],"author":[{"embeddable":true,"href":"https:\/\/tucomarca.whitekongsoftware.com\/ca\/wp-json\/wp\/v2\/users\/12"}],"replies":[{"embeddable":true,"href":"https:\/\/tucomarca.whitekongsoftware.com\/ca\/wp-json\/wp\/v2\/comments?post=232638"}],"version-history":[{"count":0,"href":"https:\/\/tucomarca.whitekongsoftware.com\/ca\/wp-json\/wp\/v2\/posts\/232638\/revisions"}],"wp:featuredmedia":[{"embeddable":true,"href":"https:\/\/tucomarca.whitekongsoftware.com\/ca\/wp-json\/wp\/v2\/media\/91091"}],"wp:attachment":[{"href":"https:\/\/tucomarca.whitekongsoftware.com\/ca\/wp-json\/wp\/v2\/media?parent=232638"}],"wp:term":[{"taxonomy":"category","embeddable":true,"href":"https:\/\/tucomarca.whitekongsoftware.com\/ca\/wp-json\/wp\/v2\/categories?post=232638"},{"taxonomy":"post_tag","embeddable":true,"href":"https:\/\/tucomarca.whitekongsoftware.com\/ca\/wp-json\/wp\/v2\/tags?post=232638"}],"curies":[{"name":"wp","href":"https:\/\/api.w.org\/{rel}","templated":true}]}}