{"id":232487,"date":"2024-08-12T09:30:00","date_gmt":"2024-08-12T07:30:00","guid":{"rendered":"https:\/\/www.tucomarca.com\/wordpress\/segunda\/el-cambio-en-el-trazado-y-carreras-para-ninos-entre-las-novedades-mas-destacadas-de-la-xxvii-carrera-popular-de-bunol-memorial-raquel-lavilla\/"},"modified":"2024-08-12T11:46:10","modified_gmt":"2024-08-12T09:46:10","slug":"el-cambio-en-el-trazado-y-carreras-para-ninos-entre-las-novedades-mas-destacadas-de-la-xxvii-carrera-popular-de-bunol-memorial-raquel-lavilla","status":"publish","type":"post","link":"https:\/\/tucomarca.whitekongsoftware.com\/ca\/el-cambio-en-el-trazado-y-carreras-para-ninos-entre-las-novedades-mas-destacadas-de-la-xxvii-carrera-popular-de-bunol-memorial-raquel-lavilla\/","title":{"rendered":"El canvi en el tra\u00e7at i carreres per a xiquets, entre les novetats m\u00e9s destacades de la XXVII carrera popular de Bunyol, memorial Raquel Lavilla"},"content":{"rendered":"\n<p class=\"wp-block-paragraph\">Les carreres infantils i alguns canvis en el tra\u00e7at s\u00f3n les novetats de la pr\u00f2xima Carrera Popular Memorial Raquel Lavilla, que constar\u00e0 de 8 quil\u00f2metres i que s&#8217;ha presentat aquest passat divendres a la Sala del Mercat, on s&#8217;han donat a con\u00e9ixer les novetats en el recorregut, aix\u00ed com la planificaci\u00f3, el voluntariat i la nova opci\u00f3 per als #xiquet amb carreres infantils.<\/p>\n\n\n\n<p class=\"wp-block-paragraph\">Aquesta carrera de Fires est\u00e0 organitzada per Esport Bunyol, Ajuntament de Bunyol i C.A. Correores de Bunyol i patrocinada per Lllorens Elecfer i Grup Cajamar.<\/p>\n\n\n\n<figure class=\"wp-block-gallery has-nested-images columns-default is-cropped wp-block-gallery-1 is-layout-flex wp-block-gallery-is-layout-flex\">\n<figure class=\"wp-block-image size-large\"><img loading=\"lazy\" decoding=\"async\" width=\"1024\" height=\"683\" data-id=\"232472\" src=\"https:\/\/www.tucomarca.com\/wordpress\/segunda\/wp-content\/uploads\/2024\/08\/CarreraPop2-1024x683.jpg\" alt=\"\" class=\"wp-image-232472\" srcset=\"https:\/\/tucomarca.whitekongsoftware.com\/wp-content\/uploads\/2024\/08\/CarreraPop2-1024x683.jpg 1024w, https:\/\/tucomarca.whitekongsoftware.com\/wp-content\/uploads\/2024\/08\/CarreraPop2-300x200.jpg 300w, https:\/\/tucomarca.whitekongsoftware.com\/wp-content\/uploads\/2024\/08\/CarreraPop2-768x512.jpg 768w, https:\/\/tucomarca.whitekongsoftware.com\/wp-content\/uploads\/2024\/08\/CarreraPop2-1536x1024.jpg 1536w, https:\/\/tucomarca.whitekongsoftware.com\/wp-content\/uploads\/2024\/08\/CarreraPop2-2048x1365.jpg 2048w\" sizes=\"auto, (max-width: 1024px) 100vw, 1024px\" \/><\/figure>\n\n\n\n<figure class=\"wp-block-image size-large\"><img loading=\"lazy\" decoding=\"async\" width=\"1024\" height=\"682\" data-id=\"232474\" src=\"https:\/\/www.tucomarca.com\/wordpress\/segunda\/wp-content\/uploads\/2024\/08\/CarreraPop3-1024x682.jpg\" alt=\"\" class=\"wp-image-232474\" srcset=\"https:\/\/tucomarca.whitekongsoftware.com\/wp-content\/uploads\/2024\/08\/CarreraPop3-1024x682.jpg 1024w, https:\/\/tucomarca.whitekongsoftware.com\/wp-content\/uploads\/2024\/08\/CarreraPop3-300x200.jpg 300w, https:\/\/tucomarca.whitekongsoftware.com\/wp-content\/uploads\/2024\/08\/CarreraPop3-768x512.jpg 768w, https:\/\/tucomarca.whitekongsoftware.com\/wp-content\/uploads\/2024\/08\/CarreraPop3-1536x1024.jpg 1536w, https:\/\/tucomarca.whitekongsoftware.com\/wp-content\/uploads\/2024\/08\/CarreraPop3-2048x1365.jpg 2048w\" sizes=\"auto, (max-width: 1024px) 100vw, 1024px\" \/><\/figure>\n<\/figure>\n","protected":false},"excerpt":{"rendered":"<div class=\"mh-excerpt\">Les carreres infantils i alguns canvis en el tra\u00e7at s\u00f3n les novetats de la pr\u00f2xima Carrera Popular Memorial Raquel Lavilla, que constar\u00e0 de 8 quil\u00f2metres i que s&#8217;ha presentat aquest passat divendres a la Sala <a class=\"mh-excerpt-more\" href=\"https:\/\/tucomarca.whitekongsoftware.com\/ca\/el-cambio-en-el-trazado-y-carreras-para-ninos-entre-las-novedades-mas-destacadas-de-la-xxvii-carrera-popular-de-bunol-memorial-raquel-lavilla\/\" title=\"El canvi en el tra\u00e7at i carreres per a xiquets, entre les novetats m\u00e9s destacades de la XXVII carrera popular de Bunyol, memorial Raquel Lavilla\">[+] <\/a><\/div>\n","protected":false},"author":12,"featured_media":232471,"comment_status":"open","ping_status":"open","sticky":false,"template":"","format":"gallery","meta":{"footnotes":""},"categories":[11018,10911,11003,10894,10912,10896],"tags":[],"class_list":["post-232487","post","type-post","status-publish","format-gallery","has-post-thumbnail","category-atletisme","category-bunol-ca","category-sports","category-la-comarca-ca","category-la-hoya-ca","category-seccion-ca","post_format-post-format-gallery"],"_links":{"self":[{"href":"https:\/\/tucomarca.whitekongsoftware.com\/ca\/wp-json\/wp\/v2\/posts\/232487","targetHints":{"allow":["GET"]}}],"collection":[{"href":"https:\/\/tucomarca.whitekongsoftware.com\/ca\/wp-json\/wp\/v2\/posts"}],"about":[{"href":"https:\/\/tucomarca.whitekongsoftware.com\/ca\/wp-json\/wp\/v2\/types\/post"}],"author":[{"embeddable":true,"href":"https:\/\/tucomarca.whitekongsoftware.com\/ca\/wp-json\/wp\/v2\/users\/12"}],"replies":[{"embeddable":true,"href":"https:\/\/tucomarca.whitekongsoftware.com\/ca\/wp-json\/wp\/v2\/comments?post=232487"}],"version-history":[{"count":0,"href":"https:\/\/tucomarca.whitekongsoftware.com\/ca\/wp-json\/wp\/v2\/posts\/232487\/revisions"}],"wp:featuredmedia":[{"embeddable":true,"href":"https:\/\/tucomarca.whitekongsoftware.com\/ca\/wp-json\/wp\/v2\/media\/232471"}],"wp:attachment":[{"href":"https:\/\/tucomarca.whitekongsoftware.com\/ca\/wp-json\/wp\/v2\/media?parent=232487"}],"wp:term":[{"taxonomy":"category","embeddable":true,"href":"https:\/\/tucomarca.whitekongsoftware.com\/ca\/wp-json\/wp\/v2\/categories?post=232487"},{"taxonomy":"post_tag","embeddable":true,"href":"https:\/\/tucomarca.whitekongsoftware.com\/ca\/wp-json\/wp\/v2\/tags?post=232487"}],"curies":[{"name":"wp","href":"https:\/\/api.w.org\/{rel}","templated":true}]}}