{"id":232396,"date":"2024-08-10T20:00:00","date_gmt":"2024-08-10T18:00:00","guid":{"rendered":"https:\/\/www.tucomarca.com\/wordpress\/segunda\/?p=232396"},"modified":"2024-08-11T10:22:12","modified_gmt":"2024-08-11T08:22:12","slug":"lalcaldessa-de-xiva-no-perd-lesperanca-de-salvar-les-dates-tradicionals-per-al-torico-de-la-corda-2024","status":"publish","type":"post","link":"https:\/\/tucomarca.whitekongsoftware.com\/ca\/lalcaldessa-de-xiva-no-perd-lesperanca-de-salvar-les-dates-tradicionals-per-al-torico-de-la-corda-2024\/","title":{"rendered":"L&#8217;alcaldessa de Xiva no perd l&#8217;esperan\u00e7a de salvar les dates tradicionals per al Torico de la Corda 2024"},"content":{"rendered":"<div class=\"wp-block-image\">\n<figure class=\"alignleft size-full is-resized\"><img loading=\"lazy\" decoding=\"async\" width=\"944\" height=\"668\" src=\"http:\/\/www.tucomarca.com\/wordpress\/segunda\/wp-content\/uploads\/2024\/08\/AmparoFortChiva.jpg\" alt=\"\" class=\"wp-image-232393\" style=\"width:445px;height:auto\" srcset=\"https:\/\/tucomarca.whitekongsoftware.com\/wp-content\/uploads\/2024\/08\/AmparoFortChiva.jpg 944w, https:\/\/tucomarca.whitekongsoftware.com\/wp-content\/uploads\/2024\/08\/AmparoFortChiva-300x212.jpg 300w, https:\/\/tucomarca.whitekongsoftware.com\/wp-content\/uploads\/2024\/08\/AmparoFortChiva-768x543.jpg 768w\" sizes=\"auto, (max-width: 944px) 100vw, 944px\" \/><\/figure>\n<\/div>\n\n\n<p class=\"wp-block-paragraph\">L&#8217;Ajuntament de Xiva ha recorregut la decisi\u00f3 de la Generalitat perqu\u00e8 considera que \u00e9s viable jur\u00eddicament autoritzar el \u201cTorico de la Corda\u201d en les dates de la sol\u00b7licitud. L&#8217;\u00fanic festeig taur\u00ed a la Comunitat Valenciana, amb la distinci\u00f3 honor\u00edfica de Festa d&#8217;Inter\u00e9s Tur\u00edstic Auton\u00f2mic, vinculada directament als dies de la seua celebraci\u00f3.<\/p>\n\n\n\n<p class=\"wp-block-paragraph\">Segons han destacat fonts municipals, la documentaci\u00f3 que va presentar l&#8217;Ajuntament davant la Conselleria era &#8220;correcta i completa. L&#8217;administraci\u00f3 est\u00e0 obligada a resoldre sempre motivadament. La resoluci\u00f3 dictada inadmet per incompliment en el termini, per\u00f2 aquest no \u00e9s un termini del procediment sin\u00f3 de l&#8217;antelaci\u00f3 m\u00ednima que es requereix perqu\u00e8 l&#8217;administraci\u00f3 auton\u00f2mica puga tramitar. Hi havia termini suficient que permetia tramitar i resoldre el procediment abans de la celebraci\u00f3&#8221;.<\/p>\n\n\n\n<p class=\"wp-block-paragraph\">Amparo Fort confia que el recurs d&#8217;al\u00e7ada interposat i la mesura cautelar sol\u00b7licitada, aconseguisca &#8220;revertir la decisi\u00f3 de la Conselleria i que finalment, s&#8217;autoritze la celebraci\u00f3 del Torico de la Corda en les dates tradicionals. L&#8217;Ajuntament \u00e9rem els \u00fanics legitimats per a interposar aquest recurs i aix\u00ed ho hem fet per a defensar la festa i les tradicions de Xiva, distanciats de la crispaci\u00f3 social, la mediatitzaci\u00f3 i polititzaci\u00f3 de la festa que alguns han promogut irresponsablement\u201d, en declaracions de la pr\u00f2pia alcaldessa.<\/p>\n\n\n\n<p class=\"wp-block-paragraph\">De nou, des del consistori s&#8217;insisteix a &#8220;rebaixar la tensi\u00f3&#8221; i s&#8217;apel\u00b7la a la &#8220;responsabilitat i el sentit com\u00fa, per a evitar disturbis&#8221;.<\/p>\n","protected":false},"excerpt":{"rendered":"<div class=\"mh-excerpt\">L&#8217;Ajuntament de Xiva ha recorregut la decisi\u00f3 de la Generalitat perqu\u00e8 considera que \u00e9s viable jur\u00eddicament autoritzar el \u201cTorico de la Corda\u201d en les dates de la sol\u00b7licitud. L&#8217;\u00fanic festeig taur\u00ed a la Comunitat Valenciana, <a class=\"mh-excerpt-more\" href=\"https:\/\/tucomarca.whitekongsoftware.com\/ca\/lalcaldessa-de-xiva-no-perd-lesperanca-de-salvar-les-dates-tradicionals-per-al-torico-de-la-corda-2024\/\" title=\"L&#8217;alcaldessa de Xiva no perd l&#8217;esperan\u00e7a de salvar les dates tradicionals per al Torico de la Corda 2024\">[+] <\/a><\/div>\n","protected":false},"author":1,"featured_media":232394,"comment_status":"open","ping_status":"open","sticky":false,"template":"","format":"standard","meta":{"footnotes":""},"categories":[10898,10948,10894,10904,10912,11007,10947,10896,10975],"tags":[11195,11205,10914,21076,11129],"class_list":["post-232396","post","type-post","status-publish","format-standard","has-post-thumbnail","category-ventana-ca","category-infraestructuras-ca","category-la-comarca-ca","category-sin-categorizar-ca","category-la-hoya-ca","category-ocio-y-cultura-ca","category-politica","category-seccion-ca","category-chiva-ca","tag-chiva-ca","tag-la-foia-de-bunyol-chiva","tag-la-hoya-de-bunol-chiva-ca","tag-torico-ca","tag-xiva"],"_links":{"self":[{"href":"https:\/\/tucomarca.whitekongsoftware.com\/ca\/wp-json\/wp\/v2\/posts\/232396","targetHints":{"allow":["GET"]}}],"collection":[{"href":"https:\/\/tucomarca.whitekongsoftware.com\/ca\/wp-json\/wp\/v2\/posts"}],"about":[{"href":"https:\/\/tucomarca.whitekongsoftware.com\/ca\/wp-json\/wp\/v2\/types\/post"}],"author":[{"embeddable":true,"href":"https:\/\/tucomarca.whitekongsoftware.com\/ca\/wp-json\/wp\/v2\/users\/1"}],"replies":[{"embeddable":true,"href":"https:\/\/tucomarca.whitekongsoftware.com\/ca\/wp-json\/wp\/v2\/comments?post=232396"}],"version-history":[{"count":0,"href":"https:\/\/tucomarca.whitekongsoftware.com\/ca\/wp-json\/wp\/v2\/posts\/232396\/revisions"}],"wp:featuredmedia":[{"embeddable":true,"href":"https:\/\/tucomarca.whitekongsoftware.com\/ca\/wp-json\/wp\/v2\/media\/232394"}],"wp:attachment":[{"href":"https:\/\/tucomarca.whitekongsoftware.com\/ca\/wp-json\/wp\/v2\/media?parent=232396"}],"wp:term":[{"taxonomy":"category","embeddable":true,"href":"https:\/\/tucomarca.whitekongsoftware.com\/ca\/wp-json\/wp\/v2\/categories?post=232396"},{"taxonomy":"post_tag","embeddable":true,"href":"https:\/\/tucomarca.whitekongsoftware.com\/ca\/wp-json\/wp\/v2\/tags?post=232396"}],"curies":[{"name":"wp","href":"https:\/\/api.w.org\/{rel}","templated":true}]}}