{"id":232356,"date":"2024-08-12T10:55:00","date_gmt":"2024-08-12T08:55:00","guid":{"rendered":"https:\/\/www.tucomarca.com\/wordpress\/segunda\/?p=232356"},"modified":"2024-08-12T14:15:13","modified_gmt":"2024-08-12T12:15:13","slug":"el-ministeri-inicia-el-proces-dexpropiacio-per-a-la-renovacio-integral-de-la-linia-ferroviaria-bunyol-utiel","status":"publish","type":"post","link":"https:\/\/tucomarca.whitekongsoftware.com\/ca\/el-ministeri-inicia-el-proces-dexpropiacio-per-a-la-renovacio-integral-de-la-linia-ferroviaria-bunyol-utiel\/","title":{"rendered":"El Ministeri inicia el proc\u00e9s d&#8217;expropiaci\u00f3 per a la renovaci\u00f3 integral de la l\u00ednia ferrovi\u00e0ria Bunyol-Utiel"},"content":{"rendered":"\n<p class=\"wp-block-paragraph\">El Ministeri de Transports i Mobilitat Sostenible ha comunicat l&#8217;aprovaci\u00f3 del &#8220;Projecte Constructiu per a la Renovaci\u00f3 Integral de la L\u00ednia en el Tram Bunyol-Utiel. Plataforma i Via&#8221;, el qual ha sigut impulsat per ADIF. Aquest projecte implica la renovaci\u00f3 total de la infraestructura ferrovi\u00e0ria en aquest tram, incloent tant la plataforma com la via.<\/p>\n\n\n\n<p class=\"wp-block-paragraph\">Com a part d&#8217;aquest proc\u00e9s, la Direcci\u00f3 General del Sector Ferroviari ha em\u00e9s una resoluci\u00f3, datada el 5 d&#8217;agost, que activa l&#8217;expedient d&#8217;expropiaci\u00f3 for\u00e7osa de les finques necess\u00e0ries per a dur a terme les obres en el terme municipal de Setaig\u00fces.<\/p>\n\n\n\n<p class=\"wp-block-paragraph\">A partir de la data de la notificaci\u00f3, s&#8217;ha obert un termini de quinze dies per a l&#8217;exposici\u00f3 p\u00fablica de les finques afectades per aquest proc\u00e9s d&#8217;expropiaci\u00f3. Des de l&#8217;Ajuntament de Setaig\u00fces, han informat que els interessats a consultar el projecte i l&#8217;Annex d&#8217;Expropiacions poden acudir a les oficines de l&#8217;Ajuntament, en horari d&#8217;atenci\u00f3 al ciutad\u00e0, de dilluns a divendres, de 9,30 a 14,00 hores.<\/p>\n","protected":false},"excerpt":{"rendered":"<div class=\"mh-excerpt\">El Ministeri de Transports i Mobilitat Sostenible ha comunicat l&#8217;aprovaci\u00f3 del &#8220;Projecte Constructiu per a la Renovaci\u00f3 Integral de la L\u00ednia en el Tram Bunyol-Utiel. Plataforma i Via&#8221;, el qual ha sigut impulsat per ADIF. <a class=\"mh-excerpt-more\" href=\"https:\/\/tucomarca.whitekongsoftware.com\/ca\/el-ministeri-inicia-el-proces-dexpropiacio-per-a-la-renovacio-integral-de-la-linia-ferroviaria-bunyol-utiel\/\" title=\"El Ministeri inicia el proc\u00e9s d&#8217;expropiaci\u00f3 per a la renovaci\u00f3 integral de la l\u00ednia ferrovi\u00e0ria Bunyol-Utiel\">[+] <\/a><\/div>\n","protected":false},"author":12,"featured_media":232294,"comment_status":"open","ping_status":"open","sticky":false,"template":"","format":"standard","meta":{"footnotes":""},"categories":[10911,10898,10948,10894,10912,10908,10909,10896,10979,11059],"tags":[10913,12903,10914,11099,10910,11157,11174],"class_list":["post-232356","post","type-post","status-publish","format-standard","has-post-thumbnail","category-bunol-ca","category-ventana-ca","category-infraestructuras-ca","category-la-comarca-ca","category-la-hoya-ca","category-requena-ca","category-requena-utiel-ca","category-seccion-ca","category-siete-aguas-ca","category-utiel-ca","tag-bunol-ca","tag-infraestructuras-ca","tag-la-hoya-de-bunol-chiva-ca","tag-requena-ca","tag-requena-utiel-ca","tag-siete-aguas-ca","tag-utiel-ca"],"_links":{"self":[{"href":"https:\/\/tucomarca.whitekongsoftware.com\/ca\/wp-json\/wp\/v2\/posts\/232356","targetHints":{"allow":["GET"]}}],"collection":[{"href":"https:\/\/tucomarca.whitekongsoftware.com\/ca\/wp-json\/wp\/v2\/posts"}],"about":[{"href":"https:\/\/tucomarca.whitekongsoftware.com\/ca\/wp-json\/wp\/v2\/types\/post"}],"author":[{"embeddable":true,"href":"https:\/\/tucomarca.whitekongsoftware.com\/ca\/wp-json\/wp\/v2\/users\/12"}],"replies":[{"embeddable":true,"href":"https:\/\/tucomarca.whitekongsoftware.com\/ca\/wp-json\/wp\/v2\/comments?post=232356"}],"version-history":[{"count":0,"href":"https:\/\/tucomarca.whitekongsoftware.com\/ca\/wp-json\/wp\/v2\/posts\/232356\/revisions"}],"wp:featuredmedia":[{"embeddable":true,"href":"https:\/\/tucomarca.whitekongsoftware.com\/ca\/wp-json\/wp\/v2\/media\/232294"}],"wp:attachment":[{"href":"https:\/\/tucomarca.whitekongsoftware.com\/ca\/wp-json\/wp\/v2\/media?parent=232356"}],"wp:term":[{"taxonomy":"category","embeddable":true,"href":"https:\/\/tucomarca.whitekongsoftware.com\/ca\/wp-json\/wp\/v2\/categories?post=232356"},{"taxonomy":"post_tag","embeddable":true,"href":"https:\/\/tucomarca.whitekongsoftware.com\/ca\/wp-json\/wp\/v2\/tags?post=232356"}],"curies":[{"name":"wp","href":"https:\/\/api.w.org\/{rel}","templated":true}]}}