{"id":232116,"date":"2024-08-08T09:00:00","date_gmt":"2024-08-08T07:00:00","guid":{"rendered":"https:\/\/www.tucomarca.com\/wordpress\/segunda\/?p=232116"},"modified":"2024-08-08T11:19:53","modified_gmt":"2024-08-08T09:19:53","slug":"la-cooperativa-de-viticultors-de-la-vega-aconsegueix-lautoritzacio-per-a-lelaboracio-de-vins-base-cava","status":"publish","type":"post","link":"https:\/\/tucomarca.whitekongsoftware.com\/ca\/la-cooperativa-de-viticultors-de-la-vega-aconsegueix-lautoritzacio-per-a-lelaboracio-de-vins-base-cava\/","title":{"rendered":"La Cooperativa de Viticultors de la Vega aconsegueix l&#8217;autoritzaci\u00f3 per a l&#8217;elaboraci\u00f3 de vins base cava"},"content":{"rendered":"\n<p class=\"wp-block-paragraph\"><strong>Aquesta concessi\u00f3 suposa un increment del prestigi del municipi de Requena, l&#8217;\u00fanic de la Comunitat Valenciana autoritzat a elaborar caves<\/strong>.<\/p>\n\n\n\n<p class=\"wp-block-paragraph\">La Cooperativa de Viticultors de la Vega, situada en la pedania de Roma, en el municipi de Requena, ha sigut autoritzada pel Consell Regulador de la Denominaci\u00f3 d&#8217;Origen Cava, per a elaborar va vindre base cava, tant rosat, com a blanc, amb ra\u00efm procedent de vinya cultivada pel m\u00e8tode convencional i tamb\u00e9 per l&#8217;ecol\u00f2gic.<\/p>\n\n\n\n<p class=\"wp-block-paragraph\">Segons va explicar el president de la cooperativa, Sergio Cervera \u201chem aconseguit que la nostra cooperativa poguera elaborar va vindre base cava despr\u00e9s d&#8217;obtindre una inspecci\u00f3 favorable per aconseguir complir totalment el plec de condicions exigit per la DO Cava\u201d. Va recon\u00e9ixer a m\u00e9s, que \u201cl&#8217;en\u00f2loga, To\u00f1i Navarro, ha sigut un pilar fonamental en el disseny i execuci\u00f3 del projecte\u201d.<\/p>\n\n\n\n<p class=\"wp-block-paragraph\">L&#8217;esmentada autoritzaci\u00f3 \u00e9s considerada per Cervera com \u201cun salt quantitatiu i qualitatiu de gran envergadura per a la cooperativa i per als seus viticultors socis\u201d. Va posar l&#8217;accent que \u201ctota la comarca es beneficiar\u00e0 indirectament que el municipi de Requena dispose d&#8217;un celler m\u00e9s que compta amb l&#8217;autoritzaci\u00f3 per a elaborar va vindre base cava\u201d.<\/p>\n\n\n\n<p class=\"wp-block-paragraph\">Cervera va destacar a m\u00e9s que \u201cla construcci\u00f3 del celler per a cava s&#8217;ha dut a terme amb gran celeritat, perqu\u00e8 s&#8217;han emprat tan sols tres mesos\u201d. Per aquest motiu, ha agra\u00eft \u201cla important labor desenvolupada pels contractistes i prove\u00efdors, perqu\u00e8 sense la seua col\u00b7laboraci\u00f3, no hauria sigut possible\u201d.<\/p>\n\n\n\n<p class=\"wp-block-paragraph\">Ara, la cooperativa compta amb un celler per a l&#8217;elaboraci\u00f3 de vins tranquils i una altra per a caves.<\/p>\n\n\n\n<p class=\"wp-block-paragraph\">Els dos-cents socis amb qu\u00e8 compta l&#8217;entitat cultiven unes 850 hect\u00e0rees de vinya principalment de les varietats Boval i Macabeu, amb un potencial de producci\u00f3 d&#8217;entre 8 i 10 milions de quilograms anuals de ra\u00efm. D&#8217;aquesta quantitat, aproximadament es destinen a produir caves, 2 milions de quilos i la resta a elaborar vins tranquils. No obstant aix\u00f2, el celler de cava est\u00e0 preparada per a processar 4 milions de quilos. Per aquest motiu, Cervera va deixar clar que estan en disposici\u00f3 d&#8217;admetre a nous socis, tant productors de ra\u00efm blanc, com de tintes. Informa, <strong>Luis Ib\u00e1\u00f1ez.<\/strong><\/p>\n\n\n\n<figure class=\"wp-block-image size-large\"><img loading=\"lazy\" decoding=\"async\" width=\"768\" height=\"1024\" src=\"http:\/\/www.tucomarca.com\/wordpress\/segunda\/wp-content\/uploads\/2024\/08\/CooperativaDeLaVega02-768x1024.jpg\" alt=\"\" class=\"wp-image-232113\" srcset=\"https:\/\/tucomarca.whitekongsoftware.com\/wp-content\/uploads\/2024\/08\/CooperativaDeLaVega02-768x1024.jpg 768w, https:\/\/tucomarca.whitekongsoftware.com\/wp-content\/uploads\/2024\/08\/CooperativaDeLaVega02-225x300.jpg 225w, https:\/\/tucomarca.whitekongsoftware.com\/wp-content\/uploads\/2024\/08\/CooperativaDeLaVega02-1152x1536.jpg 1152w, https:\/\/tucomarca.whitekongsoftware.com\/wp-content\/uploads\/2024\/08\/CooperativaDeLaVega02.jpg 1200w\" sizes=\"auto, (max-width: 768px) 100vw, 768px\" \/><\/figure>\n","protected":false},"excerpt":{"rendered":"<div class=\"mh-excerpt\">Aquesta concessi\u00f3 suposa un increment del prestigi del municipi de Requena, l&#8217;\u00fanic de la Comunitat Valenciana autoritzat a elaborar caves. La Cooperativa de Viticultors de la Vega, situada en la pedania de Roma, en el <a class=\"mh-excerpt-more\" href=\"https:\/\/tucomarca.whitekongsoftware.com\/ca\/la-cooperativa-de-viticultors-de-la-vega-aconsegueix-lautoritzacio-per-a-lelaboracio-de-vins-base-cava\/\" title=\"La Cooperativa de Viticultors de la Vega aconsegueix l&#8217;autoritzaci\u00f3 per a l&#8217;elaboraci\u00f3 de vins base cava\">[+] <\/a><\/div>\n","protected":false},"author":13,"featured_media":232112,"comment_status":"open","ping_status":"open","sticky":false,"template":"","format":"standard","meta":{"footnotes":""},"categories":[10905,11006,10948,10894,11007,10908,10909,10896],"tags":[11309,21075,11099,10910],"class_list":["post-232116","post","type-post","status-publish","format-standard","has-post-thumbnail","category-agricultura-la-comarca-ca","category-canal-vinos","category-infraestructuras-ca","category-la-comarca-ca","category-ocio-y-cultura-ca","category-requena-ca","category-requena-utiel-ca","category-seccion-ca","tag-agricultura-ca","tag-canal-vinos-ca","tag-requena-ca","tag-requena-utiel-ca"],"_links":{"self":[{"href":"https:\/\/tucomarca.whitekongsoftware.com\/ca\/wp-json\/wp\/v2\/posts\/232116","targetHints":{"allow":["GET"]}}],"collection":[{"href":"https:\/\/tucomarca.whitekongsoftware.com\/ca\/wp-json\/wp\/v2\/posts"}],"about":[{"href":"https:\/\/tucomarca.whitekongsoftware.com\/ca\/wp-json\/wp\/v2\/types\/post"}],"author":[{"embeddable":true,"href":"https:\/\/tucomarca.whitekongsoftware.com\/ca\/wp-json\/wp\/v2\/users\/13"}],"replies":[{"embeddable":true,"href":"https:\/\/tucomarca.whitekongsoftware.com\/ca\/wp-json\/wp\/v2\/comments?post=232116"}],"version-history":[{"count":0,"href":"https:\/\/tucomarca.whitekongsoftware.com\/ca\/wp-json\/wp\/v2\/posts\/232116\/revisions"}],"wp:featuredmedia":[{"embeddable":true,"href":"https:\/\/tucomarca.whitekongsoftware.com\/ca\/wp-json\/wp\/v2\/media\/232112"}],"wp:attachment":[{"href":"https:\/\/tucomarca.whitekongsoftware.com\/ca\/wp-json\/wp\/v2\/media?parent=232116"}],"wp:term":[{"taxonomy":"category","embeddable":true,"href":"https:\/\/tucomarca.whitekongsoftware.com\/ca\/wp-json\/wp\/v2\/categories?post=232116"},{"taxonomy":"post_tag","embeddable":true,"href":"https:\/\/tucomarca.whitekongsoftware.com\/ca\/wp-json\/wp\/v2\/tags?post=232116"}],"curies":[{"name":"wp","href":"https:\/\/api.w.org\/{rel}","templated":true}]}}