{"id":232100,"date":"2024-08-08T09:30:00","date_gmt":"2024-08-08T07:30:00","guid":{"rendered":"https:\/\/www.tucomarca.com\/wordpress\/segunda\/?p=232100"},"modified":"2024-08-08T09:33:18","modified_gmt":"2024-08-08T07:33:18","slug":"el-prya-anuncia-que-continuara-treballant-per-requena-i-els-seus-25-llogarets-des-de-loposicio-despres-de-la-seua-ruptura-amb-el-pp-en-el-govern-municipal","status":"publish","type":"post","link":"https:\/\/tucomarca.whitekongsoftware.com\/ca\/el-prya-anuncia-que-continuara-treballant-per-requena-i-els-seus-25-llogarets-des-de-loposicio-despres-de-la-seua-ruptura-amb-el-pp-en-el-govern-municipal\/","title":{"rendered":"El PRyA anuncia que continuar\u00e0 &#8220;treballant per Requena i els seus 25 llogarets des de l&#8217;oposici\u00f3&#8221; despr\u00e9s de la seua ruptura amb el PP en el govern municipal"},"content":{"rendered":"\n<p class=\"wp-block-paragraph\">El Partit de Requena i Llogarets (PRyA), que lidera Joaqu\u00edn Gonz\u00e1lez, ha em\u00e9s aquest dijous un comunicat sobre la ruptura del govern municipal que l&#8217;alcaldessa, Roc\u00edo Cort\u00e9s (PP), va anunciar ahir per sorpresa: &#8220;En el dia d&#8217;ahir, 7 d&#8217;agost de 2024, l&#8217;alcaldessa de Requena, Roc\u00edo Cort\u00e9s, ha comunicat als regidors del Partit de Requena i Llogarets la seua expulsi\u00f3 del Govern Municipal, i la ruptura de manera unilateral, per part del Partit Popular, del pacte de govern signat entre totes dues formacions fa una mica m\u00e9s d&#8217;un any&#8221;, tal com expliquen des del PRyA en el seu comunicat oficial.&nbsp;<\/p>\n\n\n\n<p class=\"wp-block-paragraph\">&#8220;Fins a l&#8217;arribada d&#8217;aquesta decisi\u00f3 del Partit Popular, durant aquests mesos de govern, els tres regidors del PRyA hem estat treballant intensament per a millorar Requena i els seus 25 llogarets&#8221;.<\/p>\n\n\n\n<p class=\"wp-block-paragraph\">&#8220;Els motius que argumenta el Partit Popular de Requena per a aquesta expulsi\u00f3, s\u00f3n les &#8216;difer\u00e8ncies sobre les prioritats del municipi i els desacords en assumptes importants que afecten la ciutadania&#8217;, aix\u00ed com que el PRyA va fer p\u00fablic que davant l&#8217;incompliment del pacte podria haver-hi una ruptura d&#8217;aquest. S\u00f3n els seus motius i els respectem, \u00e9s la seua decisi\u00f3&#8221;, tal com fan constar des del PRyA.<\/p>\n\n\n\n<p class=\"wp-block-paragraph\">&#8220;L&#8217;\u00fanica intenci\u00f3 del PRyA ha sigut treballar des del primer dia fins a l&#8217;\u00faltim per a millorar la gesti\u00f3 oferida pel nostre Ajuntament, i hem fet tot el possible per a aconseguir-lo. En la nostra meta sempre ha estat el compliment del nostre programa electoral, perqu\u00e8 per a aix\u00f2 ens van votar i aix\u00ed continuar\u00e0 sent el que queda de legislatura&#8221;.<\/p>\n\n\n\n<p class=\"wp-block-paragraph\">&#8220;Des del PRyA hem de dir que per a nosaltres ha sigut un honor treballar per a Requena i els seus 25 llogarets des del Govern Municipal, la nostra gesti\u00f3 sempre ha sigut pel b\u00e9 dels ciutadans, \u00e9s per aix\u00f2 que demanem perd\u00f3 per les fallades comeses o els objectius no aconseguits&#8221;.<\/p>\n\n\n\n<p class=\"wp-block-paragraph\">&#8220;Tamb\u00e9 volem donar les gr\u00e0cies a tots els treballadors de l&#8217;Ajuntament, amb els quals hem treballat bra\u00e7 a bra\u00e7, perqu\u00e8 sense ells ens haguera sigut impossible fer la nostra labor. Ara, en aquesta nova etapa que comen\u00e7a, el PRyA treballar\u00e0 per Requena i els seus 25 llogarets des de l&#8217;oposici\u00f3, per la qual cosa ens posem a la disposici\u00f3 de tots els ve\u00efns des d&#8217;aquest mateix instant&#8221;, han finalitzat des del Partit de Requena i Llogarets.<\/p>\n","protected":false},"excerpt":{"rendered":"<div class=\"mh-excerpt\">El Partit de Requena i Llogarets (PRyA), que lidera Joaqu\u00edn Gonz\u00e1lez, ha em\u00e9s aquest dijous un comunicat sobre la ruptura del govern municipal que l&#8217;alcaldessa, Roc\u00edo Cort\u00e9s (PP), va anunciar ahir per sorpresa: &#8220;En el <a class=\"mh-excerpt-more\" href=\"https:\/\/tucomarca.whitekongsoftware.com\/ca\/el-prya-anuncia-que-continuara-treballant-per-requena-i-els-seus-25-llogarets-des-de-loposicio-despres-de-la-seua-ruptura-amb-el-pp-en-el-govern-municipal\/\" title=\"El PRyA anuncia que continuar\u00e0 &#8220;treballant per Requena i els seus 25 llogarets des de l&#8217;oposici\u00f3&#8221; despr\u00e9s de la seua ruptura amb el PP en el govern municipal\">[+] <\/a><\/div>\n","protected":false},"author":1,"featured_media":232103,"comment_status":"open","ping_status":"open","sticky":false,"template":"","format":"standard","meta":{"footnotes":""},"categories":[10898,10948,10894,10904,10947,10908,10909,10896],"tags":[11344,12796,11099,10910],"class_list":["post-232100","post","type-post","status-publish","format-standard","has-post-thumbnail","category-ventana-ca","category-infraestructuras-ca","category-la-comarca-ca","category-sin-categorizar-ca","category-politica","category-requena-ca","category-requena-utiel-ca","category-seccion-ca","tag-pp-ca","tag-prya-ca","tag-requena-ca","tag-requena-utiel-ca"],"_links":{"self":[{"href":"https:\/\/tucomarca.whitekongsoftware.com\/ca\/wp-json\/wp\/v2\/posts\/232100","targetHints":{"allow":["GET"]}}],"collection":[{"href":"https:\/\/tucomarca.whitekongsoftware.com\/ca\/wp-json\/wp\/v2\/posts"}],"about":[{"href":"https:\/\/tucomarca.whitekongsoftware.com\/ca\/wp-json\/wp\/v2\/types\/post"}],"author":[{"embeddable":true,"href":"https:\/\/tucomarca.whitekongsoftware.com\/ca\/wp-json\/wp\/v2\/users\/1"}],"replies":[{"embeddable":true,"href":"https:\/\/tucomarca.whitekongsoftware.com\/ca\/wp-json\/wp\/v2\/comments?post=232100"}],"version-history":[{"count":0,"href":"https:\/\/tucomarca.whitekongsoftware.com\/ca\/wp-json\/wp\/v2\/posts\/232100\/revisions"}],"wp:featuredmedia":[{"embeddable":true,"href":"https:\/\/tucomarca.whitekongsoftware.com\/ca\/wp-json\/wp\/v2\/media\/232103"}],"wp:attachment":[{"href":"https:\/\/tucomarca.whitekongsoftware.com\/ca\/wp-json\/wp\/v2\/media?parent=232100"}],"wp:term":[{"taxonomy":"category","embeddable":true,"href":"https:\/\/tucomarca.whitekongsoftware.com\/ca\/wp-json\/wp\/v2\/categories?post=232100"},{"taxonomy":"post_tag","embeddable":true,"href":"https:\/\/tucomarca.whitekongsoftware.com\/ca\/wp-json\/wp\/v2\/tags?post=232100"}],"curies":[{"name":"wp","href":"https:\/\/api.w.org\/{rel}","templated":true}]}}