{"id":232056,"date":"2024-08-07T13:15:00","date_gmt":"2024-08-07T11:15:00","guid":{"rendered":"https:\/\/www.tucomarca.com\/wordpress\/segunda\/?p=232056"},"modified":"2024-08-07T19:47:04","modified_gmt":"2024-08-07T17:47:04","slug":"la-guardia-civil-incorpora-a-9-nous-oficials-a-les-seues-unitats-entre-elles-les-dutiel-i-bunyol","status":"publish","type":"post","link":"https:\/\/tucomarca.whitekongsoftware.com\/ca\/la-guardia-civil-incorpora-a-9-nous-oficials-a-les-seues-unitats-entre-elles-les-dutiel-i-bunyol\/","title":{"rendered":"La Gu\u00e0rdia Civil incorpora a 9 nous oficials a les seues unitats, entre elles les d&#8217;Utiel i Bunyol\u00a0"},"content":{"rendered":"\n<p class=\"wp-block-paragraph\">La Gu\u00e0rdia Civil de Val\u00e8ncia compta amb 9 nous Tinents que prestaren servei en els diferents llocs de comandament de la Comand\u00e0ncia de Val\u00e8ncia.\u00a0<\/p>\n\n\n\n<p class=\"wp-block-paragraph\">Els Tinents recentment destinats venen a cobrir les vacants disponibles en les diferents unitats de la Comand\u00e0ncia de Val\u00e8ncia. Amb aix\u00f2 es potencien les capacitats de comandament, direcci\u00f3 i control del servei a exercir pel Cos.\u00a0<\/p>\n\n\n\n<p class=\"wp-block-paragraph\">Els Oficials s&#8217;incorporen a les unitats de la Gu\u00e0rdia Civil en les localitats de: Massamagrell, Utiel, Xativa, Cullera, Paiporta, Bunyol, Sueca i Val\u00e8ncia.<\/p>\n\n\n\n<p class=\"wp-block-paragraph\">Amb aquestes incorporacions, la Gu\u00e0rdia Civil reafirma el seu comprom\u00eds amb la millora cont\u00ednua en mat\u00e8ria de seguretat i l&#8217;enfortiment de la nostra missi\u00f3 de garantir la seguretat.\u00a0<\/p>\n\n\n\n<figure class=\"wp-block-image size-large\"><img loading=\"lazy\" decoding=\"async\" width=\"1024\" height=\"841\" src=\"http:\/\/www.tucomarca.com\/wordpress\/segunda\/wp-content\/uploads\/2024\/08\/OficialesBunolUtielGC-1024x841.jpg\" alt=\"\" class=\"wp-image-232053\" srcset=\"https:\/\/tucomarca.whitekongsoftware.com\/wp-content\/uploads\/2024\/08\/OficialesBunolUtielGC-1024x841.jpg 1024w, https:\/\/tucomarca.whitekongsoftware.com\/wp-content\/uploads\/2024\/08\/OficialesBunolUtielGC-300x246.jpg 300w, https:\/\/tucomarca.whitekongsoftware.com\/wp-content\/uploads\/2024\/08\/OficialesBunolUtielGC-768x630.jpg 768w, https:\/\/tucomarca.whitekongsoftware.com\/wp-content\/uploads\/2024\/08\/OficialesBunolUtielGC-1536x1261.jpg 1536w, https:\/\/tucomarca.whitekongsoftware.com\/wp-content\/uploads\/2024\/08\/OficialesBunolUtielGC-2048x1681.jpg 2048w\" sizes=\"auto, (max-width: 1024px) 100vw, 1024px\" \/><\/figure>\n","protected":false},"excerpt":{"rendered":"<div class=\"mh-excerpt\">La Gu\u00e0rdia Civil de Val\u00e8ncia compta amb 9 nous Tinents que prestaren servei en els diferents llocs de comandament de la Comand\u00e0ncia de Val\u00e8ncia.\u00a0 Els Tinents recentment destinats venen a cobrir les vacants disponibles en <a class=\"mh-excerpt-more\" href=\"https:\/\/tucomarca.whitekongsoftware.com\/ca\/la-guardia-civil-incorpora-a-9-nous-oficials-a-les-seues-unitats-entre-elles-les-dutiel-i-bunyol\/\" title=\"La Gu\u00e0rdia Civil incorpora a 9 nous oficials a les seues unitats, entre elles les d&#8217;Utiel i Bunyol\u00a0\">[+] <\/a><\/div>\n","protected":false},"author":1,"featured_media":232052,"comment_status":"open","ping_status":"open","sticky":false,"template":"","format":"standard","meta":{"footnotes":""},"categories":[10911,10898,10948,10894,10904,10912,10909,10896,11059],"tags":[10913,11118,10914,10910,11174],"class_list":["post-232056","post","type-post","status-publish","format-standard","has-post-thumbnail","category-bunol-ca","category-ventana-ca","category-infraestructuras-ca","category-la-comarca-ca","category-sin-categorizar-ca","category-la-hoya-ca","category-requena-utiel-ca","category-seccion-ca","category-utiel-ca","tag-bunol-ca","tag-guardia-civil-ca","tag-la-hoya-de-bunol-chiva-ca","tag-requena-utiel-ca","tag-utiel-ca"],"_links":{"self":[{"href":"https:\/\/tucomarca.whitekongsoftware.com\/ca\/wp-json\/wp\/v2\/posts\/232056","targetHints":{"allow":["GET"]}}],"collection":[{"href":"https:\/\/tucomarca.whitekongsoftware.com\/ca\/wp-json\/wp\/v2\/posts"}],"about":[{"href":"https:\/\/tucomarca.whitekongsoftware.com\/ca\/wp-json\/wp\/v2\/types\/post"}],"author":[{"embeddable":true,"href":"https:\/\/tucomarca.whitekongsoftware.com\/ca\/wp-json\/wp\/v2\/users\/1"}],"replies":[{"embeddable":true,"href":"https:\/\/tucomarca.whitekongsoftware.com\/ca\/wp-json\/wp\/v2\/comments?post=232056"}],"version-history":[{"count":0,"href":"https:\/\/tucomarca.whitekongsoftware.com\/ca\/wp-json\/wp\/v2\/posts\/232056\/revisions"}],"wp:featuredmedia":[{"embeddable":true,"href":"https:\/\/tucomarca.whitekongsoftware.com\/ca\/wp-json\/wp\/v2\/media\/232052"}],"wp:attachment":[{"href":"https:\/\/tucomarca.whitekongsoftware.com\/ca\/wp-json\/wp\/v2\/media?parent=232056"}],"wp:term":[{"taxonomy":"category","embeddable":true,"href":"https:\/\/tucomarca.whitekongsoftware.com\/ca\/wp-json\/wp\/v2\/categories?post=232056"},{"taxonomy":"post_tag","embeddable":true,"href":"https:\/\/tucomarca.whitekongsoftware.com\/ca\/wp-json\/wp\/v2\/tags?post=232056"}],"curies":[{"name":"wp","href":"https:\/\/api.w.org\/{rel}","templated":true}]}}