{"id":231837,"date":"2024-08-06T12:12:00","date_gmt":"2024-08-06T10:12:00","guid":{"rendered":"https:\/\/www.tucomarca.com\/wordpress\/segunda\/?p=231837"},"modified":"2024-08-06T18:56:42","modified_gmt":"2024-08-06T16:56:42","slug":"la-veu-de-les-troianes-ressona-en-el-teatre-roma-de-sagunt","status":"publish","type":"post","link":"https:\/\/tucomarca.whitekongsoftware.com\/ca\/la-veu-de-les-troianes-ressona-en-el-teatre-roma-de-sagunt\/","title":{"rendered":"La veu de les Troianes ressona en el Teatre Rom\u00e0 de Sagunt"},"content":{"rendered":"\n<h3 class=\"wp-block-heading\">Santiago S\u00e1nchez dirigix un text de l\u2019alacantina Josi Alvarado que aporta una reescriptura del cl\u00e0ssic.<\/h3>\n\n\n\n<h3 class=\"wp-block-heading\">La producci\u00f3 de l\u2019IVC reunix un elenc de grans noms de l\u2019escena valenciana.<\/h3>\n\n\n\n<p class=\"wp-block-paragraph\"><br>El festival Sagunt a Escena, organitzat per la Conselleria de Cultura, Educaci\u00f3, Universitats i Ocupaci\u00f3 a trav\u00e9s de l\u2019Institut Valenci\u00e0 de Cultura (IVC), acull en la seua sexta jornada, el dijous 8 d\u2019agost, la posada en escena de Les Troianes. Fucking Nowhere, una producci\u00f3 pr\u00f2pia de l\u2019IVC que es va poder veure en el Teatre Rialto de Val\u00e8ncia, per\u00f2 que amplifica el seu significat en l\u2019escenari del Teatre Rom<br>L\u2019obra es basa en el text original del poeta grec Eur\u00edpides, que descriu el lament i dolor de les dones de la ciutat assetjada de Troia davant la mort, la guerra i la destrucci\u00f3. Per\u00f2 a partir d\u2019este, la dramaturga alacantina Josi Alvarado aporta la seua pr\u00f2pia relectura del text per a posar el focus en els drames actuals i donar cabuda a l\u2019esperan\u00e7a.<br>A partir dels personatges cl\u00e0ssics d\u2019H\u00e8cuba, Cassandra, Paris, Andr\u00f2maca, l\u2019obra de recent producci\u00f3 exposa conflictes contemporanis com el de la immigraci\u00f3, guerres que s\u2019estan produint ara mateix, morts pr\u00f2ximes, esquin\u00e7aments presents.<br>El director, Santiago S\u00e1nchez, se secunda d\u2019un elenc d\u2019actors de primer nivell per al desenrotllament de la dramat\u00fargia. Marina Alegre, Resu Belmonte, Josep Manel Casany, Alberto \u00c1ngel Escart\u00ed, Juanki Fern\u00e1ndez, Rebeca Izquierdo, Gemma Miralles, Candela Mora, Rebeca Valls i Pau Vercher donen vida als personatges.<br>En l\u2019equip art\u00edstic, juntament amb la composici\u00f3 musical de V\u00edctor Lucas, la direcci\u00f3 coreogr\u00e0fica de Mar\u00eda Jos\u00e9 Soler o el disseny d\u2019il\u00b7luminaci\u00f3 de F\u00e9lix Garma, destaca la participaci\u00f3 en l\u2019assessorament fotogr\u00e0fic de Gervasio S\u00e1nchez, fotoperiodista i reporter de guerra de llarga traject\u00f2ria, reconegut amb el Premi Nacional de Dansa. L\u2019equip tamb\u00e9 compta amb l\u2019aportaci\u00f3 de l\u2019antrop\u00f2loga, professora i activista ecofeminista Yayo Herrero.<\/p>\n\n\n\n<p class=\"wp-block-paragraph\"><strong>Celebraci\u00f3 del cos que balla<\/strong><\/p>\n\n\n\n<figure class=\"wp-block-image size-large is-resized\"><img loading=\"lazy\" decoding=\"async\" width=\"1024\" height=\"695\" src=\"https:\/\/www.tucomarca.com\/wordpress\/segunda\/wp-content\/uploads\/2024\/08\/LasTroyanas3-1024x695.jpg\" alt=\"\" class=\"wp-image-231838\" style=\"width:559px;height:auto\" srcset=\"https:\/\/tucomarca.whitekongsoftware.com\/wp-content\/uploads\/2024\/08\/LasTroyanas3-1024x695.jpg 1024w, https:\/\/tucomarca.whitekongsoftware.com\/wp-content\/uploads\/2024\/08\/LasTroyanas3-300x203.jpg 300w, https:\/\/tucomarca.whitekongsoftware.com\/wp-content\/uploads\/2024\/08\/LasTroyanas3-768x521.jpg 768w, https:\/\/tucomarca.whitekongsoftware.com\/wp-content\/uploads\/2024\/08\/LasTroyanas3.jpg 1181w\" sizes=\"auto, (max-width: 1024px) 100vw, 1024px\" \/><\/figure>\n\n\n\n<p class=\"wp-block-paragraph\">Un dia abans, la ballarina i core\u00f2grafa Christine Cloux ballar\u00e0 de nou Corps Seul, la pe\u00e7a amb la qual acaba d\u2019aconseguir la distinci\u00f3 a millor int\u00e8rpret femenina de dansa en l\u2019\u00faltima i recent edici\u00f3 dels Premis Max.<br>Establida a Val\u00e8ncia des de fa tres d\u00e8cades, Cloux, su\u00efssa de naixement, reviu en el seu cos les sensacions profundes que el moviment produ\u00efx en el seu cos quan este la travessa. El solo, un treball intimista i delicat en la seua primera part, la que el festival acull, recorre cada m\u00fascul, f\u00e0scia i cent\u00edmetre de la seua pell en un preciosista recorregut ple de subtileses i detalls.<br>La Casa dels Berenguer, un dels espais patrimonials de m\u00e9s rellev\u00e0ncia del municipi de Sagunt, acollir\u00e0 dos sessions de la pe\u00e7a el dia 7 a les 22 i a les 23 hores.<\/p>\n\n\n\n<p class=\"wp-block-paragraph\"><strong>L\u2019Albufera es cuida<\/strong><\/p>\n\n\n\n<figure class=\"wp-block-image size-large\"><img loading=\"lazy\" decoding=\"async\" width=\"1024\" height=\"682\" src=\"http:\/\/www.tucomarca.com\/wordpress\/segunda\/wp-content\/uploads\/2024\/08\/LasTroyanas2-1024x682.jpg\" alt=\"\" class=\"wp-image-231833\" srcset=\"https:\/\/tucomarca.whitekongsoftware.com\/wp-content\/uploads\/2024\/08\/LasTroyanas2-1024x682.jpg 1024w, https:\/\/tucomarca.whitekongsoftware.com\/wp-content\/uploads\/2024\/08\/LasTroyanas2-300x200.jpg 300w, https:\/\/tucomarca.whitekongsoftware.com\/wp-content\/uploads\/2024\/08\/LasTroyanas2-768x512.jpg 768w, https:\/\/tucomarca.whitekongsoftware.com\/wp-content\/uploads\/2024\/08\/LasTroyanas2.jpg 1181w\" sizes=\"auto, (max-width: 1024px) 100vw, 1024px\" \/><\/figure>\n\n\n\n<p class=\"wp-block-paragraph\">D\u2019altra banda, la jove core\u00f2grafa i ballarina Anna Mateu ha triat un tema sensible per a la seua pe\u00e7a Arr\u00f2s com \u00e9s el de la cura del medi ambient, que es podr\u00e0 vore el dia 9 d\u2019agost a les 20:00 hores en la pla\u00e7a Antiga Moreria.<br>Mateu es val de la barreja dels llenguatges propis de la dansa i el circ per a plantejar de manera creativa i l\u00fadica una realitat que afecta a tots. Amb la ic\u00f2nica imatge dels camps d\u2019arr\u00f2s com a refer\u00e8ncia est\u00e8tica i visual, en l\u2019equip es troben tamb\u00e9 Miguel Barreto, M\u00f3nika Vazquez i IIy\u00e0 Gendler.<br>Arr\u00f2s es constru\u00efx a partir de la coreografia de moviments acrob\u00e0tics inspirats en les formes i moviments de la naturalesa, com el creixement ascendent i c\u00edclic de les llavors, i al seu torn en els costums i tradicions locals relacionades amb el cultiu de l\u2019arr\u00f2s.<br>Sagunt a Escena \u00e9s un festival organitzat per l\u2019Institut Valenci\u00e0 de Cultura amb la col\u00b7laboraci\u00f3 de l\u2019Ajuntament de Sagunt i l\u2019\u00e0rea de teatres de la Diputaci\u00f3 de Val\u00e8ncia. En la seua 41 edici\u00f3, se celebra de l\u20191 al 25 d\u2019agost de 2024 en el Teatre Rom\u00e0 i altres espais de Sagunt.<\/p>\n","protected":false},"excerpt":{"rendered":"<div class=\"mh-excerpt\">Santiago S\u00e1nchez dirigix un text de l\u2019alacantina Josi Alvarado que aporta una reescriptura del cl\u00e0ssic. La producci\u00f3 de l\u2019IVC reunix un elenc de grans noms de l\u2019escena valenciana. El festival Sagunt a Escena, organitzat per <a class=\"mh-excerpt-more\" href=\"https:\/\/tucomarca.whitekongsoftware.com\/ca\/la-veu-de-les-troianes-ressona-en-el-teatre-roma-de-sagunt\/\" title=\"La veu de les Troianes ressona en el Teatre Rom\u00e0 de Sagunt\">[+] <\/a><\/div>\n","protected":false},"author":12,"featured_media":231832,"comment_status":"open","ping_status":"open","sticky":false,"template":"","format":"standard","meta":{"footnotes":""},"categories":[11019,11005,10898,10894,10904,11007,10896],"tags":[13274,21066,21067],"class_list":["post-231837","post","type-post","status-publish","format-standard","has-post-thumbnail","category-agenda-ca","category-canal-musica","category-ventana-ca","category-la-comarca-ca","category-sin-categorizar-ca","category-ocio-y-cultura-ca","category-seccion-ca","tag-institut-valencia-de-cultura-ca","tag-las-troyanas-ca","tag-sagunt-a-escena-ca"],"_links":{"self":[{"href":"https:\/\/tucomarca.whitekongsoftware.com\/ca\/wp-json\/wp\/v2\/posts\/231837","targetHints":{"allow":["GET"]}}],"collection":[{"href":"https:\/\/tucomarca.whitekongsoftware.com\/ca\/wp-json\/wp\/v2\/posts"}],"about":[{"href":"https:\/\/tucomarca.whitekongsoftware.com\/ca\/wp-json\/wp\/v2\/types\/post"}],"author":[{"embeddable":true,"href":"https:\/\/tucomarca.whitekongsoftware.com\/ca\/wp-json\/wp\/v2\/users\/12"}],"replies":[{"embeddable":true,"href":"https:\/\/tucomarca.whitekongsoftware.com\/ca\/wp-json\/wp\/v2\/comments?post=231837"}],"version-history":[{"count":0,"href":"https:\/\/tucomarca.whitekongsoftware.com\/ca\/wp-json\/wp\/v2\/posts\/231837\/revisions"}],"wp:featuredmedia":[{"embeddable":true,"href":"https:\/\/tucomarca.whitekongsoftware.com\/ca\/wp-json\/wp\/v2\/media\/231832"}],"wp:attachment":[{"href":"https:\/\/tucomarca.whitekongsoftware.com\/ca\/wp-json\/wp\/v2\/media?parent=231837"}],"wp:term":[{"taxonomy":"category","embeddable":true,"href":"https:\/\/tucomarca.whitekongsoftware.com\/ca\/wp-json\/wp\/v2\/categories?post=231837"},{"taxonomy":"post_tag","embeddable":true,"href":"https:\/\/tucomarca.whitekongsoftware.com\/ca\/wp-json\/wp\/v2\/tags?post=231837"}],"curies":[{"name":"wp","href":"https:\/\/api.w.org\/{rel}","templated":true}]}}