{"id":231676,"date":"2024-08-04T12:00:00","date_gmt":"2024-08-04T10:00:00","guid":{"rendered":"https:\/\/www.tucomarca.com\/wordpress\/segunda\/?p=231676"},"modified":"2024-08-05T11:54:06","modified_gmt":"2024-08-05T09:54:06","slug":"la-guardia-civil-dete-a-un-traficant-de-drogues-a-lliria","status":"publish","type":"post","link":"https:\/\/tucomarca.whitekongsoftware.com\/ca\/la-guardia-civil-dete-a-un-traficant-de-drogues-a-lliria\/","title":{"rendered":"La Gu\u00e0rdia Civil det\u00e9 a un traficant de drogues a Ll\u00edria\u00a0"},"content":{"rendered":"\n<h3 class=\"wp-block-heading\">Els familiars, que residien en els voltants, donaven la veu d&#8217;alarma quan s&#8217;aproximaven les patrulles de la Gu\u00e0rdia Civil.<\/h3>\n\n\n\n<p class=\"wp-block-paragraph\">La Gu\u00e0rdia Civil de Val\u00e8ncia, en el marc de l&#8217;operaci\u00f3 JOAB, det\u00e9 a un home que havia establit un actiu punt de venda de drogues en la localitat de Ll\u00edria.<\/p>\n\n\n\n<p class=\"wp-block-paragraph\">Dins del pla de lluita contra el comer\u00e7 minorista de drogues, diversos agents van detectar un punt del nucli urb\u00e0 de Ll\u00edria que havia vist augmentar la seua aflu\u00e8ncia en horari nocturn. Davant la sospita que poguera trobar-se en les proximitats algun punt de venda de droga els investigadors van decidir realitzar un operatiu per a comprovar-lo.<\/p>\n\n\n\n<p class=\"wp-block-paragraph\">Aix\u00ed es va crear l&#8217;operaci\u00f3 JOAB, que en un primer moment va tractar d&#8217;identificar a possibles persones que pogueren estar realitzant alguna activitat delictiva de comer\u00e7 de drogues. Els agents es van adonar que diversos residents realitzaven labors de vigil\u00e0ncia i alertaven de la pres\u00e8ncia de la Gu\u00e0rdia Civil.<\/p>\n\n\n\n<p class=\"wp-block-paragraph\">Els investigadors, a trav\u00e9s de protocols de contra-vigil\u00e0ncia, van aconseguir despistar a aquestes persones i van identificar tant el punt concret on podia estar produint-se el sovintege de drogues com a una persona responsable. Es tractava d&#8217;un habitatge a nom d&#8217;una empresa que no estava fent \u00fas aparent de la mateixa per a l&#8217;activitat comercial.&nbsp;<\/p>\n\n\n\n<p class=\"wp-block-paragraph\">Tamb\u00e9 es va esbrinar que l&#8217;autor dels fets emprava els seus familiars que residien en els voltants, inclosos els seus fills menors d&#8217;edat, per a alertar-li de l&#8217;aproximaci\u00f3 de les patrulles.&nbsp;<\/p>\n\n\n\n<p class=\"wp-block-paragraph\">Finalment, es va practicar una entrada i registre a l&#8217;interior de l&#8217;immoble i es va verificar que estava sent utilitzat com un punt de venda de drogues. En el seu interior es van trobar 20 grams de coca\u00efna i 50 de marihuana, a m\u00e9s d&#8217;elements que van permetre acreditar l&#8217;autoria dels fets i demostraven completament l&#8217;activitat delictiva.&nbsp;<\/p>\n\n\n\n<p class=\"wp-block-paragraph\">Per aquests fets s&#8217;ha detingut a una persona de 44 anys i nacionalitat espanyola a la qual se li imputa un delicte contra la salut p\u00fablica (tr\u00e0fic de drogues)<\/p>\n\n\n\n<p class=\"wp-block-paragraph\">Les dilig\u00e8ncies han sigut entregades en el Jutjat de Primera Inst\u00e0ncia i Instrucci\u00f3 N\u00famero 7 de Lliria.<\/p>\n","protected":false},"excerpt":{"rendered":"<div class=\"mh-excerpt\">Els familiars, que residien en els voltants, donaven la veu d&#8217;alarma quan s&#8217;aproximaven les patrulles de la Gu\u00e0rdia Civil. La Gu\u00e0rdia Civil de Val\u00e8ncia, en el marc de l&#8217;operaci\u00f3 JOAB, det\u00e9 a un home que <a class=\"mh-excerpt-more\" href=\"https:\/\/tucomarca.whitekongsoftware.com\/ca\/la-guardia-civil-dete-a-un-traficant-de-drogues-a-lliria\/\" title=\"La Gu\u00e0rdia Civil det\u00e9 a un traficant de drogues a Ll\u00edria\u00a0\">[+] <\/a><\/div>\n","protected":false},"author":1,"featured_media":231674,"comment_status":"open","ping_status":"open","sticky":false,"template":"","format":"standard","meta":{"footnotes":""},"categories":[10892,10898,10894,10904,10928,10896,10897],"tags":[10899,11118,11070],"class_list":["post-231676","post","type-post","status-publish","format-standard","has-post-thumbnail","category-camp-de-turia-ca","category-ventana-ca","category-la-comarca-ca","category-sin-categorizar-ca","category-lliria-ca","category-seccion-ca","category-sucesos-la-comarca-ca","tag-camp-de-turia-ca","tag-guardia-civil-ca","tag-lliria-ca"],"_links":{"self":[{"href":"https:\/\/tucomarca.whitekongsoftware.com\/ca\/wp-json\/wp\/v2\/posts\/231676","targetHints":{"allow":["GET"]}}],"collection":[{"href":"https:\/\/tucomarca.whitekongsoftware.com\/ca\/wp-json\/wp\/v2\/posts"}],"about":[{"href":"https:\/\/tucomarca.whitekongsoftware.com\/ca\/wp-json\/wp\/v2\/types\/post"}],"author":[{"embeddable":true,"href":"https:\/\/tucomarca.whitekongsoftware.com\/ca\/wp-json\/wp\/v2\/users\/1"}],"replies":[{"embeddable":true,"href":"https:\/\/tucomarca.whitekongsoftware.com\/ca\/wp-json\/wp\/v2\/comments?post=231676"}],"version-history":[{"count":0,"href":"https:\/\/tucomarca.whitekongsoftware.com\/ca\/wp-json\/wp\/v2\/posts\/231676\/revisions"}],"wp:featuredmedia":[{"embeddable":true,"href":"https:\/\/tucomarca.whitekongsoftware.com\/ca\/wp-json\/wp\/v2\/media\/231674"}],"wp:attachment":[{"href":"https:\/\/tucomarca.whitekongsoftware.com\/ca\/wp-json\/wp\/v2\/media?parent=231676"}],"wp:term":[{"taxonomy":"category","embeddable":true,"href":"https:\/\/tucomarca.whitekongsoftware.com\/ca\/wp-json\/wp\/v2\/categories?post=231676"},{"taxonomy":"post_tag","embeddable":true,"href":"https:\/\/tucomarca.whitekongsoftware.com\/ca\/wp-json\/wp\/v2\/tags?post=231676"}],"curies":[{"name":"wp","href":"https:\/\/api.w.org\/{rel}","templated":true}]}}