{"id":231638,"date":"2024-08-02T09:15:00","date_gmt":"2024-08-02T07:15:00","guid":{"rendered":"https:\/\/www.tucomarca.com\/wordpress\/segunda\/?p=231638"},"modified":"2024-08-02T14:23:39","modified_gmt":"2024-08-02T12:23:39","slug":"la-sequera-les-altes-temperatures-i-labando-de-parcelles-doliveres-arruinen-les-produccions-doli-a-les-comarques-dinterior-de-la-provincia-de-valencia","status":"publish","type":"post","link":"https:\/\/tucomarca.whitekongsoftware.com\/ca\/la-sequera-les-altes-temperatures-i-labando-de-parcelles-doliveres-arruinen-les-produccions-doli-a-les-comarques-dinterior-de-la-provincia-de-valencia\/","title":{"rendered":"La sequera, les altes temperatures i l&#8217;aband\u00f3 de parcel\u00b7les d&#8217;oliveres arru\u00efnen les produccions d&#8217;oli a les comarques d&#8217;interior de la prov\u00edncia de Val\u00e8ncia"},"content":{"rendered":"\n<p class=\"wp-block-paragraph\">Les comarques d&#8217;interior de la prov\u00edncia de Val\u00e8ncia tindran, per tercer any consecutiu, una escassa collita d&#8217;oli d&#8217;oliva a conseq\u00fc\u00e8ncia de les altes temperatures que es venen registrant quan les oliveres estan en la fase de floraci\u00f3 perqu\u00e8 cremen les flors, i de la sequera. <\/p>\n\n\n\n<p class=\"wp-block-paragraph\">A m\u00e9s, tamb\u00e9 influeix en la caiguda de les produccions, que hi ha moltes parcel\u00b7les d&#8217;olivera abandonades i amb tend\u00e8ncia a cr\u00e9ixer les hect\u00e0rees en situaci\u00f3 d&#8217;aband\u00f3. <\/p>\n\n\n\n<p class=\"wp-block-paragraph\">Aix\u00ed les coses, en la major zona productora d&#8217;oli d&#8217;oliva del municipi de Requena, que \u00e9s la dels Sardiners, m\u00e9s del 50% de les hect\u00e0rees d&#8217;oliveres estan abandonades.<\/p>\n\n\n\n<p class=\"wp-block-paragraph\">Els agricultors han treballat a \u201cp\u00e8rdues\u201d les oliveres, durant tres anys consecutius, i ells mateixos asseguren que aquest fet \u201cincrementar\u00e0 la superf\u00edcie de cultiu en situaci\u00f3 d&#8217;aband\u00f3\u201d.<\/p>\n\n\n\n<p class=\"wp-block-paragraph\">La producci\u00f3 d&#8217;oli d&#8217;oliva \u00e9s molt significativa a les comarques de Requena-Utiel, la Vall d&#8217;Aiora, els Serrans i la Foia de Bunyol. Informa, <strong>Luis Ib\u00e1\u00f1ez<\/strong>.<\/p>\n","protected":false},"excerpt":{"rendered":"<div class=\"mh-excerpt\">Les comarques d&#8217;interior de la prov\u00edncia de Val\u00e8ncia tindran, per tercer any consecutiu, una escassa collita d&#8217;oli d&#8217;oliva a conseq\u00fc\u00e8ncia de les altes temperatures que es venen registrant quan les oliveres estan en la fase <a class=\"mh-excerpt-more\" href=\"https:\/\/tucomarca.whitekongsoftware.com\/ca\/la-sequera-les-altes-temperatures-i-labando-de-parcelles-doliveres-arruinen-les-produccions-doli-a-les-comarques-dinterior-de-la-provincia-de-valencia\/\" title=\"La sequera, les altes temperatures i l&#8217;aband\u00f3 de parcel\u00b7les d&#8217;oliveres arru\u00efnen les produccions d&#8217;oli a les comarques d&#8217;interior de la prov\u00edncia de Val\u00e8ncia\">[+] <\/a><\/div>\n","protected":false},"author":12,"featured_media":231636,"comment_status":"open","ping_status":"open","sticky":false,"template":"","format":"standard","meta":{"footnotes":""},"categories":[10905,10951,11046,10898,10948,10894,10904,10912,10903,10909,10896,10897],"tags":[11309,11199],"class_list":["post-231638","post","type-post","status-publish","format-standard","has-post-thumbnail","category-agricultura-la-comarca-ca","category-ayora-cofrentes-ca","category-los-serranos-ca","category-ventana-ca","category-infraestructuras-ca","category-la-comarca-ca","category-sin-categorizar-ca","category-la-hoya-ca","category-medio-ambiente-la-comarca-ca","category-requena-utiel-ca","category-seccion-ca","category-sucesos-la-comarca-ca","tag-agricultura-ca","tag-la-comunitat-ca"],"_links":{"self":[{"href":"https:\/\/tucomarca.whitekongsoftware.com\/ca\/wp-json\/wp\/v2\/posts\/231638","targetHints":{"allow":["GET"]}}],"collection":[{"href":"https:\/\/tucomarca.whitekongsoftware.com\/ca\/wp-json\/wp\/v2\/posts"}],"about":[{"href":"https:\/\/tucomarca.whitekongsoftware.com\/ca\/wp-json\/wp\/v2\/types\/post"}],"author":[{"embeddable":true,"href":"https:\/\/tucomarca.whitekongsoftware.com\/ca\/wp-json\/wp\/v2\/users\/12"}],"replies":[{"embeddable":true,"href":"https:\/\/tucomarca.whitekongsoftware.com\/ca\/wp-json\/wp\/v2\/comments?post=231638"}],"version-history":[{"count":0,"href":"https:\/\/tucomarca.whitekongsoftware.com\/ca\/wp-json\/wp\/v2\/posts\/231638\/revisions"}],"wp:featuredmedia":[{"embeddable":true,"href":"https:\/\/tucomarca.whitekongsoftware.com\/ca\/wp-json\/wp\/v2\/media\/231636"}],"wp:attachment":[{"href":"https:\/\/tucomarca.whitekongsoftware.com\/ca\/wp-json\/wp\/v2\/media?parent=231638"}],"wp:term":[{"taxonomy":"category","embeddable":true,"href":"https:\/\/tucomarca.whitekongsoftware.com\/ca\/wp-json\/wp\/v2\/categories?post=231638"},{"taxonomy":"post_tag","embeddable":true,"href":"https:\/\/tucomarca.whitekongsoftware.com\/ca\/wp-json\/wp\/v2\/tags?post=231638"}],"curies":[{"name":"wp","href":"https:\/\/api.w.org\/{rel}","templated":true}]}}