{"id":231624,"date":"2024-08-02T12:00:00","date_gmt":"2024-08-02T10:00:00","guid":{"rendered":"https:\/\/www.tucomarca.com\/wordpress\/segunda\/?p=231624"},"modified":"2024-08-02T13:33:11","modified_gmt":"2024-08-02T11:33:11","slug":"la-guardia-civil-dete-a-un-pare-que-utilitzava-als-seus-fills-per-a-cultivar-marihuana-en-lalcudia","status":"publish","type":"post","link":"https:\/\/tucomarca.whitekongsoftware.com\/ca\/la-guardia-civil-dete-a-un-pare-que-utilitzava-als-seus-fills-per-a-cultivar-marihuana-en-lalcudia\/","title":{"rendered":"La Gu\u00e0rdia Civil det\u00e9 a un pare que utilitzava als seus fills per a cultivar marihuana en L\u2019Alcudia"},"content":{"rendered":"\n<h3 class=\"wp-block-heading\">La Gu\u00e0rdia Civil det\u00e9 a un pare que utilitzava als seus fills per a cultivar marihuana en L\u2019Alcudia.<\/h3>\n\n\n\n<h3 class=\"wp-block-heading\">Tamb\u00e9 es va realitzar una inspecci\u00f3 en una finca de Carlet ocupada il\u00b7legalment on es van detectar altres tres plantacions de marihuanaEn total s&#8217;han apreh\u00e9s m\u00e9s de mil plantes de marihuana i s&#8217;han desarticulat quatre plantacions indoor.<\/h3>\n\n\n\n<p class=\"wp-block-paragraph\">La Gu\u00e0rdia Civil de Val\u00e8ncia det\u00e9 a un home que havia creat una plantaci\u00f3 de marihuana indoor en una nau de la localitat de L\u2019Alcudia i que emprava els seus dos fills menors d&#8217;edat per a cuidar-la. En el marc de la lluita contra el cultiu de plantacions en interior, s&#8217;han realitzat diverses inspeccions que han perm\u00e9s desmantellar altres tres plantacions.<\/p>\n\n\n\n<p class=\"wp-block-paragraph\">La investigaci\u00f3 va comen\u00e7ar quan els investigadors van obtindre una informaci\u00f3 que apuntava al fet que una nau en la localitat de L\u2019Alcudia. Els gu\u00e0rdies civils van comprovar com el consum el\u00e8ctric de la nau, que semblava no desenvolupar cap activitat comercial, era molt elevat. Tamb\u00e9 van observar com en diverses ocasions acudia una persona amb els seus dos fills menors a l&#8217;interior.<\/p>\n\n\n\n<p class=\"wp-block-paragraph\">Fruit de les dilig\u00e8ncies practicades, es va poder comprovar que un home de 48 anys estava utilitzant la nau per al cultiu de marihuana indoor i que a m\u00e9s utilitzava als seus fills menors per a ajudar-lo en les tasques de cultiu, com ara la poda.&nbsp;<\/p>\n\n\n\n<p class=\"wp-block-paragraph\">Finalment es va practicar una entrada i registre en la qual es va verificar com efectivament la nau estava sent utilitzada per a la producci\u00f3 de droga. A l&#8217;interior es van trobar una mica m\u00e9s de 500 plantes de marihuana i un sofisticat equip per a potenciar el seu desenvolupament i creixement. Per aquests fets es va detindre a un home de 48 anys i nacionalitat espanyola.<\/p>\n\n\n\n<p class=\"wp-block-paragraph\"><strong>Ampliaci\u00f3 de l&#8217;operatiu<\/strong><\/p>\n\n\n\n<p class=\"wp-block-paragraph\">Els mateixos agents, dins del pla de lluita contra l&#8217;elaboraci\u00f3 de drogues, van detectar tamb\u00e9 un edifici en la localitat de Carlet habitat \u00edntegrament per ocupes en el qual podrien estar desenvolupant-se tamb\u00e9 plantacions de marihuana.<\/p>\n\n\n\n<p class=\"wp-block-paragraph\">Juntament amb el titular dels habitatges, es va realitzar una inspecci\u00f3 que va permetre el desmantellament d&#8217;altres tres plantacions indoor, aix\u00ed com la detenci\u00f3 d&#8217;altres dues persones, de 55 i 27 anys d&#8217;edat i nacionalitat espanyola. Amb aquesta actuaci\u00f3 s&#8217;ha aconseguit aprehendre altres 500 plantes de marihuana, elevant a m\u00e9s de 1.000 el total de l&#8217;operatiu.&nbsp;<\/p>\n\n\n\n<p class=\"wp-block-paragraph\">Les dilig\u00e8ncies han sigut entregades en el Jutjat de Primera Inst\u00e0ncia i Instrucci\u00f3 N\u00famero 2 de Carlet.<\/p>\n\n\n\n<figure class=\"wp-block-image size-large\"><img loading=\"lazy\" decoding=\"async\" width=\"1024\" height=\"768\" src=\"http:\/\/www.tucomarca.com\/wordpress\/segunda\/wp-content\/uploads\/2024\/08\/AlcudiaGC2-1024x768.jpg\" alt=\"\" class=\"wp-image-231621\" srcset=\"https:\/\/tucomarca.whitekongsoftware.com\/wp-content\/uploads\/2024\/08\/AlcudiaGC2-1024x768.jpg 1024w, https:\/\/tucomarca.whitekongsoftware.com\/wp-content\/uploads\/2024\/08\/AlcudiaGC2-300x225.jpg 300w, https:\/\/tucomarca.whitekongsoftware.com\/wp-content\/uploads\/2024\/08\/AlcudiaGC2-768x576.jpg 768w, https:\/\/tucomarca.whitekongsoftware.com\/wp-content\/uploads\/2024\/08\/AlcudiaGC2-1536x1152.jpg 1536w, https:\/\/tucomarca.whitekongsoftware.com\/wp-content\/uploads\/2024\/08\/AlcudiaGC2-678x509.jpg 678w, https:\/\/tucomarca.whitekongsoftware.com\/wp-content\/uploads\/2024\/08\/AlcudiaGC2-326x245.jpg 326w, https:\/\/tucomarca.whitekongsoftware.com\/wp-content\/uploads\/2024\/08\/AlcudiaGC2-80x60.jpg 80w, https:\/\/tucomarca.whitekongsoftware.com\/wp-content\/uploads\/2024\/08\/AlcudiaGC2.jpg 2000w\" sizes=\"auto, (max-width: 1024px) 100vw, 1024px\" \/><\/figure>\n","protected":false},"excerpt":{"rendered":"<div class=\"mh-excerpt\">La Gu\u00e0rdia Civil det\u00e9 a un pare que utilitzava als seus fills per a cultivar marihuana en L\u2019Alcudia. Tamb\u00e9 es va realitzar una inspecci\u00f3 en una finca de Carlet ocupada il\u00b7legalment on es van detectar <a class=\"mh-excerpt-more\" href=\"https:\/\/tucomarca.whitekongsoftware.com\/ca\/la-guardia-civil-dete-a-un-pare-que-utilitzava-als-seus-fills-per-a-cultivar-marihuana-en-lalcudia\/\" title=\"La Gu\u00e0rdia Civil det\u00e9 a un pare que utilitzava als seus fills per a cultivar marihuana en L\u2019Alcudia\">[+] <\/a><\/div>\n","protected":false},"author":1,"featured_media":231620,"comment_status":"open","ping_status":"open","sticky":false,"template":"","format":"image","meta":{"footnotes":""},"categories":[10898,10948,10995,10894,10904,10902,10896,10897],"tags":[17107,11118,16574,11077],"class_list":["post-231624","post","type-post","status-publish","format-image","has-post-thumbnail","category-ventana-ca","category-infraestructuras-ca","category-lalcudia-ca","category-la-comarca-ca","category-sin-categorizar-ca","category-la-ribera-ca","category-seccion-ca","category-sucesos-la-comarca-ca","tag-detenido-ca","tag-guardia-civil-ca","tag-lalcudia-2-ca","tag-la-ribera-alta-ca","post_format-post-format-image"],"_links":{"self":[{"href":"https:\/\/tucomarca.whitekongsoftware.com\/ca\/wp-json\/wp\/v2\/posts\/231624","targetHints":{"allow":["GET"]}}],"collection":[{"href":"https:\/\/tucomarca.whitekongsoftware.com\/ca\/wp-json\/wp\/v2\/posts"}],"about":[{"href":"https:\/\/tucomarca.whitekongsoftware.com\/ca\/wp-json\/wp\/v2\/types\/post"}],"author":[{"embeddable":true,"href":"https:\/\/tucomarca.whitekongsoftware.com\/ca\/wp-json\/wp\/v2\/users\/1"}],"replies":[{"embeddable":true,"href":"https:\/\/tucomarca.whitekongsoftware.com\/ca\/wp-json\/wp\/v2\/comments?post=231624"}],"version-history":[{"count":0,"href":"https:\/\/tucomarca.whitekongsoftware.com\/ca\/wp-json\/wp\/v2\/posts\/231624\/revisions"}],"wp:featuredmedia":[{"embeddable":true,"href":"https:\/\/tucomarca.whitekongsoftware.com\/ca\/wp-json\/wp\/v2\/media\/231620"}],"wp:attachment":[{"href":"https:\/\/tucomarca.whitekongsoftware.com\/ca\/wp-json\/wp\/v2\/media?parent=231624"}],"wp:term":[{"taxonomy":"category","embeddable":true,"href":"https:\/\/tucomarca.whitekongsoftware.com\/ca\/wp-json\/wp\/v2\/categories?post=231624"},{"taxonomy":"post_tag","embeddable":true,"href":"https:\/\/tucomarca.whitekongsoftware.com\/ca\/wp-json\/wp\/v2\/tags?post=231624"}],"curies":[{"name":"wp","href":"https:\/\/api.w.org\/{rel}","templated":true}]}}