{"id":231606,"date":"2024-08-02T09:00:00","date_gmt":"2024-08-02T07:00:00","guid":{"rendered":"https:\/\/www.tucomarca.com\/wordpress\/segunda\/?p=231606"},"modified":"2024-08-02T13:21:56","modified_gmt":"2024-08-02T11:21:56","slug":"la-unio-preveu-un-lleuger-augment-de-la-collita-de-citrics-encara-que-sera-la-tercera-amb-menys-produccio-daquest-segle","status":"publish","type":"post","link":"https:\/\/tucomarca.whitekongsoftware.com\/ca\/la-unio-preveu-un-lleuger-augment-de-la-collita-de-citrics-encara-que-sera-la-tercera-amb-menys-produccio-daquest-segle\/","title":{"rendered":"La Uni\u00f3 preveu un lleuger augment de la collita de c\u00edtrics, encara que ser\u00e0 la tercera amb menys producci\u00f3 d&#8217;aquest segle"},"content":{"rendered":"\n<h3 class=\"wp-block-heading\">L&#8217;organitzaci\u00f3 confia en una demanda suficient i ordenada que facilite la comercialitzaci\u00f3 amb uns preus estables.<\/h3>\n\n\n\n<p class=\"wp-block-paragraph\">Les primeres dades que maneja la Uni\u00f3 Llauradora per a la pr\u00f2xima campanya de c\u00edtrics 2024\/2025 indiquen un lleuger augment de collita del 3% en la Comunitat Valenciana, per\u00f2 malgrat aix\u00f2 ser\u00e0 la tercera amb menys producci\u00f3 d&#8217;aquest segle com a conseq\u00fc\u00e8ncia fonamentalment de la sequera.<br>L&#8217;organitzaci\u00f3 estima una producci\u00f3 total de c\u00edtrics d&#8217;al voltant de 2,88 milions de tones en la qual es preveu una bona qualitat, coloracions i un contingut de suc adequats. \u00c9s una xifra un poc per damunt de la passada que cal recordar que va ser la m\u00e9s baixa d&#8217;aquest segle XXI i en relaci\u00f3 amb la s\u00e8rie hist\u00f2rica dels \u00faltims 25 anys representa una reducci\u00f3 del 10%. \u00c9s la sisena campanya consecutiva per davall de la mitjana productiva de l&#8217;\u00faltim quart de segle.<br>Els principals motius d&#8217;aquests descensos productius continuen sent principalment clim\u00e0tics, com \u00e9s la sequera prolongada, les adverses i extremes condicions meteorol\u00f2giques esdevingudes en les zones de producci\u00f3 des de la floraci\u00f3 i el quallat dels fruits, aix\u00ed com durant el seu engreixament (elevad\u00edssimes temperatures i nul\u00b7la pluviometria).<br>Per\u00f2 a ells cal sumar tamb\u00e9 l&#8217;arbratge vell amb baix rendiment, l&#8217;aband\u00f3 de terres de cultiu i les plagues o malalties de quarantena sobre les quals cada vegada existeixen menys eines de control. Les \u00faltimes dades oficials de la Conselleria d&#8217;Agricultura quantifiquen una superf\u00edcie citr\u00edcola de 153.867 hect\u00e0rees, la qual cosa representa un descens del 13% respecte a 2010 i del 20% des de finals del segle XX.<br>La Uni\u00f3 considera que aquesta reducci\u00f3 de la producci\u00f3 hauria de garantir un subministrament ordenat als principals mercats i en conseq\u00fc\u00e8ncia mantindre al llarg de tota la campanya uns preus estables i superiors als de campanyes anteriors on hagut grans difer\u00e8ncies estacionals de cotitzacions.<br>El consum de c\u00edtrics en les llars presenta una tend\u00e8ncia a la baixa en les \u00faltimes campanyes, amb un nou descens en la passada del 7,5% respecte a l&#8217;anterior i del 21% sobre la mitjana de les cinc precedents. \u00danicament repunta el consum de mandarines de la passada campanya sobre l&#8217;anterior. La Uni\u00f3 reitera la necessitat de realitzar campanyes de promoci\u00f3 dels c\u00edtrics per a recuperar els consums.<br>Les importacions continuen incrementant-se any rere any. En el primer quadrimestre de 2024 (gener-abril) el volum importat va ser de 606.969 tones, un 6,3% m\u00e9s que en el mateix per\u00edode de 2023 (+35.900 t) i un 17,5% per damunt de la mitjana dels \u00faltims cinc anys (+90.400 t). Les importacions es concentren entre Egipte (56% de quota), Turquia (22,3%) i a major dist\u00e0ncia se situa el Marroc (8,3%), mantenint els tres pa\u00efsos la seua posici\u00f3.<br>La Uni\u00f3 advoca en aquest sentit per protegir la sanitat vegetal amb un major pressupost, refor\u00e7ar els actuals protocols d&#8217;importaci\u00f3 contra plagues i malalties mitjan\u00e7ant mesures m\u00e9s estrictes i ampliar el tractament de fred a mandarines i pomelos. Tot aix\u00f2 per a evitar \u201cpagar eixos costos de producci\u00f3 tan elevats per a combatre les plagues actuals\u201d. Una altra de les mesures per a frenar les importacions passa segons el parer de l&#8217;organitzaci\u00f3 perqu\u00e8 \u201cels ports espanyols no bonifiquen l&#8217;entrada de c\u00edtrics de fora i seguisquen l&#8217;exemple de PortCastell\u00f3, l&#8217;\u00fanic que ha aprovat en el seu pla d&#8217;empresa de 2025 la retirada de les bonificacions.<br>Per a aquesta campanya citr\u00edcola 2024\/2024 \u00e9s important mantindre segons La Uni\u00f3, per part de la ind\u00fastria de suc, una demanda de fruita nostra amb bons preus a fi d&#8217;ajudar a tindre millors aprofitaments.<br>Carles Peris, secretari general de La Uni\u00f3, indica que \u201cseguim sense recuperar capacitat productiva i estem davant una nova collita marcada per la climatologia i altres factors, circumst\u00e0ncies que haurien de servir perqu\u00e8 els productors obtingueren uns preus ajustats i estables\u201d.<\/p>\n\n\n\n<p class=\"wp-block-paragraph\"><\/p>\n","protected":false},"excerpt":{"rendered":"<div class=\"mh-excerpt\">L&#8217;organitzaci\u00f3 confia en una demanda suficient i ordenada que facilite la comercialitzaci\u00f3 amb uns preus estables. Les primeres dades que maneja la Uni\u00f3 Llauradora per a la pr\u00f2xima campanya de c\u00edtrics 2024\/2025 indiquen un lleuger <a class=\"mh-excerpt-more\" href=\"https:\/\/tucomarca.whitekongsoftware.com\/ca\/la-unio-preveu-un-lleuger-augment-de-la-collita-de-citrics-encara-que-sera-la-tercera-amb-menys-produccio-daquest-segle\/\" title=\"La Uni\u00f3 preveu un lleuger augment de la collita de c\u00edtrics, encara que ser\u00e0 la tercera amb menys producci\u00f3 d&#8217;aquest segle\">[+] <\/a><\/div>\n","protected":false},"author":12,"featured_media":231603,"comment_status":"open","ping_status":"open","sticky":false,"template":"","format":"standard","meta":{"footnotes":""},"categories":[10905,10892,10898,10948,10894,10902,10903,10896],"tags":[18022,11356],"class_list":["post-231606","post","type-post","status-publish","format-standard","has-post-thumbnail","category-agricultura-la-comarca-ca","category-camp-de-turia-ca","category-ventana-ca","category-infraestructuras-ca","category-la-comarca-ca","category-la-ribera-ca","category-medio-ambiente-la-comarca-ca","category-seccion-ca","tag-la-unio-llauradora-ca","tag-ribera-alta-ca"],"_links":{"self":[{"href":"https:\/\/tucomarca.whitekongsoftware.com\/ca\/wp-json\/wp\/v2\/posts\/231606","targetHints":{"allow":["GET"]}}],"collection":[{"href":"https:\/\/tucomarca.whitekongsoftware.com\/ca\/wp-json\/wp\/v2\/posts"}],"about":[{"href":"https:\/\/tucomarca.whitekongsoftware.com\/ca\/wp-json\/wp\/v2\/types\/post"}],"author":[{"embeddable":true,"href":"https:\/\/tucomarca.whitekongsoftware.com\/ca\/wp-json\/wp\/v2\/users\/12"}],"replies":[{"embeddable":true,"href":"https:\/\/tucomarca.whitekongsoftware.com\/ca\/wp-json\/wp\/v2\/comments?post=231606"}],"version-history":[{"count":0,"href":"https:\/\/tucomarca.whitekongsoftware.com\/ca\/wp-json\/wp\/v2\/posts\/231606\/revisions"}],"wp:featuredmedia":[{"embeddable":true,"href":"https:\/\/tucomarca.whitekongsoftware.com\/ca\/wp-json\/wp\/v2\/media\/231603"}],"wp:attachment":[{"href":"https:\/\/tucomarca.whitekongsoftware.com\/ca\/wp-json\/wp\/v2\/media?parent=231606"}],"wp:term":[{"taxonomy":"category","embeddable":true,"href":"https:\/\/tucomarca.whitekongsoftware.com\/ca\/wp-json\/wp\/v2\/categories?post=231606"},{"taxonomy":"post_tag","embeddable":true,"href":"https:\/\/tucomarca.whitekongsoftware.com\/ca\/wp-json\/wp\/v2\/tags?post=231606"}],"curies":[{"name":"wp","href":"https:\/\/api.w.org\/{rel}","templated":true}]}}