{"id":231596,"date":"2024-08-01T19:00:00","date_gmt":"2024-08-01T17:00:00","guid":{"rendered":"https:\/\/www.tucomarca.com\/wordpress\/segunda\/los-bomberos-evitan-un-incendio-forestal-al-extinguir-las-llamas-de-un-vehiculo-en-la-cv-391-a-la-altura-de-requena\/"},"modified":"2024-08-01T20:25:59","modified_gmt":"2024-08-01T18:25:59","slug":"los-bomberos-evitan-un-incendio-forestal-al-extinguir-las-llamas-de-un-vehiculo-en-la-cv-391-a-la-altura-de-requena","status":"publish","type":"post","link":"https:\/\/tucomarca.whitekongsoftware.com\/ca\/los-bomberos-evitan-un-incendio-forestal-al-extinguir-las-llamas-de-un-vehiculo-en-la-cv-391-a-la-altura-de-requena\/","title":{"rendered":"Els bombers eviten un incendi forestal en extingir les flames d&#8217;un vehicle en la CV-391 a l&#8217;altura de Requena"},"content":{"rendered":"\n<p class=\"wp-block-paragraph\">El Centre de Coordinaci\u00f3 d&#8217;Emerg\u00e8ncies ha rebut aquest dijous a la vesprada un av\u00eds d&#8217;incendi forestal a Requena causat per un vehicle parat en la CV-391.&nbsp;<\/p>\n\n\n\n<p class=\"wp-block-paragraph\">El foc, originat en el vehicle, s&#8217;ha propagat r\u00e0pidament a la zona forestal adjacent, generant una situaci\u00f3 d&#8217;emerg\u00e8ncia que ha requerit una r\u00e0pida i coordinada resposta dels serveis d&#8217;emerg\u00e8ncia.<\/p>\n\n\n\n<p class=\"wp-block-paragraph\">Per a combatre l&#8217;incendi, s&#8217;han mobilitzat dues unitats del servei de bombers forestals, dues autobombes, dos mitjans aeris i una dotaci\u00f3 de Bombers del Consorci Provincial.<\/p>\n\n\n\n<figure class=\"wp-block-image size-large\"><img loading=\"lazy\" decoding=\"async\" width=\"1024\" height=\"768\" src=\"http:\/\/www.tucomarca.com\/wordpress\/segunda\/wp-content\/uploads\/2024\/08\/RequenaIncendio2-1024x768.jpeg\" alt=\"\" class=\"wp-image-231566\" srcset=\"https:\/\/tucomarca.whitekongsoftware.com\/wp-content\/uploads\/2024\/08\/RequenaIncendio2-1024x768.jpeg 1024w, https:\/\/tucomarca.whitekongsoftware.com\/wp-content\/uploads\/2024\/08\/RequenaIncendio2-300x225.jpeg 300w, https:\/\/tucomarca.whitekongsoftware.com\/wp-content\/uploads\/2024\/08\/RequenaIncendio2-768x576.jpeg 768w, https:\/\/tucomarca.whitekongsoftware.com\/wp-content\/uploads\/2024\/08\/RequenaIncendio2-1536x1152.jpeg 1536w, https:\/\/tucomarca.whitekongsoftware.com\/wp-content\/uploads\/2024\/08\/RequenaIncendio2-2048x1536.jpeg 2048w, https:\/\/tucomarca.whitekongsoftware.com\/wp-content\/uploads\/2024\/08\/RequenaIncendio2-678x509.jpeg 678w, https:\/\/tucomarca.whitekongsoftware.com\/wp-content\/uploads\/2024\/08\/RequenaIncendio2-326x245.jpeg 326w, https:\/\/tucomarca.whitekongsoftware.com\/wp-content\/uploads\/2024\/08\/RequenaIncendio2-80x60.jpeg 80w\" sizes=\"auto, (max-width: 1024px) 100vw, 1024px\" \/><\/figure>\n","protected":false},"excerpt":{"rendered":"<div class=\"mh-excerpt\">El Centre de Coordinaci\u00f3 d&#8217;Emerg\u00e8ncies ha rebut aquest dijous a la vesprada un av\u00eds d&#8217;incendi forestal a Requena causat per un vehicle parat en la CV-391.&nbsp; El foc, originat en el vehicle, s&#8217;ha propagat r\u00e0pidament <a class=\"mh-excerpt-more\" href=\"https:\/\/tucomarca.whitekongsoftware.com\/ca\/los-bomberos-evitan-un-incendio-forestal-al-extinguir-las-llamas-de-un-vehiculo-en-la-cv-391-a-la-altura-de-requena\/\" title=\"Els bombers eviten un incendi forestal en extingir les flames d&#8217;un vehicle en la CV-391 a l&#8217;altura de Requena\">[+] <\/a><\/div>\n","protected":false},"author":1,"featured_media":231565,"comment_status":"open","ping_status":"open","sticky":false,"template":"","format":"standard","meta":{"footnotes":""},"categories":[10898,10948,10894,10904,10908,10909,10896,10897],"tags":[20342,13724,11099,10910,10901],"class_list":["post-231596","post","type-post","status-publish","format-standard","has-post-thumbnail","category-ventana-ca","category-infraestructuras-ca","category-la-comarca-ca","category-sin-categorizar-ca","category-requena-ca","category-requena-utiel-ca","category-seccion-ca","category-sucesos-la-comarca-ca","tag-bomberos-consorcio-provincial-de-bomberos-de-valencia-ca","tag-incendio-forestal-ca","tag-requena-ca","tag-requena-utiel-ca","tag-sucesos-ca"],"_links":{"self":[{"href":"https:\/\/tucomarca.whitekongsoftware.com\/ca\/wp-json\/wp\/v2\/posts\/231596","targetHints":{"allow":["GET"]}}],"collection":[{"href":"https:\/\/tucomarca.whitekongsoftware.com\/ca\/wp-json\/wp\/v2\/posts"}],"about":[{"href":"https:\/\/tucomarca.whitekongsoftware.com\/ca\/wp-json\/wp\/v2\/types\/post"}],"author":[{"embeddable":true,"href":"https:\/\/tucomarca.whitekongsoftware.com\/ca\/wp-json\/wp\/v2\/users\/1"}],"replies":[{"embeddable":true,"href":"https:\/\/tucomarca.whitekongsoftware.com\/ca\/wp-json\/wp\/v2\/comments?post=231596"}],"version-history":[{"count":0,"href":"https:\/\/tucomarca.whitekongsoftware.com\/ca\/wp-json\/wp\/v2\/posts\/231596\/revisions"}],"wp:featuredmedia":[{"embeddable":true,"href":"https:\/\/tucomarca.whitekongsoftware.com\/ca\/wp-json\/wp\/v2\/media\/231565"}],"wp:attachment":[{"href":"https:\/\/tucomarca.whitekongsoftware.com\/ca\/wp-json\/wp\/v2\/media?parent=231596"}],"wp:term":[{"taxonomy":"category","embeddable":true,"href":"https:\/\/tucomarca.whitekongsoftware.com\/ca\/wp-json\/wp\/v2\/categories?post=231596"},{"taxonomy":"post_tag","embeddable":true,"href":"https:\/\/tucomarca.whitekongsoftware.com\/ca\/wp-json\/wp\/v2\/tags?post=231596"}],"curies":[{"name":"wp","href":"https:\/\/api.w.org\/{rel}","templated":true}]}}