{"id":231580,"date":"2024-08-01T11:00:00","date_gmt":"2024-08-01T09:00:00","guid":{"rendered":"https:\/\/www.tucomarca.com\/wordpress\/segunda\/?p=231580"},"modified":"2024-08-01T19:28:41","modified_gmt":"2024-08-01T17:28:41","slug":"els-veins-de-benaguasil-mostren-la-seua-solidaritat-en-una-reeixida-campanya-de-donacio-de-sang","status":"publish","type":"post","link":"https:\/\/tucomarca.whitekongsoftware.com\/ca\/els-veins-de-benaguasil-mostren-la-seua-solidaritat-en-una-reeixida-campanya-de-donacio-de-sang\/","title":{"rendered":"Els ve\u00efns de Benaguasil mostren la seua solidaritat en una reeixida campanya de donaci\u00f3 de sang\u00a0"},"content":{"rendered":"\n<p class=\"wp-block-paragraph\">Com \u00e9s ja tradici\u00f3, tots els mesos el Centre de Transfusions de la Comunitat Valenciana organitza a Benaguasil la jornada &#8220;Uneix-t&#8217;a la f\u00e0brica de la vida. Dona sang, dona plasma&#8221;.<\/p>\n\n\n\n<p class=\"wp-block-paragraph\">El passat 24 de juliol, 76 ve\u00efns de Benaguasil es van sumar a aquesta causa, demostrant el seu comprom\u00eds i generositat. La participaci\u00f3 en aquestes campanyes no sols refor\u00e7a el sentit de comunitat, sin\u00f3 que tamb\u00e9 t\u00e9 un impacte real i significatiu: amb sol 20 minutos del seu temps, cada donant pot arribar a salvar fins a tres vides.<\/p>\n\n\n\n<p class=\"wp-block-paragraph\">L&#8217;esfor\u00e7 i la solidaritat dels habitants de Benaguasil no van passar desapercebuts. L&#8217;Ajuntament va rebre un correu electr\u00f2nic del Centre de Transfusions de la Comunitat Valenciana, en la qual s&#8217;expressava un profund agra\u00efment a tots els participants i es destacava la import\u00e0ncia de continuar amb aquestes accions. A m\u00e9s, es va anunciar que la pr\u00f2xima jornada de donaci\u00f3 de sang tindr\u00e0 lloc el 19 d&#8217;agost.\u00a0<\/p>\n\n\n\n<p class=\"wp-block-paragraph\">Des de l&#8217;Ajuntament de Benaguasil es van mostrar molt satisfets i emocionats per la resposta dels ve\u00efns, els qui una vegada m\u00e9s van demostrar la seua generositat i solidaritat. El consistori anima a tots a continuar participant en aquestes jornades, recordant que la donaci\u00f3 de sang i plasma \u00e9s un acte de gran valor que pot salvar vides i contribuir al benestar de la societat.<\/p>\n\n\n\n<figure class=\"wp-block-image size-large\"><img loading=\"lazy\" decoding=\"async\" width=\"724\" height=\"1024\" src=\"http:\/\/www.tucomarca.com\/wordpress\/segunda\/wp-content\/uploads\/2024\/08\/Benaguasilsangre-724x1024.jpg\" alt=\"\" class=\"wp-image-231577\" srcset=\"https:\/\/tucomarca.whitekongsoftware.com\/wp-content\/uploads\/2024\/08\/Benaguasilsangre-724x1024.jpg 724w, https:\/\/tucomarca.whitekongsoftware.com\/wp-content\/uploads\/2024\/08\/Benaguasilsangre-212x300.jpg 212w, https:\/\/tucomarca.whitekongsoftware.com\/wp-content\/uploads\/2024\/08\/Benaguasilsangre-768x1086.jpg 768w, https:\/\/tucomarca.whitekongsoftware.com\/wp-content\/uploads\/2024\/08\/Benaguasilsangre-1086x1536.jpg 1086w, https:\/\/tucomarca.whitekongsoftware.com\/wp-content\/uploads\/2024\/08\/Benaguasilsangre-1448x2048.jpg 1448w, https:\/\/tucomarca.whitekongsoftware.com\/wp-content\/uploads\/2024\/08\/Benaguasilsangre-scaled.jpg 1810w\" sizes=\"auto, (max-width: 724px) 100vw, 724px\" \/><\/figure>\n","protected":false},"excerpt":{"rendered":"<div class=\"mh-excerpt\">Com \u00e9s ja tradici\u00f3, tots els mesos el Centre de Transfusions de la Comunitat Valenciana organitza a Benaguasil la jornada &#8220;Uneix-t&#8217;a la f\u00e0brica de la vida. Dona sang, dona plasma&#8221;. El passat 24 de juliol, <a class=\"mh-excerpt-more\" href=\"https:\/\/tucomarca.whitekongsoftware.com\/ca\/els-veins-de-benaguasil-mostren-la-seua-solidaritat-en-una-reeixida-campanya-de-donacio-de-sang\/\" title=\"Els ve\u00efns de Benaguasil mostren la seua solidaritat en una reeixida campanya de donaci\u00f3 de sang\u00a0\">[+] <\/a><\/div>\n","protected":false},"author":1,"featured_media":231578,"comment_status":"open","ping_status":"open","sticky":false,"template":"","format":"standard","meta":{"footnotes":""},"categories":[10952,10892,10948,10894,10896],"tags":[11136,10899],"class_list":["post-231580","post","type-post","status-publish","format-standard","has-post-thumbnail","category-benaguasil-ca","category-camp-de-turia-ca","category-infraestructuras-ca","category-la-comarca-ca","category-seccion-ca","tag-benaguasil-ca","tag-camp-de-turia-ca"],"_links":{"self":[{"href":"https:\/\/tucomarca.whitekongsoftware.com\/ca\/wp-json\/wp\/v2\/posts\/231580","targetHints":{"allow":["GET"]}}],"collection":[{"href":"https:\/\/tucomarca.whitekongsoftware.com\/ca\/wp-json\/wp\/v2\/posts"}],"about":[{"href":"https:\/\/tucomarca.whitekongsoftware.com\/ca\/wp-json\/wp\/v2\/types\/post"}],"author":[{"embeddable":true,"href":"https:\/\/tucomarca.whitekongsoftware.com\/ca\/wp-json\/wp\/v2\/users\/1"}],"replies":[{"embeddable":true,"href":"https:\/\/tucomarca.whitekongsoftware.com\/ca\/wp-json\/wp\/v2\/comments?post=231580"}],"version-history":[{"count":0,"href":"https:\/\/tucomarca.whitekongsoftware.com\/ca\/wp-json\/wp\/v2\/posts\/231580\/revisions"}],"wp:featuredmedia":[{"embeddable":true,"href":"https:\/\/tucomarca.whitekongsoftware.com\/ca\/wp-json\/wp\/v2\/media\/231578"}],"wp:attachment":[{"href":"https:\/\/tucomarca.whitekongsoftware.com\/ca\/wp-json\/wp\/v2\/media?parent=231580"}],"wp:term":[{"taxonomy":"category","embeddable":true,"href":"https:\/\/tucomarca.whitekongsoftware.com\/ca\/wp-json\/wp\/v2\/categories?post=231580"},{"taxonomy":"post_tag","embeddable":true,"href":"https:\/\/tucomarca.whitekongsoftware.com\/ca\/wp-json\/wp\/v2\/tags?post=231580"}],"curies":[{"name":"wp","href":"https:\/\/api.w.org\/{rel}","templated":true}]}}