{"id":231554,"date":"2024-08-01T10:30:00","date_gmt":"2024-08-01T08:30:00","guid":{"rendered":"https:\/\/www.tucomarca.com\/wordpress\/segunda\/?p=231554"},"modified":"2024-08-01T19:15:57","modified_gmt":"2024-08-01T17:15:57","slug":"lajuntament-de-xest-aprova-la-nominacio-de-nous-carrers-del-municipi","status":"publish","type":"post","link":"https:\/\/tucomarca.whitekongsoftware.com\/ca\/lajuntament-de-xest-aprova-la-nominacio-de-nous-carrers-del-municipi\/","title":{"rendered":"L&#8217;Ajuntament de Xest aprova la nominaci\u00f3 de nous carrers del municipi"},"content":{"rendered":"\n<p class=\"wp-block-paragraph\">Ahir, dimecres 31 de juliol, es va celebrar el ple ordinari corresponent al mes de juliol en el qual va aprovar la nominaci\u00f3 de nous carrers, l&#8217;adhesi\u00f3 de l&#8217;Ajuntament a programes de la Generalitat i la Diputaci\u00f3 i es van presentar mocions relacionades amb la cultura, la igualtat i l&#8217;agricultura.<\/p>\n\n\n\n<p class=\"wp-block-paragraph\"><strong>Nominaci\u00f3 de carrers<\/strong><\/p>\n\n\n\n<p class=\"wp-block-paragraph\">El ple va aprovar per unanimitat la nominaci\u00f3 dels carrers a la urbanitzaci\u00f3 Casa Parra per a solucionar el problema que tenen els habitatges amb la recepci\u00f3 del correu i altres tr\u00e0mits.<\/p>\n\n\n\n<p class=\"wp-block-paragraph\">\u201cLa proposta per a la nominaci\u00f3 dels carrers a la Urbanitzaci\u00f3 Casa Parra era posar el mateix nom que els havien posat en el terme municipal de Xiva, perqu\u00e8 els carrers tenen continu\u00eftat, per\u00f2 afegirem al nom dels carrers un gui\u00f3 seguit de \u201cCasa Parra\u201d; aix\u00ed el nou carrer Ll\u00edria de la urbanitzaci\u00f3 passar\u00e0 a dir-se Carrer Ll\u00edria &#8211; Casa Parra, ja que a Xest ja tenim la Carretera Ll\u00edria, i d&#8217;aquesta manera evitarem possibles confusions\u201d, va explicar l&#8217;alcalde, Jos\u00e9 Morell.<\/p>\n\n\n\n<p class=\"wp-block-paragraph\"><strong>Programa \u201cCuina et cuida\u201d<\/strong><\/p>\n\n\n\n<p class=\"wp-block-paragraph\">Tamb\u00e9 per unanimitat es va aprovar l&#8217;ordenan\u00e7a que regula la prestaci\u00f3 del servei de menjar a domicili per a persones en situaci\u00f3 de vulnerabilitat, Cuina que cuida, necess\u00e0ria per a la seua licitaci\u00f3.<\/p>\n\n\n\n<p class=\"wp-block-paragraph\"><strong>Adhesi\u00f3 al Pla VIU<\/strong><\/p>\n\n\n\n<p class=\"wp-block-paragraph\">Tots els grups pol\u00edtics amb representaci\u00f3 en el ple van estar d&#8217;acord a donar llum verda a l&#8217;adhesi\u00f3 per part de l&#8217;Ajuntament de Xest al Conveni de col\u00b7laboraci\u00f3 entre la Generalitat i la Federaci\u00f3 Valenciana de Municipis i Prov\u00edncies per a l&#8217;impuls de la promoci\u00f3 d&#8217;habitatges de protecci\u00f3 p\u00fablica en s\u00f2l de les administracions locals, mitjan\u00e7ant col\u00b7laboraci\u00f3 p\u00fablic-privada, conegut com a Pla Viu.<\/p>\n\n\n\n<p class=\"wp-block-paragraph\">\u201cAmb aquest sistema els Ajuntaments posen a la disposici\u00f3 de la Generalitat solars dins dels nuclis urbans i la Generalitat els trau a concurs a empreses privades, a constructores, perqu\u00e8 facen els habitatges de protecci\u00f3 p\u00fablica. L&#8217;estalvi es genera perqu\u00e8 el s\u00f2l costa zero, per la qual cosa el preu al qual es posen en el mercat \u00e9s el cost de la construcci\u00f3 i el benefici que obtinga l&#8217;empresa. No sabem si el sistema funcionar\u00e0, per\u00f2 si que \u00e9s veritat que a Xest tenim a primera vista uns quants solars i \u00e9s la nostra obligaci\u00f3 cedir-los perqu\u00e8 es puguen construir eixos habitatges de protecci\u00f3 p\u00fablica\u201d, explicava Morell.<\/p>\n\n\n\n<p class=\"wp-block-paragraph\"><strong>Renovaci\u00f3 del conveni del CFPA<\/strong><\/p>\n\n\n\n<p class=\"wp-block-paragraph\">El ple tamb\u00e9 va aprovar tamb\u00e9 per unanimitat la tercera pr\u00f2rroga del Conveni subscrit entre la Diputaci\u00f3 de Val\u00e8ncia i l&#8217;Ajuntament de Xest per al manteniment del Centre de Formaci\u00f3 de Persones Adultes per un any m\u00e9s, amb el qual es reben aproximadament 57.000 euros anuals.<\/p>\n\n\n\n<p class=\"wp-block-paragraph\"><strong>Circuit Cultural Valenci\u00e0<\/strong><\/p>\n\n\n\n<p class=\"wp-block-paragraph\">La regidora de Cultura, M\u00aa \u00c1ngeles Llorente, va presentar l&#8217;adhesi\u00f3 de l&#8217;Ajuntament al Circuit Cultural Valenci\u00e0, que t\u00e9 per objecte fer arribar la programaci\u00f3 cultural de l&#8217;Institut Valenci\u00e0 de Cultura (IVC) a les entitats locals.<\/p>\n\n\n\n<p class=\"wp-block-paragraph\">\u201cL&#8217;adhesi\u00f3 a l&#8217;Institut Valenci\u00e0 de Cultura \u00e9s important perqu\u00e8 tamb\u00e9 les subvencions que rebem s\u00f3n importants, sempre les hem demanades i s\u00f3n d&#8217;una quantitat considerable\u201d, explicava Llorente.<\/p>\n\n\n\n<p class=\"wp-block-paragraph\">Llorente tamb\u00e9 va presentar, en nom del grup municipal d&#8217;Esquerra Unida, una moci\u00f3 per a la reversi\u00f3 del model actual del citat Circuit Cultural Valenci\u00e0. \u201cQuan arriba VOX a la Conselleria es canvia el model amb el qual funcionava el circuit. Ara al que es va \u00e9s un cat\u00e0leg de propostes culturals \u00fanic, tancat; quan el que abans hi havia era un cat\u00e0leg obert, en el qual els Ajuntaments pod\u00edem incloure propostes en el Circuit\u201d, explicava Llorente. \u201cFormem part del programa perqu\u00e8 no ens podem permetre perdre diners per a programar cultura al nostre poble, per\u00f2 aix\u00f2 no significa que no defensem la llibertat per a programar\u201d.<\/p>\n\n\n\n<p class=\"wp-block-paragraph\">El portaveu del PP en el ple, Enrique Peinado, va justificar el va votar en contra del seu grup argumentant la falta de marge d&#8217;actuaci\u00f3 del nou conseller, recentment nomenat.<\/p>\n\n\n\n<p class=\"wp-block-paragraph\"><strong>Igualtat i agricultura<\/strong><\/p>\n\n\n\n<p class=\"wp-block-paragraph\">El ple es va tancar amb la presentaci\u00f3 de dues mocions m\u00e9s per part del grup municipal socialista.<\/p>\n\n\n\n<p class=\"wp-block-paragraph\">La regidora d&#8217;Igualtat, Brenda Jim\u00e9nez, va llegir la moci\u00f3 \u201cper a rebutjar la par\u00e0lisi de la Generalitat davant el masclisme\u201d, en la qual es va sol\u00b7licitar, entre altres acords, que es reprenguen les iniciatives en contra de la viol\u00e8ncia masclista impulsades per l&#8217;anterior govern. La moci\u00f3 va ser aprovada amb els vots en contra del PP, el portaveu del qual va exposar la seua disconformitat amb la redacci\u00f3 del document, malgrat declarar que el seu grup estava en contra de la viol\u00e8ncia contres la dones.<\/p>\n\n\n\n<p class=\"wp-block-paragraph\">Per part seua, la regidora Rosa Zan\u00f3n va llegir una moci\u00f3 de AVA-ASAJA per a sol\u00b7licitar mesures de suport per a pal\u00b7liar els efectes de la sequera en el sector agrari. La proposta va ser aprovada per consens del ple.<\/p>\n","protected":false},"excerpt":{"rendered":"<div class=\"mh-excerpt\">Ahir, dimecres 31 de juliol, es va celebrar el ple ordinari corresponent al mes de juliol en el qual va aprovar la nominaci\u00f3 de nous carrers, l&#8217;adhesi\u00f3 de l&#8217;Ajuntament a programes de la Generalitat i <a class=\"mh-excerpt-more\" href=\"https:\/\/tucomarca.whitekongsoftware.com\/ca\/lajuntament-de-xest-aprova-la-nominacio-de-nous-carrers-del-municipi\/\" title=\"L&#8217;Ajuntament de Xest aprova la nominaci\u00f3 de nous carrers del municipi\">[+] <\/a><\/div>\n","protected":false},"author":12,"featured_media":231552,"comment_status":"open","ping_status":"open","sticky":false,"template":"","format":"standard","meta":{"footnotes":""},"categories":[10948,10894,10912,10947,10896,10974],"tags":[11071,20859,11140],"class_list":["post-231554","post","type-post","status-publish","format-standard","has-post-thumbnail","category-infraestructuras-ca","category-la-comarca-ca","category-la-hoya-ca","category-politica","category-seccion-ca","category-cheste-ca","tag-cheste","tag-la-hoya-de-bunol-chiva-4-ca","tag-politica-ca"],"_links":{"self":[{"href":"https:\/\/tucomarca.whitekongsoftware.com\/ca\/wp-json\/wp\/v2\/posts\/231554","targetHints":{"allow":["GET"]}}],"collection":[{"href":"https:\/\/tucomarca.whitekongsoftware.com\/ca\/wp-json\/wp\/v2\/posts"}],"about":[{"href":"https:\/\/tucomarca.whitekongsoftware.com\/ca\/wp-json\/wp\/v2\/types\/post"}],"author":[{"embeddable":true,"href":"https:\/\/tucomarca.whitekongsoftware.com\/ca\/wp-json\/wp\/v2\/users\/12"}],"replies":[{"embeddable":true,"href":"https:\/\/tucomarca.whitekongsoftware.com\/ca\/wp-json\/wp\/v2\/comments?post=231554"}],"version-history":[{"count":0,"href":"https:\/\/tucomarca.whitekongsoftware.com\/ca\/wp-json\/wp\/v2\/posts\/231554\/revisions"}],"wp:featuredmedia":[{"embeddable":true,"href":"https:\/\/tucomarca.whitekongsoftware.com\/ca\/wp-json\/wp\/v2\/media\/231552"}],"wp:attachment":[{"href":"https:\/\/tucomarca.whitekongsoftware.com\/ca\/wp-json\/wp\/v2\/media?parent=231554"}],"wp:term":[{"taxonomy":"category","embeddable":true,"href":"https:\/\/tucomarca.whitekongsoftware.com\/ca\/wp-json\/wp\/v2\/categories?post=231554"},{"taxonomy":"post_tag","embeddable":true,"href":"https:\/\/tucomarca.whitekongsoftware.com\/ca\/wp-json\/wp\/v2\/tags?post=231554"}],"curies":[{"name":"wp","href":"https:\/\/api.w.org\/{rel}","templated":true}]}}