{"id":231542,"date":"2024-08-02T08:55:00","date_gmt":"2024-08-02T06:55:00","guid":{"rendered":"https:\/\/www.tucomarca.com\/wordpress\/segunda\/?p=231542"},"modified":"2024-08-02T17:40:44","modified_gmt":"2024-08-02T15:40:44","slug":"la-diputacio-de-valencia-collabora-en-una-investigacio-per-a-millorar-lenvelliment-actiu-a-traves-de-la-ia","status":"publish","type":"post","link":"https:\/\/tucomarca.whitekongsoftware.com\/ca\/la-diputacio-de-valencia-collabora-en-una-investigacio-per-a-millorar-lenvelliment-actiu-a-traves-de-la-ia\/","title":{"rendered":"La Diputaci\u00f3 de Val\u00e8ncia col\u00b7labora en una investigaci\u00f3 per a millorar l&#8217;envelliment actiu a trav\u00e9s de la IA"},"content":{"rendered":"\n<h3 class=\"wp-block-heading\">L&#8217;\u00e0rea d&#8217;Innovaci\u00f3 que dirigix el diputat Juan Ram\u00f3n Adsuara participa a trav\u00e9s de la UNED en un estudi de la C\u00e0tedra Europea sobre envelliment actiu des d&#8217;un enfocament tecnol\u00f2gic.<\/h3>\n\n\n\n<p class=\"wp-block-paragraph\">La Diputaci\u00f3 de Val\u00e8ncia cooperar\u00e0 amb la Universitat Nacional d\u2019Educaci\u00f3 a Dist\u00e0ncia (UNED) amb la finalitat de participar en una investigaci\u00f3, dins de la C\u00e0tedra Europea sobre envelliment actiu, que t\u00e9 com a finalitat abordar este fenomen social des d&#8217;un enfocament tecnol\u00f2gic i orientat a la prevenci\u00f3.<\/p>\n\n\n\n<p class=\"wp-block-paragraph\">L&#8217;estudi se centrar\u00e0 en analitzar els avan\u00e7os cient\u00edfics relacionats amb la digitalitzaci\u00f3 dels servicis socials, aix\u00ed com l&#8217;\u00fas de la intel\u00b7lig\u00e8ncia artificial, amb l&#8217;objectiu \u00faltim de fomentar l&#8217;envelliment saludable entre la poblaci\u00f3 europea. Al mateix temps, es pret\u00e9n enfortir la independ\u00e8ncia tecnol\u00f2gica de la Uni\u00f3 Europea en este \u00e0mbit.<\/p>\n\n\n\n<p class=\"wp-block-paragraph\">El diputat de Fons Europeus i Innovaci\u00f3 de la Diputaci\u00f3 de Val\u00e8ncia, Juan Ram\u00f3n Adsuara, ha destacat que \u201camb esta c\u00e0tedra la Diputaci\u00f3 vol facilitar informaci\u00f3 als municipis que els permeta millorar la qualitat de vida dels seus majors. La intel\u00b7lig\u00e8ncia artificial ens permetr\u00e0 con\u00e9ixer la realitat dels nostres majors i cuidar-los perqu\u00e8 tinguen moltes m\u00e9s facilitats en el seu dia a dia\u201d.<\/p>\n\n\n\n<p class=\"wp-block-paragraph\">Dins de l&#8217;aposta duta a terme durant este any per l&#8217;\u00e0rea d&#8217;Innovaci\u00f3, perqu\u00e8 la corporaci\u00f3 provincial col\u00b7labore en totes aquelles activitats d&#8217;investigaci\u00f3 tecnol\u00f2gica relacionada amb la millora dels servicis p\u00fablics, s\u2019ha aprovat una ajuda total de 60.000 euros per a este estudi sobre envelliment actiu.<\/p>\n","protected":false},"excerpt":{"rendered":"<div class=\"mh-excerpt\">L&#8217;\u00e0rea d&#8217;Innovaci\u00f3 que dirigix el diputat Juan Ram\u00f3n Adsuara participa a trav\u00e9s de la UNED en un estudi de la C\u00e0tedra Europea sobre envelliment actiu des d&#8217;un enfocament tecnol\u00f2gic. La Diputaci\u00f3 de Val\u00e8ncia cooperar\u00e0 amb <a class=\"mh-excerpt-more\" href=\"https:\/\/tucomarca.whitekongsoftware.com\/ca\/la-diputacio-de-valencia-collabora-en-una-investigacio-per-a-millorar-lenvelliment-actiu-a-traves-de-la-ia\/\" title=\"La Diputaci\u00f3 de Val\u00e8ncia col\u00b7labora en una investigaci\u00f3 per a millorar l&#8217;envelliment actiu a trav\u00e9s de la IA\">[+] <\/a><\/div>\n","protected":false},"author":12,"featured_media":231541,"comment_status":"open","ping_status":"open","sticky":false,"template":"","format":"standard","meta":{"footnotes":""},"categories":[10898,10948,10894,10904,11007,10947,10896],"tags":[11246,18099],"class_list":["post-231542","post","type-post","status-publish","format-standard","has-post-thumbnail","category-ventana-ca","category-infraestructuras-ca","category-la-comarca-ca","category-sin-categorizar-ca","category-ocio-y-cultura-ca","category-politica","category-seccion-ca","tag-diputacio-de-valencia-ca","tag-innovacion-ca"],"_links":{"self":[{"href":"https:\/\/tucomarca.whitekongsoftware.com\/ca\/wp-json\/wp\/v2\/posts\/231542","targetHints":{"allow":["GET"]}}],"collection":[{"href":"https:\/\/tucomarca.whitekongsoftware.com\/ca\/wp-json\/wp\/v2\/posts"}],"about":[{"href":"https:\/\/tucomarca.whitekongsoftware.com\/ca\/wp-json\/wp\/v2\/types\/post"}],"author":[{"embeddable":true,"href":"https:\/\/tucomarca.whitekongsoftware.com\/ca\/wp-json\/wp\/v2\/users\/12"}],"replies":[{"embeddable":true,"href":"https:\/\/tucomarca.whitekongsoftware.com\/ca\/wp-json\/wp\/v2\/comments?post=231542"}],"version-history":[{"count":0,"href":"https:\/\/tucomarca.whitekongsoftware.com\/ca\/wp-json\/wp\/v2\/posts\/231542\/revisions"}],"wp:featuredmedia":[{"embeddable":true,"href":"https:\/\/tucomarca.whitekongsoftware.com\/ca\/wp-json\/wp\/v2\/media\/231541"}],"wp:attachment":[{"href":"https:\/\/tucomarca.whitekongsoftware.com\/ca\/wp-json\/wp\/v2\/media?parent=231542"}],"wp:term":[{"taxonomy":"category","embeddable":true,"href":"https:\/\/tucomarca.whitekongsoftware.com\/ca\/wp-json\/wp\/v2\/categories?post=231542"},{"taxonomy":"post_tag","embeddable":true,"href":"https:\/\/tucomarca.whitekongsoftware.com\/ca\/wp-json\/wp\/v2\/tags?post=231542"}],"curies":[{"name":"wp","href":"https:\/\/api.w.org\/{rel}","templated":true}]}}