{"id":231533,"date":"2024-08-01T09:55:00","date_gmt":"2024-08-01T07:55:00","guid":{"rendered":"https:\/\/www.tucomarca.com\/wordpress\/segunda\/?p=231533"},"modified":"2024-08-01T19:21:41","modified_gmt":"2024-08-01T17:21:41","slug":"lexposicio-valencianes-per-la-igualtat-arriba-a-utiel","status":"publish","type":"post","link":"https:\/\/tucomarca.whitekongsoftware.com\/ca\/lexposicio-valencianes-per-la-igualtat-arriba-a-utiel\/","title":{"rendered":"L&#8217;exposici\u00f3 \u201cValencianes per la Igualtat\u201d arriba a Utiel"},"content":{"rendered":"\n<h3 class=\"wp-block-heading\">Aquest mat\u00ed la directora de Caixa Popular, Inma Iba\u00f1ez i l&#8217;alcalde d&#8217;Utiel, Ricardo Gabald\u00f3n, han visitat aquesta exposici\u00f3 itinerant que fa parada en la Pla\u00e7a de l&#8217;Ajuntament d&#8217;Utiel.<\/h3>\n\n\n\n<h3 class=\"wp-block-heading\">La mostra presenta 6 originals figures de falleres amb missatges reivindicatius sobre igualtat.<\/h3>\n\n\n\n<p class=\"wp-block-paragraph\">La Pla\u00e7a de l&#8217;Ajuntament d&#8217;Utiel compta amb convidades especials: 6 escultures de falleres de grans dimensions, obra de les artistes Pilar i Maria Jos\u00e9 Luna , presideixen aquest enclavament amb missatges reivindicatius sobre igualtat , sororitat i apoderament: \u201c Avancem amb igualtat\u201d; \u201c Juntes som m\u00e9s fortes\u201d \u201c Un crit per la igualtat\u201d.<\/p>\n\n\n\n<p class=\"wp-block-paragraph\">L&#8217;exposici\u00f3 itinerant \u201cValencianes per la igualtat \u201d \u00e9s una iniciativa de car\u00e0cter cultural i social que posa en marxa l&#8217;entitat financera Caixa Popular en col\u00b7laboraci\u00f3 amb la regidoria d&#8217;igualtat de l&#8217;Ajuntament d&#8217;Utiel.<\/p>\n\n\n\n<p class=\"wp-block-paragraph\">La directora de la nova oficina de Caixa Popular en el municipi, Inma Iba\u00f1ez, i l&#8217;alcalde d&#8217;Utiel, Ricardo Gabald\u00f3n han visitat la mostra i han insistit en \u201cla rellev\u00e0ncia d&#8217;aquesta mena de projectes per a promoure l&#8217;educaci\u00f3 en igualtat en espais p\u00fablics oberts a la ciutadania i aix\u00ed sensibilitzar a la poblaci\u00f3 sobre la necessitat de continuar lluitant per a acabar amb la bretxa de g\u00e8nere i aconseguir la igualtat efectiva i real en la nostra societat\u201d<\/p>\n\n\n\n<p class=\"wp-block-paragraph\">6 figures falleres d&#8217;art pl\u00e0stic ple de color mostren missatges reivindicatius a trav\u00e9s dels seus tradicionals davantals d&#8217;indument\u00e0ria valenciana amb l&#8217;objectiu de promoure la igualtat entre dones i homes .<\/p>\n\n\n\n<p class=\"wp-block-paragraph\">Ve\u00efns i visitants se sorprendran amb la pres\u00e8ncia d&#8217;aquestes falleres reivindicatives que formen part d&#8217;aquesta exposici\u00f3 itinerant a l&#8217;aire lliure i que podran visitar fins al pr\u00f2xim 25 d&#8217;agost.<\/p>\n","protected":false},"excerpt":{"rendered":"<div class=\"mh-excerpt\">Aquest mat\u00ed la directora de Caixa Popular, Inma Iba\u00f1ez i l&#8217;alcalde d&#8217;Utiel, Ricardo Gabald\u00f3n, han visitat aquesta exposici\u00f3 itinerant que fa parada en la Pla\u00e7a de l&#8217;Ajuntament d&#8217;Utiel. La mostra presenta 6 originals figures de <a class=\"mh-excerpt-more\" href=\"https:\/\/tucomarca.whitekongsoftware.com\/ca\/lexposicio-valencianes-per-la-igualtat-arriba-a-utiel\/\" title=\"L&#8217;exposici\u00f3 \u201cValencianes per la Igualtat\u201d arriba a Utiel\">[+] <\/a><\/div>\n","protected":false},"author":12,"featured_media":231532,"comment_status":"open","ping_status":"open","sticky":false,"template":"","format":"standard","meta":{"footnotes":""},"categories":[11019,10894,11007,10909,10896,11059],"tags":[10910,11174],"class_list":["post-231533","post","type-post","status-publish","format-standard","has-post-thumbnail","category-agenda-ca","category-la-comarca-ca","category-ocio-y-cultura-ca","category-requena-utiel-ca","category-seccion-ca","category-utiel-ca","tag-requena-utiel-ca","tag-utiel-ca"],"_links":{"self":[{"href":"https:\/\/tucomarca.whitekongsoftware.com\/ca\/wp-json\/wp\/v2\/posts\/231533","targetHints":{"allow":["GET"]}}],"collection":[{"href":"https:\/\/tucomarca.whitekongsoftware.com\/ca\/wp-json\/wp\/v2\/posts"}],"about":[{"href":"https:\/\/tucomarca.whitekongsoftware.com\/ca\/wp-json\/wp\/v2\/types\/post"}],"author":[{"embeddable":true,"href":"https:\/\/tucomarca.whitekongsoftware.com\/ca\/wp-json\/wp\/v2\/users\/12"}],"replies":[{"embeddable":true,"href":"https:\/\/tucomarca.whitekongsoftware.com\/ca\/wp-json\/wp\/v2\/comments?post=231533"}],"version-history":[{"count":0,"href":"https:\/\/tucomarca.whitekongsoftware.com\/ca\/wp-json\/wp\/v2\/posts\/231533\/revisions"}],"wp:featuredmedia":[{"embeddable":true,"href":"https:\/\/tucomarca.whitekongsoftware.com\/ca\/wp-json\/wp\/v2\/media\/231532"}],"wp:attachment":[{"href":"https:\/\/tucomarca.whitekongsoftware.com\/ca\/wp-json\/wp\/v2\/media?parent=231533"}],"wp:term":[{"taxonomy":"category","embeddable":true,"href":"https:\/\/tucomarca.whitekongsoftware.com\/ca\/wp-json\/wp\/v2\/categories?post=231533"},{"taxonomy":"post_tag","embeddable":true,"href":"https:\/\/tucomarca.whitekongsoftware.com\/ca\/wp-json\/wp\/v2\/tags?post=231533"}],"curies":[{"name":"wp","href":"https:\/\/api.w.org\/{rel}","templated":true}]}}