{"id":231464,"date":"2024-08-01T09:45:00","date_gmt":"2024-08-01T07:45:00","guid":{"rendered":"https:\/\/www.tucomarca.com\/wordpress\/segunda\/?p=231464"},"modified":"2024-08-01T09:48:45","modified_gmt":"2024-08-01T07:48:45","slug":"lartistica-de-bunyol-presenta-aquest-cap-de-setmana-a-les-seues-reines-del-manto-2024-i-al-seu-representant-en-la-cort-del-rei-de-les-festes","status":"publish","type":"post","link":"https:\/\/tucomarca.whitekongsoftware.com\/ca\/lartistica-de-bunyol-presenta-aquest-cap-de-setmana-a-les-seues-reines-del-manto-2024-i-al-seu-representant-en-la-cort-del-rei-de-les-festes\/","title":{"rendered":"&#8220;L&#8217;Art\u00edstica&#8221; de Bunyol presenta aquest cap de setmana a les seues Reines del Mant\u00f3 2024 i al seu representant en la cort del Rei de les Festes"},"content":{"rendered":"\n<h3 class=\"wp-block-heading\">Silvia S\u00e1ez Espert i Olivia Lamb\u00edes Abril seran coronades com les noves Reines del Mant\u00f3 2024 i Paula Gisbert Barranco com la Representant de la SM &#8220;L&#8217;Art\u00edstica&#8221;.<\/h3>\n\n\n\n<p class=\"wp-block-paragraph\">Aquest dissabte, 3 d&#8217;agost, la localitat de Bunyol celebra un dels seus esdeveniments m\u00e9s esperats: la presentaci\u00f3 de les Reines del Mant\u00f3 2024 i de la Representant de la Societat Musical &#8220;L&#8217;Art\u00edstica&#8221; en la cort del Rei de la Fira i Festes. L&#8217;esdeveniment comen\u00e7ar\u00e0 a les 23,00 hores en el Teatre Montecarlo, precedit per una desfilada de la banda simf\u00f2nica des de Rosales.<\/p>\n\n\n\n<figure class=\"wp-block-gallery has-nested-images columns-default is-cropped wp-block-gallery-1 is-layout-flex wp-block-gallery-is-layout-flex\">\n<figure class=\"wp-block-image size-large\"><img loading=\"lazy\" decoding=\"async\" width=\"722\" height=\"1024\" data-id=\"231457\" src=\"https:\/\/www.tucomarca.com\/wordpress\/segunda\/wp-content\/uploads\/2024\/07\/FeosReina24-722x1024.jpg\" alt=\"\" class=\"wp-image-231457\" srcset=\"https:\/\/tucomarca.whitekongsoftware.com\/wp-content\/uploads\/2024\/07\/FeosReina24-722x1024.jpg 722w, https:\/\/tucomarca.whitekongsoftware.com\/wp-content\/uploads\/2024\/07\/FeosReina24-211x300.jpg 211w, https:\/\/tucomarca.whitekongsoftware.com\/wp-content\/uploads\/2024\/07\/FeosReina24-768x1090.jpg 768w, https:\/\/tucomarca.whitekongsoftware.com\/wp-content\/uploads\/2024\/07\/FeosReina24.jpg 886w\" sizes=\"auto, (max-width: 722px) 100vw, 722px\" \/><\/figure>\n\n\n\n<figure class=\"wp-block-image size-large\"><img loading=\"lazy\" decoding=\"async\" width=\"722\" height=\"1024\" data-id=\"231459\" src=\"https:\/\/www.tucomarca.com\/wordpress\/segunda\/wp-content\/uploads\/2024\/07\/FeosReinaInf24-722x1024.jpg\" alt=\"\" class=\"wp-image-231459\" srcset=\"https:\/\/tucomarca.whitekongsoftware.com\/wp-content\/uploads\/2024\/07\/FeosReinaInf24-722x1024.jpg 722w, https:\/\/tucomarca.whitekongsoftware.com\/wp-content\/uploads\/2024\/07\/FeosReinaInf24-211x300.jpg 211w, https:\/\/tucomarca.whitekongsoftware.com\/wp-content\/uploads\/2024\/07\/FeosReinaInf24-768x1090.jpg 768w, https:\/\/tucomarca.whitekongsoftware.com\/wp-content\/uploads\/2024\/07\/FeosReinaInf24.jpg 886w\" sizes=\"auto, (max-width: 722px) 100vw, 722px\" \/><\/figure>\n\n\n\n<figure class=\"wp-block-image size-large\"><img loading=\"lazy\" decoding=\"async\" width=\"722\" height=\"1024\" data-id=\"231461\" src=\"https:\/\/www.tucomarca.com\/wordpress\/segunda\/wp-content\/uploads\/2024\/07\/FeosRepresentante24-722x1024.jpg\" alt=\"\" class=\"wp-image-231461\" srcset=\"https:\/\/tucomarca.whitekongsoftware.com\/wp-content\/uploads\/2024\/07\/FeosRepresentante24-722x1024.jpg 722w, https:\/\/tucomarca.whitekongsoftware.com\/wp-content\/uploads\/2024\/07\/FeosRepresentante24-211x300.jpg 211w, https:\/\/tucomarca.whitekongsoftware.com\/wp-content\/uploads\/2024\/07\/FeosRepresentante24-768x1090.jpg 768w, https:\/\/tucomarca.whitekongsoftware.com\/wp-content\/uploads\/2024\/07\/FeosRepresentante24.jpg 886w\" sizes=\"auto, (max-width: 722px) 100vw, 722px\" \/><\/figure>\n<\/figure>\n\n\n\n<p class=\"wp-block-paragraph\">La desfilada comptar\u00e0 amb la participaci\u00f3 de les Reines del Mant\u00f3 2023, Virginia Mi\u00f1ana Carrascosa i Sira Blanes Garc\u00eda, juntament amb les seues Corts d&#8217;Honor. Acompanyades per la Banda Simf\u00f2nica, recorreran els carrers fins a arribar al Teatre Montecarlo, on es dur\u00e0 a terme l&#8217;acte de Presentaci\u00f3 i Proclamaci\u00f3 de les noves Reines del Mant\u00f3.<\/p>\n\n\n\n<p class=\"wp-block-paragraph\">Les protagonistes de la nit seran Silvia S\u00e1ez Espert i Olivia Lamb\u00edes Abril, els qui seran coronades com les noves Reines del Mant\u00f3 2024, rebent les seues bandes de mans de les seues antecessores. A m\u00e9s, Paula Gisbert Barranco ser\u00e0 presentada oficialment com la Representant de la SM &#8220;L&#8217;Art\u00edstica&#8221; per a enguany. En aquest solemne acte, tamb\u00e9 es presentar\u00e0 a les senyores Concha S\u00e1ez Garc\u00eda i Conch\u00edn Sierra Mart\u00ednez com les Padrines de la Bandera per al present exercici.<\/p>\n\n\n\n<p class=\"wp-block-paragraph\">Despr\u00e9s de la cerim\u00f2nia de proclamaci\u00f3, la Banda Simf\u00f2nica de &#8220;Los Feos&#8221; oferir\u00e0 un concert amb un repertori especial. El programa inclour\u00e0 peces destacades com a Teatre Montecarlo, d&#8217;Aurelio P\u00e9rez Perell\u00f3; La Gran Via, de Federico Chueca i Joaqu\u00edn Valverde; El Barberillo de Llavapeus, d&#8217;Asenjo Barbieri; i finalitzar\u00e0 amb l&#8217;emotiu Himno de los Feos, compost per Alejandro Peris.<\/p>\n","protected":false},"excerpt":{"rendered":"<div class=\"mh-excerpt\">Silvia S\u00e1ez Espert i Olivia Lamb\u00edes Abril seran coronades com les noves Reines del Mant\u00f3 2024 i Paula Gisbert Barranco com la Representant de la SM &#8220;L&#8217;Art\u00edstica&#8221;. Aquest dissabte, 3 d&#8217;agost, la localitat de Bunyol <a class=\"mh-excerpt-more\" href=\"https:\/\/tucomarca.whitekongsoftware.com\/ca\/lartistica-de-bunyol-presenta-aquest-cap-de-setmana-a-les-seues-reines-del-manto-2024-i-al-seu-representant-en-la-cort-del-rei-de-les-festes\/\" title=\"&#8220;L&#8217;Art\u00edstica&#8221; de Bunyol presenta aquest cap de setmana a les seues Reines del Mant\u00f3 2024 i al seu representant en la cort del Rei de les Festes\">[+] <\/a><\/div>\n","protected":false},"author":13,"featured_media":231453,"comment_status":"open","ping_status":"open","sticky":false,"template":"","format":"standard","meta":{"footnotes":""},"categories":[11019,10911,11005,10894,10912,11007,10896],"tags":[10913,10914,17615,11154],"class_list":["post-231464","post","type-post","status-publish","format-standard","has-post-thumbnail","category-agenda-ca","category-bunol-ca","category-canal-musica","category-la-comarca-ca","category-la-hoya-ca","category-ocio-y-cultura-ca","category-seccion-ca","tag-bunol-ca","tag-la-hoya-de-bunol-chiva-ca","tag-reinas-del-manton-ca","tag-sm-la-artistica-de-bunol-ca"],"_links":{"self":[{"href":"https:\/\/tucomarca.whitekongsoftware.com\/ca\/wp-json\/wp\/v2\/posts\/231464","targetHints":{"allow":["GET"]}}],"collection":[{"href":"https:\/\/tucomarca.whitekongsoftware.com\/ca\/wp-json\/wp\/v2\/posts"}],"about":[{"href":"https:\/\/tucomarca.whitekongsoftware.com\/ca\/wp-json\/wp\/v2\/types\/post"}],"author":[{"embeddable":true,"href":"https:\/\/tucomarca.whitekongsoftware.com\/ca\/wp-json\/wp\/v2\/users\/13"}],"replies":[{"embeddable":true,"href":"https:\/\/tucomarca.whitekongsoftware.com\/ca\/wp-json\/wp\/v2\/comments?post=231464"}],"version-history":[{"count":0,"href":"https:\/\/tucomarca.whitekongsoftware.com\/ca\/wp-json\/wp\/v2\/posts\/231464\/revisions"}],"wp:featuredmedia":[{"embeddable":true,"href":"https:\/\/tucomarca.whitekongsoftware.com\/ca\/wp-json\/wp\/v2\/media\/231453"}],"wp:attachment":[{"href":"https:\/\/tucomarca.whitekongsoftware.com\/ca\/wp-json\/wp\/v2\/media?parent=231464"}],"wp:term":[{"taxonomy":"category","embeddable":true,"href":"https:\/\/tucomarca.whitekongsoftware.com\/ca\/wp-json\/wp\/v2\/categories?post=231464"},{"taxonomy":"post_tag","embeddable":true,"href":"https:\/\/tucomarca.whitekongsoftware.com\/ca\/wp-json\/wp\/v2\/tags?post=231464"}],"curies":[{"name":"wp","href":"https:\/\/api.w.org\/{rel}","templated":true}]}}