{"id":231450,"date":"2024-07-31T11:15:00","date_gmt":"2024-07-31T09:15:00","guid":{"rendered":"https:\/\/www.tucomarca.com\/wordpress\/segunda\/?p=231450"},"modified":"2024-07-31T18:34:32","modified_gmt":"2024-07-31T16:34:32","slug":"lorquesta-filarmonica-de-requena-oferira-un-concert-liric-amb-ainhoa-arteta-montserrat-marti-caballe-i-luis-santana","status":"publish","type":"post","link":"https:\/\/tucomarca.whitekongsoftware.com\/ca\/lorquesta-filarmonica-de-requena-oferira-un-concert-liric-amb-ainhoa-arteta-montserrat-marti-caballe-i-luis-santana\/","title":{"rendered":"L&#8217;Orquesta Filarm\u00f3nica de Requena oferir\u00e0 un concert l\u00edric amb Ainhoa Arteta, Montserrat Mart\u00ed Caball\u00e9 i Luis Santana"},"content":{"rendered":"\n<p class=\"wp-block-paragraph\"><strong>La formaci\u00f3, dirigida per Francisco Melero, brindar\u00e0 el\u00a0<em>XI Concierto de la vendimia y el vino\u00a0<\/em>amb els prestigiosos artistes i el programa\u00a0<em>Dos dives i un bar\u00edton\u00a0<\/em>al Pati d&#8217;Armes del Castell de Requena el divendres 23 d&#8217;agost a les 22,00 horas.<\/strong><\/p>\n\n\n\n<p class=\"wp-block-paragraph\"><strong>L&#8217;esdeveniment cultural, patrocinat per la Fundaci\u00f3n Ciudad de Requena i Bodega Sierra Norte, s&#8217;emmarca en els actes de la\u00a0<em>Feria y Fiesta de la Vendimia\u00a0<\/em>i \u00e9s una activitat de refer\u00e8ncia de l&#8217;orquestra<\/strong>.<\/p>\n\n\n\n<p class=\"wp-block-paragraph\"><strong>La XIa edici\u00f3 reunir\u00e0 dos sopranos, Arteta i Mart\u00ed Caball\u00e9, que han actuat en els principals auditoris del m\u00f3n en recitals i concerts amb prestigioses orquestres dirigides per grans batutes. Santana ha cantat en els teatres i sales m\u00e9s importants del nostre pa\u00eds i de la resta d&#8217;Europa<\/strong>.<\/p>\n\n\n\n<p class=\"wp-block-paragraph\"><strong>Les cantants basca i catalana i el bar\u00edton zamor\u00e0 actuaran amb un programa amb fragments d&#8217;algunes de les m\u00e9s benvolgudes \u00f2peres i sarsueles dels compositors m\u00e9s c\u00e8lebres<\/strong>.<\/p>\n\n\n\n<p class=\"wp-block-paragraph\"><strong>Ernesto Monz\u00f3, president de l&#8217;Orquesta Filarm\u00f3nica de Requena: \u201cEstem molt il\u00b7lusionats amb el concert, el nostre objectiu \u00e9s compartir aquesta magn\u00edfica iniciativa i posar en valor l&#8217;excel\u00b7l\u00e8ncia del projecte musical que desenvolupem des de 2006\u201d<\/strong>.<\/p>\n\n\n\n<p class=\"wp-block-paragraph\"><strong>Francisco Melero, director de l&#8217;Orquesta Filarm\u00f3nica de Requena, destaca que \u201cel concert que oferirem \u00e9s una oportunitat \u00fanica per a gaudir d&#8217;unes grans veus a Requena, un recital per a guardar en la mem\u00f2ria per sempre\u201d<\/strong>.<\/p>\n\n\n\n<p class=\"wp-block-paragraph\">L\u2019<strong>Orquesta Filarm\u00f3nica Fundaci\u00f3n Ciudad de Requena&nbsp;<\/strong>organitza un concert l\u00edric que comptar\u00e0 amb els prestigiosos artistes Ainhoa Arteta, Montserrat Mart\u00ed Caball\u00e9 i Luis Santana. La formaci\u00f3, dirigida per Francisco Melero, oferir\u00e0 el&nbsp;<em>Concierto de la vendimia y el vino&nbsp;<\/em>amb el programa&nbsp;<em>Dos dives i un bar\u00edton&nbsp;<\/em>al Pati d&#8217;Armes del Castell de Requena el divendres 23 d&#8217;agost a les 22h. La iniciativa compta amb una gran acollida del p\u00fablic tots els anys i en particular del procedent de tota la comarca valenciana de La Plana d&#8217;Utiel-Requena.<\/p>\n\n\n\n<p class=\"wp-block-paragraph\">Aquest esdeveniment cultural, patrocinat per la Fundaci\u00f3n Ciudad de Requena i Bodega Sierra Norte, s&#8217;emmarca dins dels actes programats per a la Feria y Fiesta de la Vendimia de Requena i s&#8217;ha convertit en una activitat de refer\u00e8ncia de l&#8217;Orquesta Filarm\u00f3nica que impulsa aquest projecte amb entusiasme des de fa m\u00e9s d&#8217;una d\u00e8cada i al qual ve convidant a reconeguts m\u00fasics i cantants en el panorama nacional i internacional.<\/p>\n\n\n\n<p class=\"wp-block-paragraph\">L&#8217;onzena edici\u00f3 reunir\u00e0 dos sopranos, Arteta i Mart\u00ed Caball\u00e9, que han actuat en els principals auditoris del m\u00f3n en recitals i concerts amb prestigioses orquestres dirigides per grans batutes. Santana ha cantat en els teatres i sales m\u00e9s importants del nostre pa\u00eds i de la resta d&#8217;Europa i ha oferit grans concerts.<\/p>\n\n\n\n<p class=\"wp-block-paragraph\">Les cantants basca i catalana i el bar\u00edton zamor\u00e0 actuaran amb un programa amb fragments d&#8217;algunes de les m\u00e9s benvolgudes \u00f2peres i sarsueles dels compositors m\u00e9s c\u00e8lebres. El p\u00fablic que acudisca al concert podr\u00e0 gaudir d&#8217;un repertori abordat per veus privilegiades i duos que \u201cens tocaran l&#8217;\u00e0nima i el m\u00e9s profund del nostre \u00e9sser\u201d, asseguren els artistes.<\/p>\n\n\n\n<p class=\"wp-block-paragraph\">Ernesto Monz\u00f3, president de l\u2019Orquesta Filarm\u00f3nica Fundaci\u00f3n Ciudad de Requena, ha manifestat que \u201cestem molt illusionats amb aquest concert, comptar amb artistes amb una dilatada i exitosa carrera i de la talla d&#8217;Ainhoa Arteta, Montserrat Mart\u00ed Caball\u00e9 i Luis Santana, \u00e9s un honor per a la nostra ciutat i la nostra orquestra\u201d. Monz\u00f3 ha subratllat que \u201cel nostre objectiu \u00e9s compartir aquesta magn\u00edfica iniciativa, i unes altres que realitzem al llarg de l&#8217;any, per a posar en valor l&#8217;excel\u00b7l\u00e8ncia del projecte musical que desenvolupem des de 2006 i que potenciem any rere any\u201d. El president ha apuntat que \u201cconvidem a tots a gaudir d&#8217;aquest concert i de Requena, que uneix a la seua rellevant proposta enotur\u00edstica, patrimonial i gastron\u00f2mica, la cultural\u201d.<\/p>\n\n\n\n<p class=\"wp-block-paragraph\">Francisco Melero, director de l\u2019Orquesta Filarm\u00f3nica Fundaci\u00f3n Ciudad de Requena, destaca que \u201cel concert que oferirem \u00e9s una oportunitat \u00fanica per a gaudir d&#8217;unes grans veus a Requena, un recital per a guardar en la mem\u00f2ria per sempre\u201d. Melero, que ha col\u00b7laborat amb prestigiosos cantants i solistes a Europa, Am\u00e8rica i \u00c0sia des que debutara amb 17 anys en el Palau de la M\u00fasica de Val\u00e8ncia, assegura que \u201cl&#8217;orquestra est\u00e0 treballant dur per a donar el millor de si mateixa en un concert que considerem molt especial\u201d.<\/p>\n\n\n\n<p class=\"wp-block-paragraph\">El&nbsp;<em>Concierto de la vendimia y el vino&nbsp;<\/em>tamb\u00e9 compta amb la col\u00b7laboraci\u00f3 de la regidoria de Cultura de l&#8217;Ajuntament de Requena, Nexo Wines, Telfy TV, Fuente Primavera, Onda Requena, Radio Requena, Radio Utiel y Monogr\u00e1fico comunicaci\u00f3n. Les entrades es poden aconseguir anticipadament en www.orquestarequena.com; al carrer Norberto Pi\u00f1ango n\u00fam. 17 baix, de Requena, a partir del 5 d&#8217;agost, i una hora abans del concert en taquilla.<\/p>\n\n\n\n<p class=\"wp-block-paragraph\"><strong>Curs de Direcci\u00f3 d&#8217;Orquestra<\/strong><\/p>\n\n\n\n<p class=\"wp-block-paragraph\">La Orquesta Filarm\u00f3nica de Requena ha organitzat el XIII Curs de Direcci\u00f3 d&#8217;Orquestra Ciutat de Requena i el IV Concurs de Direcci\u00f3 d&#8217;Orquestra Maestro Collado, a c\u00e0rrec de Francisco Melero. El curs s&#8217;ha centrat en el sinfonisme de Josef Anton Bruckner (1824-1896) l&#8217;any en el que se celebra el 200\u00e9 aniversari del naixement del compositor i organista austr\u00edac considerat un dels \u00faltims representants del Romanticisme austroalem\u00e0.<\/p>\n\n\n\n<p class=\"wp-block-paragraph\">Est\u00e0 destinat tant a directors en actiu que vulguen perfeccionar la seua t\u00e8cnica o especialitzar-se en la direcci\u00f3 orquestral, com a estudiants de direcci\u00f3 o directors&nbsp;<em>amateurs<\/em>. Gr\u00e0cies a una metodologia individualitzada i a un redu\u00eft nombre d&#8217;alumnes, la formaci\u00f3 s&#8217;adapta als diferents nivells per a opti- mitzar els resultats de cada participant. Enguany, Melero ha explicat als alumnes com abordar l&#8217;es- trena d&#8217;una obra contempor\u00e0nia, prenent com a exemple la pe\u00e7a&nbsp;<em>Tres texturas&nbsp;<\/em>del compositor V\u00edctor Marco Vico, primer premi en modalitat orquestral del Festival de M\u00fasica de Ribargor\u00e7a (Osca). El programa, desenvolupat del 22 al 26 de juliol, va incloure aspectes tan importants com la figura del director\/a, qu\u00e8 \u00e9s i per a qu\u00e8 serveix la t\u00e8cnica, estrat\u00e8gies d&#8217;assaig, la import\u00e0ncia d&#8217;una bona pro- gramaci\u00f3 o com enfrontar-se a una partitura.<\/p>\n\n\n\n<p class=\"wp-block-paragraph\"><strong>Guanyadors del Concurs de Direcci\u00f3<\/strong><\/p>\n\n\n\n<p class=\"wp-block-paragraph\">El car\u00e0cter eminentment pr\u00e0ctic del curs va portar a la Orquesta Filarm\u00f3nica Fundaci\u00f3n Ciudad de Requena a la creaci\u00f3 del Concurs de Direcci\u00f3 Maestro Collado, una iniciativa que ret homenatge al reconegut director d&#8217;orquestra de Bu\u00f1ol (Val\u00e8ncia) Jos\u00e9 Mar\u00eda Cervera Collado (1946-2013) i que ha celebrat la seua quarta edici\u00f3.<\/p>\n\n\n\n<p class=\"wp-block-paragraph\">El tribunal, compost pels integrants de l&#8217;orquestra, membres convidats del m\u00f3n simf\u00f2nic i Francisco Melero, ha guardonat amb el primer premi a David Urango (Terol), amb el segon a Nicol\u00e1s Serrano (Bilbao), i amb el tercer a Cristina S\u00e1nchez (Sant Antoni de Requena). El primer premi consisteix en el nomenament de Urango com a director assistent l&#8217;any vigent i en el concert que realitzar\u00e0 l&#8217;Orquesta Filarm\u00f3nica de Requena el 23 d&#8217;agost. A m\u00e9s, dirigir\u00e0 a la formaci\u00f3 com a convidat en un concert que tindr\u00e0 lloc en una data per determinar.<\/p>\n\n\n\n<p class=\"wp-block-paragraph\"><strong>Orquesta Filarm\u00f3nica de Requena<\/strong><\/p>\n\n\n\n<p class=\"wp-block-paragraph\">L\u2019Orquesta Filarm\u00f3nica de Requena, que va debutar en el Temple de Santa Mar\u00eda de Requena inter- pretant la&nbsp;<em>Simfonia n\u00famero 5&nbsp;<\/em>de Ludwig van Beethoven el 5 d&#8217;abril de 2007, ha oferit m\u00e9s de 100 concerts interpretant obres del gran repertori cl\u00e0ssic i contemporani de compositors espanyols i estrangers. Francisco Melero est\u00e0 des dels seus inicis al capdavant d&#8217;una formaci\u00f3 que actua amb 96 m\u00fasics i desenvolupa la seua activitat com a associaci\u00f3 sense \u00e0nim de lucre amb quasi 300 socis.<\/p>\n\n\n\n<p class=\"wp-block-paragraph\">En aquests 17 anys ha col\u00b7laborat amb importants artistes com els tenors Jos\u00e9 Manuel Zapata i Javier Palacios, les sopranos Montserrat Mart\u00ed Caball\u00e9, Silvia V\u00e1zquez i Em\u00edlia Onrubia, la&nbsp;<em>mezzosoprano&nbsp;<\/em>Beatriz Gimeno, els bar\u00edtons Luis Santana, Omar Lara i Armant del Clot, les cantants de flamenc Roc\u00edo M\u00e1rquez i Mar\u00eda Toledo, la cantant Sole Gim\u00e9nez, els m\u00fasics Ara Malikian, Jos\u00e9 Franch Ballester, Claudio Constantini, Fernando Egozcue, Aitzol Iturriagagoitia y David Apell\u00e1niz, aix\u00ed com amb els pianistes Leonel Morales, Carles Mar\u00edn, Josu De Solaun, Francisco Fierro, Jos\u00e9 Ram\u00f3n Garc\u00eda y Raquel del Val, entre altres.<\/p>\n\n\n\n<p class=\"wp-block-paragraph\">L&#8217;orquestra i el seu director, que han sigut proposats per Federico Mayor Zaragoza, director general de la Unesco entre 1987 i 1999, per al nomenament de M\u00fasics per la Pau, tamb\u00e9 han col\u00b7laborat amb diversos grups corals. Entre els concerts realitzats, cal destacar els realitzats en el Palau de la M\u00fasica de Val\u00e8ncia, els&nbsp;<em>Conciertos de la vendimia y el vino<\/em>, els realitzats durant la Setmana de M\u00fasica Sacra de Requena o aquells amb un inter\u00e9s social com els concerts extraordinaris per la pau o els concerts solidaris a benefici de persones majors, de la Creu Roja i de familiars de malalts d&#8217;alzheimer. Des de la seua fundaci\u00f3 t\u00e9 l&#8217;objectiu d&#8217;ampliar la formaci\u00f3 de joves m\u00fasics i estudiants de conservatoris en un entorn que ha atret a desenes d&#8217;int\u00e8rprets pel seu ambient acad\u00e8mic.<\/p>\n","protected":false},"excerpt":{"rendered":"<div class=\"mh-excerpt\">La formaci\u00f3, dirigida per Francisco Melero, brindar\u00e0 el\u00a0XI Concierto de la vendimia y el vino\u00a0amb els prestigiosos artistes i el programa\u00a0Dos dives i un bar\u00edton\u00a0al Pati d&#8217;Armes del Castell de Requena el divendres 23 d&#8217;agost <a class=\"mh-excerpt-more\" href=\"https:\/\/tucomarca.whitekongsoftware.com\/ca\/lorquesta-filarmonica-de-requena-oferira-un-concert-liric-amb-ainhoa-arteta-montserrat-marti-caballe-i-luis-santana\/\" title=\"L&#8217;Orquesta Filarm\u00f3nica de Requena oferir\u00e0 un concert l\u00edric amb Ainhoa Arteta, Montserrat Mart\u00ed Caball\u00e9 i Luis Santana\">[+] <\/a><\/div>\n","protected":false},"author":13,"featured_media":231455,"comment_status":"open","ping_status":"open","sticky":false,"template":"","format":"standard","meta":{"footnotes":""},"categories":[11019,11005,10898,10894,10904,11007,10908,10909,10896],"tags":[20778,11099,20937],"class_list":["post-231450","post","type-post","status-publish","format-standard","has-post-thumbnail","category-agenda-ca","category-canal-musica","category-ventana-ca","category-la-comarca-ca","category-sin-categorizar-ca","category-ocio-y-cultura-ca","category-requena-ca","category-requena-utiel-ca","category-seccion-ca","tag-musica-2-ca","tag-requena-ca","tag-requena-utiel-3-ca"],"_links":{"self":[{"href":"https:\/\/tucomarca.whitekongsoftware.com\/ca\/wp-json\/wp\/v2\/posts\/231450","targetHints":{"allow":["GET"]}}],"collection":[{"href":"https:\/\/tucomarca.whitekongsoftware.com\/ca\/wp-json\/wp\/v2\/posts"}],"about":[{"href":"https:\/\/tucomarca.whitekongsoftware.com\/ca\/wp-json\/wp\/v2\/types\/post"}],"author":[{"embeddable":true,"href":"https:\/\/tucomarca.whitekongsoftware.com\/ca\/wp-json\/wp\/v2\/users\/13"}],"replies":[{"embeddable":true,"href":"https:\/\/tucomarca.whitekongsoftware.com\/ca\/wp-json\/wp\/v2\/comments?post=231450"}],"version-history":[{"count":0,"href":"https:\/\/tucomarca.whitekongsoftware.com\/ca\/wp-json\/wp\/v2\/posts\/231450\/revisions"}],"wp:featuredmedia":[{"embeddable":true,"href":"https:\/\/tucomarca.whitekongsoftware.com\/ca\/wp-json\/wp\/v2\/media\/231455"}],"wp:attachment":[{"href":"https:\/\/tucomarca.whitekongsoftware.com\/ca\/wp-json\/wp\/v2\/media?parent=231450"}],"wp:term":[{"taxonomy":"category","embeddable":true,"href":"https:\/\/tucomarca.whitekongsoftware.com\/ca\/wp-json\/wp\/v2\/categories?post=231450"},{"taxonomy":"post_tag","embeddable":true,"href":"https:\/\/tucomarca.whitekongsoftware.com\/ca\/wp-json\/wp\/v2\/tags?post=231450"}],"curies":[{"name":"wp","href":"https:\/\/api.w.org\/{rel}","templated":true}]}}