{"id":231336,"date":"2024-07-30T13:00:00","date_gmt":"2024-07-30T11:00:00","guid":{"rendered":"https:\/\/www.tucomarca.com\/wordpress\/segunda\/?p=231336"},"modified":"2024-07-30T13:59:38","modified_gmt":"2024-07-30T11:59:38","slug":"la-diputacio-aprova-una-subvencio-de-46-600e-a-gandia-per-a-treballs-dexhumacio-i-identificacio-de-represaliats-de-la-guerra","status":"publish","type":"post","link":"https:\/\/tucomarca.whitekongsoftware.com\/ca\/la-diputacio-aprova-una-subvencio-de-46-600e-a-gandia-per-a-treballs-dexhumacio-i-identificacio-de-represaliats-de-la-guerra\/","title":{"rendered":"La Diputaci\u00f3 aprova una subvenci\u00f3 de 46.600\u20ac a Gandia per a treballs d&#8217;exhumaci\u00f3 i identificaci\u00f3 de represaliats de la guerra"},"content":{"rendered":"\n<h3 class=\"wp-block-heading\">La vicepresidenta i diputada de Mem\u00f2ria Democr\u00e0tica, Nat\u00e0lia Enguix, destaca que \u201cla Diputaci\u00f3 \u00e9s una instituci\u00f3 referent en esta mat\u00e8ria i continuar\u00e0 sent-ho perqu\u00e8 els drets humans estan per damunt de tot\u201d.<\/h3>\n\n\n\n<p class=\"wp-block-paragraph\">La Diputaci\u00f3 de Val\u00e8ncia, a trav\u00e9s de l&#8217;\u00e0rea de Mem\u00f2ria Democr\u00e0tica que dirigix la vicepresidenta primera Nat\u00e0lia Enguix, ha aprovat la concessi\u00f3 directa d&#8217;una subvenci\u00f3 a l&#8217;Ajuntament de Gandia per a la realitzaci\u00f3 d&#8217;estudis de laboratori de la tercera campanya d&#8217;excavaci\u00f3 i exhumaci\u00f3 de fosses del franquisme del cementeri municipal, i la identificaci\u00f3 de 27 cossos. L&#8217;import total de l&#8217;ajuda \u00e9s de 46.615,25 euros, corresponent al pressupost del present any.<\/p>\n\n\n\n<p class=\"wp-block-paragraph\">Es pret\u00e9n aix\u00ed, segons la diputada de Mem\u00f2ria Democr\u00e0tica, Nat\u00e0lia Enguix, \u201ccol\u00b7laborar en la investigaci\u00f3, localitzaci\u00f3, exhumaci\u00f3 i identificaci\u00f3 de les restes de v\u00edctimes desaparegudes durant la guerra i la dictadura franquista, mitjan\u00e7ant la realitzaci\u00f3 d&#8217;estudis hist\u00f2rics, arqueol\u00f2gics, antropol\u00f2gics i gen\u00e8tics, per a contribuir a la implementaci\u00f3 dels principis de veritat, just\u00edcia i reparaci\u00f3 reconeguts pel Dret Internacional, vinculats als drets humans. La Diputaci\u00f3 \u00e9s una instituci\u00f3 de refer\u00e8ncia en este sentit i continuar\u00e0 sent-ho perqu\u00e8 els drets humans estan per damunt de tot\u201d.<\/p>\n\n\n\n<p class=\"wp-block-paragraph\">Esta subvenci\u00f3 \u00e9s compatible amb la percepci\u00f3 d&#8217;altres subvencions, ajudes, ingressos o recursos per a la mateixa finalitat procedents de qualsevol administraci\u00f3 o entitat p\u00fablica o privada, sempre que la suma de totes elles no supere el cost total del projecte, i en este cas donar\u00e0 lloc a la minoraci\u00f3 o denegaci\u00f3 de la subvenci\u00f3.<\/p>\n\n\n\n<p class=\"wp-block-paragraph\">La partida d&#8217;ajudes directes ascendix enguany a un total de 210.000 euros, que se sumen als 850.000 euros -700.000 per a ajuntaments i 150.000 per a associacions- que la Diputaci\u00f3 va convocar al mar\u00e7 de 2024, pel procediment de concurr\u00e8ncia competitiva, per a recuperaci\u00f3 de patrimoni memorialista, en el cas de l&#8217;exhumaci\u00f3 de trinxeres o la rehabilitaci\u00f3 de refugis impulsades pels consistoris; i per a les exposicions, congressos, accions educatives i la resta d&#8217;activitats proposades per les associacions.<\/p>\n\n\n\n<p class=\"wp-block-paragraph\">Segons subratlla la vicepresidenta Enguix, \u201cel pressupost de m\u00e9s d&#8217;un mili\u00f3 d&#8217;euros que destinem enguany a Mem\u00f2ria demostra que, per a este govern de la Diputaci\u00f3, continua sent una eina essencial en la societat actual per a construir un futur s\u00f2lid i democr\u00e0tic\u201d.<\/p>\n\n\n\n<figure class=\"wp-block-image size-large\"><img loading=\"lazy\" decoding=\"async\" width=\"714\" height=\"1024\" src=\"https:\/\/www.tucomarca.com\/wordpress\/segunda\/wp-content\/uploads\/2024\/07\/2-Memoria-historica-Gandia-foto_Abulaila-3-714x1024.jpg\" alt=\"\" class=\"wp-image-231333\" srcset=\"https:\/\/tucomarca.whitekongsoftware.com\/wp-content\/uploads\/2024\/07\/2-Memoria-historica-Gandia-foto_Abulaila-3-714x1024.jpg 714w, https:\/\/tucomarca.whitekongsoftware.com\/wp-content\/uploads\/2024\/07\/2-Memoria-historica-Gandia-foto_Abulaila-3-209x300.jpg 209w, https:\/\/tucomarca.whitekongsoftware.com\/wp-content\/uploads\/2024\/07\/2-Memoria-historica-Gandia-foto_Abulaila-3-768x1102.jpg 768w, https:\/\/tucomarca.whitekongsoftware.com\/wp-content\/uploads\/2024\/07\/2-Memoria-historica-Gandia-foto_Abulaila-3.jpg 780w\" sizes=\"auto, (max-width: 714px) 100vw, 714px\" \/><\/figure>\n","protected":false},"excerpt":{"rendered":"<div class=\"mh-excerpt\">La vicepresidenta i diputada de Mem\u00f2ria Democr\u00e0tica, Nat\u00e0lia Enguix, destaca que \u201cla Diputaci\u00f3 \u00e9s una instituci\u00f3 referent en esta mat\u00e8ria i continuar\u00e0 sent-ho perqu\u00e8 els drets humans estan per damunt de tot\u201d. La Diputaci\u00f3 de <a class=\"mh-excerpt-more\" href=\"https:\/\/tucomarca.whitekongsoftware.com\/ca\/la-diputacio-aprova-una-subvencio-de-46-600e-a-gandia-per-a-treballs-dexhumacio-i-identificacio-de-represaliats-de-la-guerra\/\" title=\"La Diputaci\u00f3 aprova una subvenci\u00f3 de 46.600\u20ac a Gandia per a treballs d&#8217;exhumaci\u00f3 i identificaci\u00f3 de represaliats de la guerra\">[+] <\/a><\/div>\n","protected":false},"author":13,"featured_media":231329,"comment_status":"open","ping_status":"open","sticky":false,"template":"","format":"standard","meta":{"footnotes":""},"categories":[20600,10898,10948,10894,10904,20456,10947,10896],"tags":[11199,21009,16620,20262],"class_list":["post-231336","post","type-post","status-publish","format-standard","has-post-thumbnail","category-area-memoria-democratica-ca","category-ventana-ca","category-infraestructuras-ca","category-la-comarca-ca","category-sin-categorizar-ca","category-la-diputacio-de-valencia-informa-ca","category-politica","category-seccion-ca","tag-la-comunitat-ca","tag-la-diputacio-de-valencia-ca","tag-memoria-democratica-ca","tag-natalia-enguix-ca"],"_links":{"self":[{"href":"https:\/\/tucomarca.whitekongsoftware.com\/ca\/wp-json\/wp\/v2\/posts\/231336","targetHints":{"allow":["GET"]}}],"collection":[{"href":"https:\/\/tucomarca.whitekongsoftware.com\/ca\/wp-json\/wp\/v2\/posts"}],"about":[{"href":"https:\/\/tucomarca.whitekongsoftware.com\/ca\/wp-json\/wp\/v2\/types\/post"}],"author":[{"embeddable":true,"href":"https:\/\/tucomarca.whitekongsoftware.com\/ca\/wp-json\/wp\/v2\/users\/13"}],"replies":[{"embeddable":true,"href":"https:\/\/tucomarca.whitekongsoftware.com\/ca\/wp-json\/wp\/v2\/comments?post=231336"}],"version-history":[{"count":0,"href":"https:\/\/tucomarca.whitekongsoftware.com\/ca\/wp-json\/wp\/v2\/posts\/231336\/revisions"}],"wp:featuredmedia":[{"embeddable":true,"href":"https:\/\/tucomarca.whitekongsoftware.com\/ca\/wp-json\/wp\/v2\/media\/231329"}],"wp:attachment":[{"href":"https:\/\/tucomarca.whitekongsoftware.com\/ca\/wp-json\/wp\/v2\/media?parent=231336"}],"wp:term":[{"taxonomy":"category","embeddable":true,"href":"https:\/\/tucomarca.whitekongsoftware.com\/ca\/wp-json\/wp\/v2\/categories?post=231336"},{"taxonomy":"post_tag","embeddable":true,"href":"https:\/\/tucomarca.whitekongsoftware.com\/ca\/wp-json\/wp\/v2\/tags?post=231336"}],"curies":[{"name":"wp","href":"https:\/\/api.w.org\/{rel}","templated":true}]}}