{"id":231307,"date":"2024-07-30T09:50:00","date_gmt":"2024-07-30T07:50:00","guid":{"rendered":"https:\/\/www.tucomarca.com\/wordpress\/segunda\/?p=231307"},"modified":"2024-07-30T18:55:33","modified_gmt":"2024-07-30T16:55:33","slug":"la-diputacio-de-valencia-financa-les-tomaques-de-la-tomatina-com-a-mostra-de-suport-a-la-tradicional-festa-valenciana","status":"publish","type":"post","link":"https:\/\/tucomarca.whitekongsoftware.com\/ca\/la-diputacio-de-valencia-financa-les-tomaques-de-la-tomatina-com-a-mostra-de-suport-a-la-tradicional-festa-valenciana\/","title":{"rendered":"La Diputaci\u00f3 de Val\u00e8ncia finan\u00e7a les tomaques de La Tomatina com a mostra de suport a la tradicional festa valenciana"},"content":{"rendered":"\n<p class=\"wp-block-paragraph\"><strong><strong>La corporaci\u00f3 provincial destina prop de 60.000 euros a la compra dels 120.000 quilos de tomaca 100% valenciana i de quil\u00f2metre 0 per a \u201cfer la festa m\u00e9s sostenible\u201d<\/strong><\/strong>.<\/p>\n\n\n\n<p class=\"wp-block-paragraph\"><strong><strong>Vicent Momp\u00f3, que participar\u00e0 en la tradicional batalla de tomaques el pr\u00f2xim 28 d&#8217;agost, destaca \u201cel retorn econ\u00f2mic d&#8217;esta inversi\u00f3 a la prov\u00edncia\u201d i \u201cel suport incondicional de la Diputaci\u00f3 a les festes valencianes per a protegir-les i enriquir-les\u201d<\/strong><\/strong>.<\/p>\n\n\n\n<p class=\"wp-block-paragraph\">La Diputaci\u00f3 de Val\u00e8ncia ha destinat 59.900 euros a la 77a edici\u00f3 de la tradicional festa de La Tomatina, que com cada any tenyir\u00e0 de roig Bu\u00f1ol l&#8217;\u00faltim dimecres d&#8217;agost. Amb estos diners, el municipi de l\u2019Hoya de Bu\u00f1ol-Chiva pagar\u00e0 els 120.000 quilos de tomaca que serviran de munici\u00f3 en la batalla festera m\u00e9s internacional.<\/p>\n\n\n\n<p class=\"wp-block-paragraph\">\u201cAmb esta ajuda volem demostrar el suport de la Diputaci\u00f3 a les nostres festes, tradicions i senyes d&#8217;identitat perqu\u00e8 el nostre objectiu \u00e9s protegir-les i enriquir-les\u201d, ha assegurat el president de la corporaci\u00f3 provincial, Vicent Momp\u00f3.<\/p>\n\n\n\n<p class=\"wp-block-paragraph\">D&#8217;altra banda, ha recalcat \u201cel retorn econ\u00f2mic que esta inversi\u00f3 deixar\u00e0 a Bu\u00f1ol i la prov\u00edncia\u201d. En este sentit, ha declarat, \u201cesperem amb els bra\u00e7os oberts als qui vulguen disfrutar d&#8217;esta singular festa, que ha posat a Bu\u00f1ol en el mapa tur\u00edstic internacional\u201d. \u201cJo no m&#8217;ho perdr\u00e9 i all\u00ed estar\u00e9 el pr\u00f2xim 28 d&#8217;agost\u201d, ha reiterat.<\/p>\n\n\n\n<p class=\"wp-block-paragraph\">Per part seua, l&#8217;alcaldessa de Bu\u00f1ol, Virginia Sanz, ha agra\u00eft \u201cla implicaci\u00f3\u201d de la Diputaci\u00f3 de Val\u00e8ncia i ha subratllat \u201cl&#8217;estalvi que li suposa al municipi la seua ajuda\u201d. A m\u00e9s, ha detallat, \u201cla tomaca ser\u00e0 100% valenciana i de quil\u00f2metre 0, fent la festa m\u00e9s sostenible\u201d. \u201cTreballem perqu\u00e8 La Tomatina siga una festa segura i divertida, per\u00f2 tamb\u00e9 alineada amb els temps i preocupacions de tots\u201d, ha esgrimit.<\/p>\n","protected":false},"excerpt":{"rendered":"<div class=\"mh-excerpt\">La corporaci\u00f3 provincial destina prop de 60.000 euros a la compra dels 120.000 quilos de tomaca 100% valenciana i de quil\u00f2metre 0 per a \u201cfer la festa m\u00e9s sostenible\u201d. Vicent Momp\u00f3, que participar\u00e0 en la <a class=\"mh-excerpt-more\" href=\"https:\/\/tucomarca.whitekongsoftware.com\/ca\/la-diputacio-de-valencia-financa-les-tomaques-de-la-tomatina-com-a-mostra-de-suport-a-la-tradicional-festa-valenciana\/\" title=\"La Diputaci\u00f3 de Val\u00e8ncia finan\u00e7a les tomaques de La Tomatina com a mostra de suport a la tradicional festa valenciana\">[+] <\/a><\/div>\n","protected":false},"author":13,"featured_media":231303,"comment_status":"open","ping_status":"open","sticky":false,"template":"","format":"standard","meta":{"footnotes":""},"categories":[10911,10898,10948,10894,10912,11007,10947,10896],"tags":[10913,14181,11185],"class_list":["post-231307","post","type-post","status-publish","format-standard","has-post-thumbnail","category-bunol-ca","category-ventana-ca","category-infraestructuras-ca","category-la-comarca-ca","category-la-hoya-ca","category-ocio-y-cultura-ca","category-politica","category-seccion-ca","tag-bunol-ca","tag-diputacio-de-valencia-2-ca","tag-tomatina-ca"],"_links":{"self":[{"href":"https:\/\/tucomarca.whitekongsoftware.com\/ca\/wp-json\/wp\/v2\/posts\/231307","targetHints":{"allow":["GET"]}}],"collection":[{"href":"https:\/\/tucomarca.whitekongsoftware.com\/ca\/wp-json\/wp\/v2\/posts"}],"about":[{"href":"https:\/\/tucomarca.whitekongsoftware.com\/ca\/wp-json\/wp\/v2\/types\/post"}],"author":[{"embeddable":true,"href":"https:\/\/tucomarca.whitekongsoftware.com\/ca\/wp-json\/wp\/v2\/users\/13"}],"replies":[{"embeddable":true,"href":"https:\/\/tucomarca.whitekongsoftware.com\/ca\/wp-json\/wp\/v2\/comments?post=231307"}],"version-history":[{"count":0,"href":"https:\/\/tucomarca.whitekongsoftware.com\/ca\/wp-json\/wp\/v2\/posts\/231307\/revisions"}],"wp:featuredmedia":[{"embeddable":true,"href":"https:\/\/tucomarca.whitekongsoftware.com\/ca\/wp-json\/wp\/v2\/media\/231303"}],"wp:attachment":[{"href":"https:\/\/tucomarca.whitekongsoftware.com\/ca\/wp-json\/wp\/v2\/media?parent=231307"}],"wp:term":[{"taxonomy":"category","embeddable":true,"href":"https:\/\/tucomarca.whitekongsoftware.com\/ca\/wp-json\/wp\/v2\/categories?post=231307"},{"taxonomy":"post_tag","embeddable":true,"href":"https:\/\/tucomarca.whitekongsoftware.com\/ca\/wp-json\/wp\/v2\/tags?post=231307"}],"curies":[{"name":"wp","href":"https:\/\/api.w.org\/{rel}","templated":true}]}}