{"id":231232,"date":"2024-07-30T12:45:00","date_gmt":"2024-07-30T10:45:00","guid":{"rendered":"https:\/\/www.tucomarca.com\/wordpress\/segunda\/?p=231232"},"modified":"2024-07-30T18:10:31","modified_gmt":"2024-07-30T16:10:31","slug":"entrevista-ana-galdon-les-festes-dagost-de-millares-son-sobretot-el-retrobament-la-illusio-i-les-ganes-de-passar-lo-be","status":"publish","type":"post","link":"https:\/\/tucomarca.whitekongsoftware.com\/ca\/entrevista-ana-galdon-les-festes-dagost-de-millares-son-sobretot-el-retrobament-la-illusio-i-les-ganes-de-passar-lo-be\/","title":{"rendered":"Entrevista. Ana Gald\u00f3n: &#8220;Les Festes d&#8217;Agost de Millares s\u00f3n, sobretot, el retrobament, la il\u00b7lusi\u00f3 i les ganes de passar-lo b\u00e9&#8221;"},"content":{"rendered":"\n<p class=\"wp-block-paragraph\"><strong>A escassos dies de l&#8217;inici dels festejos d&#8217;agost en el municipi de Millares, <\/strong>tucomarca.com<strong> ha conversat amb Ana Gald\u00f3n, la m\u00e0xima responsable de l&#8217;\u00e0rea de Festes de la localitat.<\/strong><\/p>\n\n\n<div class=\"wp-block-image\">\n<figure class=\"alignleft size-large is-resized\"><img loading=\"lazy\" decoding=\"async\" width=\"830\" height=\"1024\" src=\"http:\/\/www.tucomarca.com\/wordpress\/segunda\/wp-content\/uploads\/2024\/07\/AnaGaldon-830x1024.jpg\" alt=\"\" class=\"wp-image-231216\" style=\"width:346px;height:auto\" srcset=\"https:\/\/tucomarca.whitekongsoftware.com\/wp-content\/uploads\/2024\/07\/AnaGaldon-830x1024.jpg 830w, https:\/\/tucomarca.whitekongsoftware.com\/wp-content\/uploads\/2024\/07\/AnaGaldon-243x300.jpg 243w, https:\/\/tucomarca.whitekongsoftware.com\/wp-content\/uploads\/2024\/07\/AnaGaldon-768x947.jpg 768w, https:\/\/tucomarca.whitekongsoftware.com\/wp-content\/uploads\/2024\/07\/AnaGaldon.jpg 886w\" sizes=\"auto, (max-width: 830px) 100vw, 830px\" \/><\/figure>\n<\/div>\n\n\n<p class=\"wp-block-paragraph\"><strong>\u2014 Aquestes seran les seues segones festes com a regidor de l&#8217;\u00e0rea, \u00bfs&#8217;afronten amb m\u00e9s tranquil\u00b7litat despr\u00e9s l&#8217;experi\u00e8ncia de l&#8217;any passat?<\/strong><\/p>\n\n\n\n<p class=\"wp-block-paragraph\">\u2014 Perqu\u00e8 la veritat \u00e9s que s\u00ed, i aix\u00f2 \u00e9s pel fet que enguany comptem amb una comissi\u00f3 de festes, formada per 13 joves que han posat tot el seu entusiasme i il\u00b7lusi\u00f3 a elaborar les festes patronals, aix\u00f2 fa que la majoria d&#8217;actes, ells s\u00f3n els encarregats ells d&#8217;organitzar, programar i elaborar, sempre sota la meua supervisi\u00f3, per descomptat.<\/p>\n\n\n\n<p class=\"wp-block-paragraph\"><strong>\u2014 Intu\u00efm que els actes habituals estaran esguitats d&#8217;alguna novetat enguany, \u00bfno?<\/strong><\/p>\n\n\n\n<p class=\"wp-block-paragraph\">\u2014 Per descomptat, sempre intentem introduir algun acte nou, enguany s&#8217;ha organitzat la decoraci\u00f3 de carrers, l&#8217;hem recuperat d&#8217;anys arrere i els ve\u00efns i ve\u00efnes de Millars s&#8217;han bolcat amb molt d&#8217;entusiasme, de fet, ja ens estem organitzant per a engalanar els nostres carrers.<\/p>\n\n\n\n<p class=\"wp-block-paragraph\"><strong>\u2014 \u00bfS\u00f3n aquestes les festes m\u00e9s importants de l&#8217;any a Millares?<\/strong><\/p>\n\n\n\n<p class=\"wp-block-paragraph\">\u2014 S\u00ed, s\u00f3n les m\u00e9s importants de tot l&#8217;any, on hi ha m\u00e9s actes, quan el nostre poble s&#8217;ompli de gent, on ens retrobem amb familiars i amics que no veiem durant la resta de l&#8217;any, dies en qu\u00e8 homenatgem els nostres sants patrons.<\/p>\n\n\n\n<p class=\"wp-block-paragraph\"><strong>\u2014 \u00bfQuines cites de les quals hi ha programades destacaria per als qui no coneixen aquestes festes en profunditat?<\/strong><\/p>\n\n\n\n<p class=\"wp-block-paragraph\">\u2014 Una d&#8217;elles i potser la m\u00e9s important \u00e9s la process\u00f3 al Sant\u00edssim Crist de les Salut, patr\u00f3 de Millars. \u00c9s la m\u00e9s multitudin\u00e0ria dins de les tres processons i on m\u00e9s se sent el fervor de la gent cap al nostre patr\u00f3. Recodar tamb\u00e9 la process\u00f3 de Sant Roque, amb pujada a l&#8217;ermita del mateix i on al carrer es dispara una traca de punta a punta del carrer i, finalment, quant a actes religiosos, la process\u00f3 de Sant Blas, encara que la festivitat \u00e9s el 3 de febrer, se celebra a l&#8217;agost. Tamb\u00e9 esmentar les revetles, lloc de trobada de joves i no tan joves, a Millars ens agrada molt gaudir d&#8217;una bona orquestra, cantar, ballar, riure i passar-ho b\u00e9.<\/p>\n\n\n\n<p class=\"wp-block-paragraph\"><strong>\u2014 Al seu entendre, \u00bfon radica l&#8217;encant i el poder d&#8217;atracci\u00f3 d&#8217;aquesta celebraci\u00f3 festiva del mes d&#8217;agost a Millars?<\/strong><\/p>\n\n\n\n<p class=\"wp-block-paragraph\">\u2014 Sobretot, en el retrobament, en la il\u00b7lusi\u00f3 i en les ganes de passar-lo b\u00e9, a deixar arrere els problemes i gaudir al m\u00e0xim d&#8217;aquests dies festius i evitar problemes innecessaris.<\/p>\n\n\n\n<p class=\"wp-block-paragraph\"><strong>\u2014 \u00bfCom li agradaria que es visquera aquesta cita festiva de la qual vost\u00e9 va ser la m\u00e0xima responsable?<\/strong><\/p>\n\n\n\n<p class=\"wp-block-paragraph\">\u2014 Sempre demane el mateix, que hi haja harmonia, que siguen uns dies de pau, diversi\u00f3 i evitar tot tipus de conflictes. Que gaudisquen de tot el programat tant pels festers com per l&#8217;ajuntament, ja que l&#8217;organitzaci\u00f3 de les festes, encara que siga un poble xicotet, porta molta faena.<\/p>\n\n\n\n<p class=\"wp-block-paragraph\"><strong>\u2014 I, per a finalitzar, \u00bfconvidem a la participaci\u00f3 de ve\u00efns i visitants en aquests dies de festa?<\/strong><\/p>\n\n\n\n<p class=\"wp-block-paragraph\">\u2014 Clar que s\u00ed, des d&#8217;ac\u00ed vull convidar a tots els ve\u00efns i ve\u00efnes de Millars i visitants a gaudir de les nostres anhelades festes patronals o com sempre les hem anomenades, les Festes d&#8217;Agost.<\/p>\n","protected":false},"excerpt":{"rendered":"<div class=\"mh-excerpt\">A escassos dies de l&#8217;inici dels festejos d&#8217;agost en el municipi de Millares, tucomarca.com ha conversat amb Ana Gald\u00f3n, la m\u00e0xima responsable de l&#8217;\u00e0rea de Festes de la localitat. \u2014 Aquestes seran les seues segones <a class=\"mh-excerpt-more\" href=\"https:\/\/tucomarca.whitekongsoftware.com\/ca\/entrevista-ana-galdon-les-festes-dagost-de-millares-son-sobretot-el-retrobament-la-illusio-i-les-ganes-de-passar-lo-be\/\" title=\"Entrevista. Ana Gald\u00f3n: &#8220;Les Festes d&#8217;Agost de Millares s\u00f3n, sobretot, el retrobament, la il\u00b7lusi\u00f3 i les ganes de passar-lo b\u00e9&#8221;\">[+] <\/a><\/div>\n","protected":false},"author":12,"featured_media":231217,"comment_status":"open","ping_status":"open","sticky":false,"template":"","format":"standard","meta":{"footnotes":""},"categories":[10963,10894,10970,11007,10896],"tags":[21052,11094,11186],"class_list":["post-231232","post","type-post","status-publish","format-standard","has-post-thumbnail","category-la-canal-de-navarres-ca","category-la-comarca-ca","category-millares-ca","category-ocio-y-cultura-ca","category-seccion-ca","tag-fiestas-de-agosto-millares-ca","tag-la-canal-de-navarres","tag-millares-ca"],"_links":{"self":[{"href":"https:\/\/tucomarca.whitekongsoftware.com\/ca\/wp-json\/wp\/v2\/posts\/231232","targetHints":{"allow":["GET"]}}],"collection":[{"href":"https:\/\/tucomarca.whitekongsoftware.com\/ca\/wp-json\/wp\/v2\/posts"}],"about":[{"href":"https:\/\/tucomarca.whitekongsoftware.com\/ca\/wp-json\/wp\/v2\/types\/post"}],"author":[{"embeddable":true,"href":"https:\/\/tucomarca.whitekongsoftware.com\/ca\/wp-json\/wp\/v2\/users\/12"}],"replies":[{"embeddable":true,"href":"https:\/\/tucomarca.whitekongsoftware.com\/ca\/wp-json\/wp\/v2\/comments?post=231232"}],"version-history":[{"count":0,"href":"https:\/\/tucomarca.whitekongsoftware.com\/ca\/wp-json\/wp\/v2\/posts\/231232\/revisions"}],"wp:featuredmedia":[{"embeddable":true,"href":"https:\/\/tucomarca.whitekongsoftware.com\/ca\/wp-json\/wp\/v2\/media\/231217"}],"wp:attachment":[{"href":"https:\/\/tucomarca.whitekongsoftware.com\/ca\/wp-json\/wp\/v2\/media?parent=231232"}],"wp:term":[{"taxonomy":"category","embeddable":true,"href":"https:\/\/tucomarca.whitekongsoftware.com\/ca\/wp-json\/wp\/v2\/categories?post=231232"},{"taxonomy":"post_tag","embeddable":true,"href":"https:\/\/tucomarca.whitekongsoftware.com\/ca\/wp-json\/wp\/v2\/tags?post=231232"}],"curies":[{"name":"wp","href":"https:\/\/api.w.org\/{rel}","templated":true}]}}