{"id":231190,"date":"2024-07-29T13:00:00","date_gmt":"2024-07-29T11:00:00","guid":{"rendered":"https:\/\/www.tucomarca.com\/wordpress\/segunda\/?p=231190"},"modified":"2024-07-29T19:02:25","modified_gmt":"2024-07-29T17:02:25","slug":"la-policia-local-de-bunyol-en-collaboracio-amb-guardia-civil-dete-a-un-individu-acusat-de-violencia-de-genere-i-a-un-altre-per-robar-en-un-habitatge","status":"publish","type":"post","link":"https:\/\/tucomarca.whitekongsoftware.com\/ca\/la-policia-local-de-bunyol-en-collaboracio-amb-guardia-civil-dete-a-un-individu-acusat-de-violencia-de-genere-i-a-un-altre-per-robar-en-un-habitatge\/","title":{"rendered":"La Policia Local de Bunyol, en col\u00b7laboraci\u00f3 amb Gu\u00e0rdia Civil, det\u00e9 a un individu acusat de viol\u00e8ncia de g\u00e8nere i a un altre per robar en un habitatge"},"content":{"rendered":"\n<p class=\"wp-block-paragraph\">La Policia Local de Bunyol, en col\u00b7laboraci\u00f3 amb Gu\u00e0rdia Civil, ha dut a terme dues detencions et passat cap de setmana en la localitat.<\/p>\n\n\n\n<p class=\"wp-block-paragraph\">Concretament, aquest diumenge, 28 de juliol, s&#8217;ha detingut, en col\u00b7laboraci\u00f3 amb Gu\u00e0rdia Civil de Bunyol, un home per un suposat delicte de viol\u00e8ncia de g\u00e8nere. &#8220;Recordar que no sols pot denunciar una v\u00edctima que estiga patint maltractaments per part de la seua parella, sin\u00f3 que qualsevol persona que tinga coneixement d&#8217;aquests fets pot denunciar-ho, i immediatament es inciar\u00e1 per part dels cossos policials l&#8217;anomenat \u201cProtocol Zero\u201d per a protegir eixa v\u00edctima&#8221;, tal com han informat des de la Policia Local de Bunyol, des d&#8217;han recordat que compten &#8220;amb una unitat espec\u00edfica de Viol\u00e8ncia de c\u00e9nero, no dubtes a acudir a nosaltres si ho necessites&#8221;.<\/p>\n\n\n\n<p class=\"wp-block-paragraph\">Un dia abans, el dissabte, 27 de juliol, es va procedir a m\u00e9s a la detenci\u00f3, en col\u00b7laboraci\u00f3 amb Gu\u00e0rdia Civil de Bunyol, d&#8217;un home per un suposat delicte de robatori amb for\u00e7a a les cases (en habitatge particular) ocorregut dijous passat a Bunyol.<\/p>\n","protected":false},"excerpt":{"rendered":"<div class=\"mh-excerpt\">La Policia Local de Bunyol, en col\u00b7laboraci\u00f3 amb Gu\u00e0rdia Civil, ha dut a terme dues detencions et passat cap de setmana en la localitat. Concretament, aquest diumenge, 28 de juliol, s&#8217;ha detingut, en col\u00b7laboraci\u00f3 amb <a class=\"mh-excerpt-more\" href=\"https:\/\/tucomarca.whitekongsoftware.com\/ca\/la-policia-local-de-bunyol-en-collaboracio-amb-guardia-civil-dete-a-un-individu-acusat-de-violencia-de-genere-i-a-un-altre-per-robar-en-un-habitatge\/\" title=\"La Policia Local de Bunyol, en col\u00b7laboraci\u00f3 amb Gu\u00e0rdia Civil, det\u00e9 a un individu acusat de viol\u00e8ncia de g\u00e8nere i a un altre per robar en un habitatge\">[+] <\/a><\/div>\n","protected":false},"author":12,"featured_media":231194,"comment_status":"open","ping_status":"open","sticky":false,"template":"","format":"standard","meta":{"footnotes":""},"categories":[10911,10898,10894,10912,10896,10897],"tags":[10913,11118,10914,13976],"class_list":["post-231190","post","type-post","status-publish","format-standard","has-post-thumbnail","category-bunol-ca","category-ventana-ca","category-la-comarca-ca","category-la-hoya-ca","category-seccion-ca","category-sucesos-la-comarca-ca","tag-bunol-ca","tag-guardia-civil-ca","tag-la-hoya-de-bunol-chiva-ca","tag-policia-local-de-bunol-ca"],"_links":{"self":[{"href":"https:\/\/tucomarca.whitekongsoftware.com\/ca\/wp-json\/wp\/v2\/posts\/231190","targetHints":{"allow":["GET"]}}],"collection":[{"href":"https:\/\/tucomarca.whitekongsoftware.com\/ca\/wp-json\/wp\/v2\/posts"}],"about":[{"href":"https:\/\/tucomarca.whitekongsoftware.com\/ca\/wp-json\/wp\/v2\/types\/post"}],"author":[{"embeddable":true,"href":"https:\/\/tucomarca.whitekongsoftware.com\/ca\/wp-json\/wp\/v2\/users\/12"}],"replies":[{"embeddable":true,"href":"https:\/\/tucomarca.whitekongsoftware.com\/ca\/wp-json\/wp\/v2\/comments?post=231190"}],"version-history":[{"count":0,"href":"https:\/\/tucomarca.whitekongsoftware.com\/ca\/wp-json\/wp\/v2\/posts\/231190\/revisions"}],"wp:featuredmedia":[{"embeddable":true,"href":"https:\/\/tucomarca.whitekongsoftware.com\/ca\/wp-json\/wp\/v2\/media\/231194"}],"wp:attachment":[{"href":"https:\/\/tucomarca.whitekongsoftware.com\/ca\/wp-json\/wp\/v2\/media?parent=231190"}],"wp:term":[{"taxonomy":"category","embeddable":true,"href":"https:\/\/tucomarca.whitekongsoftware.com\/ca\/wp-json\/wp\/v2\/categories?post=231190"},{"taxonomy":"post_tag","embeddable":true,"href":"https:\/\/tucomarca.whitekongsoftware.com\/ca\/wp-json\/wp\/v2\/tags?post=231190"}],"curies":[{"name":"wp","href":"https:\/\/api.w.org\/{rel}","templated":true}]}}