{"id":230996,"date":"2024-07-25T18:00:00","date_gmt":"2024-07-25T16:00:00","guid":{"rendered":"https:\/\/www.tucomarca.com\/wordpress\/segunda\/video-el-ayuntamiento-de-chiva-firma-con-sitval-el-protocolo-para-construir-una-nueva-estacion-de-itv-en-la-localidad\/"},"modified":"2024-07-25T18:33:28","modified_gmt":"2024-07-25T16:33:28","slug":"video-el-ayuntamiento-de-chiva-firma-con-sitval-el-protocolo-para-construir-una-nueva-estacion-de-itv-en-la-localidad","status":"publish","type":"post","link":"https:\/\/tucomarca.whitekongsoftware.com\/ca\/video-el-ayuntamiento-de-chiva-firma-con-sitval-el-protocolo-para-construir-una-nueva-estacion-de-itv-en-la-localidad\/","title":{"rendered":"V\u00eddeo: l&#8217;Ajuntament de Xiva signa amb SITVAL el protocol per a construir una nova estaci\u00f3 d&#8217;ITV en la localitat"},"content":{"rendered":"\n<figure class=\"wp-block-embed is-type-video is-provider-youtube wp-block-embed-youtube wp-embed-aspect-16-9 wp-has-aspect-ratio\"><div class=\"wp-block-embed__wrapper\">\n<iframe loading=\"lazy\" title=\"V\u00eddeo: el Ayuntamiento de Chiva firma con SITVAL el protocolo para construir nueva estaci\u00f3n de ITV\" width=\"500\" height=\"281\" src=\"https:\/\/www.youtube.com\/embed\/1ruNdIvg7Qc?feature=oembed\" frameborder=\"0\" allow=\"accelerometer; autoplay; clipboard-write; encrypted-media; gyroscope; picture-in-picture; web-share\" referrerpolicy=\"strict-origin-when-cross-origin\" allowfullscreen><\/iframe>\n<\/div><\/figure>\n\n\n\n<p class=\"wp-block-paragraph\">L&#8217;alcaldessa de Xiva, Amparo Fort, i la consellera d&#8217;Innovaci\u00f3, Ind\u00fastria, Comer\u00e7 i Turisme, Nuria Montes, en la seua condici\u00f3 de presidenta de SITVAL, han signat aquesta setmana un protocol d&#8217;intencions per a construir una nova estaci\u00f3 d&#8217;ITV en el terme municipal de la localitat. Tant l&#8217;alcaldessa com la consellera han explicat en aquest video a <strong>tucomarca televisi\u00f3<\/strong> els avantatges que suposar\u00e0 per a Xiva i comarca la ubicaci\u00f3 d&#8217;aquesta nova instal\u00b7laci\u00f3 en el municipi.<\/p>\n","protected":false},"excerpt":{"rendered":"<div class=\"mh-excerpt\">L&#8217;alcaldessa de Xiva, Amparo Fort, i la consellera d&#8217;Innovaci\u00f3, Ind\u00fastria, Comer\u00e7 i Turisme, Nuria Montes, en la seua condici\u00f3 de presidenta de SITVAL, han signat aquesta setmana un protocol d&#8217;intencions per a construir una nova <a class=\"mh-excerpt-more\" href=\"https:\/\/tucomarca.whitekongsoftware.com\/ca\/video-el-ayuntamiento-de-chiva-firma-con-sitval-el-protocolo-para-construir-una-nueva-estacion-de-itv-en-la-localidad\/\" title=\"V\u00eddeo: l&#8217;Ajuntament de Xiva signa amb SITVAL el protocol per a construir una nova estaci\u00f3 d&#8217;ITV en la localitat\">[+] <\/a><\/div>\n","protected":false},"author":1,"featured_media":230940,"comment_status":"open","ping_status":"open","sticky":false,"template":"","format":"video","meta":{"footnotes":""},"categories":[10898,10948,10894,10904,10912,10947,10896,11062,10975],"tags":[11195,11723,10914,20462],"class_list":["post-230996","post","type-post","status-publish","format-video","has-post-thumbnail","category-ventana-ca","category-infraestructuras-ca","category-la-comarca-ca","category-sin-categorizar-ca","category-la-hoya-ca","category-politica","category-seccion-ca","category-videos","category-chiva-ca","tag-chiva-ca","tag-itv-ca","tag-la-hoya-de-bunol-chiva-ca","tag-sitval-ca","post_format-post-format-video"],"_links":{"self":[{"href":"https:\/\/tucomarca.whitekongsoftware.com\/ca\/wp-json\/wp\/v2\/posts\/230996","targetHints":{"allow":["GET"]}}],"collection":[{"href":"https:\/\/tucomarca.whitekongsoftware.com\/ca\/wp-json\/wp\/v2\/posts"}],"about":[{"href":"https:\/\/tucomarca.whitekongsoftware.com\/ca\/wp-json\/wp\/v2\/types\/post"}],"author":[{"embeddable":true,"href":"https:\/\/tucomarca.whitekongsoftware.com\/ca\/wp-json\/wp\/v2\/users\/1"}],"replies":[{"embeddable":true,"href":"https:\/\/tucomarca.whitekongsoftware.com\/ca\/wp-json\/wp\/v2\/comments?post=230996"}],"version-history":[{"count":0,"href":"https:\/\/tucomarca.whitekongsoftware.com\/ca\/wp-json\/wp\/v2\/posts\/230996\/revisions"}],"wp:featuredmedia":[{"embeddable":true,"href":"https:\/\/tucomarca.whitekongsoftware.com\/ca\/wp-json\/wp\/v2\/media\/230940"}],"wp:attachment":[{"href":"https:\/\/tucomarca.whitekongsoftware.com\/ca\/wp-json\/wp\/v2\/media?parent=230996"}],"wp:term":[{"taxonomy":"category","embeddable":true,"href":"https:\/\/tucomarca.whitekongsoftware.com\/ca\/wp-json\/wp\/v2\/categories?post=230996"},{"taxonomy":"post_tag","embeddable":true,"href":"https:\/\/tucomarca.whitekongsoftware.com\/ca\/wp-json\/wp\/v2\/tags?post=230996"}],"curies":[{"name":"wp","href":"https:\/\/api.w.org\/{rel}","templated":true}]}}