{"id":230878,"date":"2024-07-24T10:50:00","date_gmt":"2024-07-24T08:50:00","guid":{"rendered":"https:\/\/www.tucomarca.com\/wordpress\/segunda\/?p=230878"},"modified":"2024-07-24T22:38:02","modified_gmt":"2024-07-24T20:38:02","slug":"riba-roja-de-turia-destina-una-partida-de-10-000-euros-per-a-financar-els-aliments-i-productes-per-a-les-persones-afectades-de-la-celiaquia","status":"publish","type":"post","link":"https:\/\/tucomarca.whitekongsoftware.com\/ca\/riba-roja-de-turia-destina-una-partida-de-10-000-euros-per-a-financar-els-aliments-i-productes-per-a-les-persones-afectades-de-la-celiaquia\/","title":{"rendered":"Riba-roja de T\u00faria destina una partida de 10.000 euros per a finan\u00e7ar els aliments i productes per a les persones afectades de la celiaquia"},"content":{"rendered":"\n<h3 class=\"wp-block-heading\">La Junta de Govern aprova les bases d&#8217;aquestes ajudes dirigides a finan\u00e7ar els aliments elaborats i preparats per a persones amb aquesta patologia.<\/h3>\n\n\n\n<p class=\"wp-block-paragraph\">L&#8217;Ajuntament de Riba-roja de T\u00faria ha aprovat les bases reguladores per a la concessi\u00f3 d&#8217;ajudes econ\u00f2miques destinades a finan\u00e7ar la compra d&#8217;aliments elaborats per a persones cel\u00edaques al llarg del passat any 2023. Les ajudes econ\u00f2miques previstes per l&#8217;actual govern local per a finan\u00e7ar aquests productes estan contingudes en una partida pressupost\u00e0ria dotada amb fins a 10.000 euros en total.<\/p>\n\n\n\n<p class=\"wp-block-paragraph\">El programa est\u00e0 enfocat a les persones de Riba-roja de T\u00faria amb un diagn\u00f2stic m\u00e8dic de celiaquia amb l&#8217;objectiu de minorar el cost econ\u00f2mic afegit que suposa aquesta malaltia a l&#8217;hora d&#8217;adquirir els aliments elaborats, tractats o preparats especialment per a respondre a les necessitats particulars dels afectats per aquesta patologia. D&#8217;aquesta manera, els beneficiaris podran sol\u00b7licitar les ajudes previstes en les bases reguladores.<\/p>\n\n\n\n<p class=\"wp-block-paragraph\">Els futurs sol\u00b7licitants hauran de reunir una s\u00e8rie de condicions i requisits establits com haver sigut diagnosticat amb la celiaquia amb el corresponent certificat m\u00e8dic. En el cas de les persones menors o amb una incapacitat legal, l&#8217;ajuda econ\u00f2mica recaur\u00e0 en el tutor o representant legal, a m\u00e9s de la necessitat d&#8217;estar empadronat al llarg de l&#8217;any 2023 en el terme municipal de Riba-roja de T\u00faria.<\/p>\n\n\n\n<p class=\"wp-block-paragraph\">Els beneficiaris d&#8217;aquest programa no podran, tampoc, conc\u00f3rrer en cap circumst\u00e0ncia que ho impedisca en la llei general de subvencions, i hauran d&#8217;acreditar-ho a trav\u00e9s d&#8217;una declaraci\u00f3 responsable davant l&#8217;\u00f2rgan encarregada de concedir les ajudes econ\u00f2miques. A m\u00e9s, hauran d&#8217;estar al corrent del compliment de les obligacions tribut\u00e0ries i de la seguretat social i de les obligacions fiscals amb l&#8217;Ajuntament de Riba-roja de T\u00faria.<\/p>\n\n\n\n<p class=\"wp-block-paragraph\">La presentaci\u00f3 de la sol\u00b7licitud es podr\u00e0 realitzar de manera presencial en el registre general d&#8217;entrada de l&#8217;Ajuntament de Riba-roja de T\u00faria en horari laboral o de manera telem\u00e0tica en la seu electr\u00f2nica corresponent, i aportar, a m\u00e9s, la documentaci\u00f3 estipulada sobre aquest tema. Entre elles, destaca la sol\u00b7licitud de subvenci\u00f3 ajustada a les bases reguladores, amb la c\u00f2pia del llibre de fam\u00edlia, informe m\u00e8dic on conste el diagn\u00f2stic de celiaquia i, finalment, la relaci\u00f3 de les despeses subvencionables. Les despeses corresponents a productes especialitzats per a persones cel\u00edaques s&#8217;hauran d&#8217;acompanyar de la c\u00f2pia de les factures corresponents a cada despesa i justificant i el model oficial de fitxa de manteniment de tercers del sol\u00b7licitant. Es concedir\u00e0 un termini de 10 dies h\u00e0bils en el cas de l&#8217;abs\u00e8ncia d&#8217;algun document o quan la sol\u00b7licitud no reunisca els requisits necessaris.<\/p>\n\n\n\n<p class=\"wp-block-paragraph\">L&#8217;\u00e0rea de promoci\u00f3 de la salut formular\u00e0 una proposta d&#8217;adjudicaci\u00f3 de les ajudes que es traslladar\u00e0, a continuaci\u00f3, a la Junta de Govern Local de l&#8217;Ajuntament de Riba-roja de T\u00faria, l&#8217;acord de proposta del qual provisional de concessi\u00f3 econ\u00f2mica podr\u00e0 ser recorregut en un termini de deu dies h\u00e0bils amb les al\u00b7legacions pertinents. Finalment, despr\u00e9s de la revisi\u00f3 i estudi de les al\u00b7legacions, s&#8217;emetr\u00e0 la proposta d&#8217;adjudicaci\u00f3 definitiva de les ajudes.<\/p>\n\n\n\n<p class=\"wp-block-paragraph\">Els criteris objectius per a la concessi\u00f3 de les subvencions es basen en el c\u00e0lcul que es realitza en dividir la quantitat total pressupostada entre totes les sol\u00b7licituds que s&#8217;hagen rebut i que estiguen degudament emplenades i se cenyisquen als requisits de les bases reguladores. No es podran concedir subvencions per un import major del qual s&#8217;haja justificat degudament d&#8217;acord amb les bases. A m\u00e9s, la quantitat econ\u00f2mica sobrant es repartir\u00e0 proporcionalment entre la resta de beneficiaris.<\/p>\n\n\n\n<p class=\"wp-block-paragraph\">Les factures presentades justificatives per a rebre les ajudes econ\u00f2miques hauran d&#8217;estar expedides a nom de la persona diagnosticada de celiaquia o en el cas de menors d&#8217;edat o persones incapacitades d&#8217;algun tutor legal, estar expedides l&#8217;any 2023, ajustar-se al contingut exigit en el reglament de regulaci\u00f3 de les factures, en la factura ha de constar i acreditar que els productes s\u00f3n especialitzats per a les persones cel\u00edaques.<\/p>\n\n\n\n<p class=\"wp-block-paragraph\">L&#8217;alcalde de Riba-roja de T\u00faria, Robert Raga, ha afirmat que aquestes ajudes \u201cs\u00f3n molt importants per a totes aquelles persones que pateixen de patologies relacionades amb la celiaquia de forma des de l&#8217;ajuntament contribu\u00efm per a minorar les despeses que suposen di\u00e0riament adaptar la seua alimentaci\u00f3 amb productes que poden tolerar i no els afecten la seua salut; el bon acolliment de les anteriors edicions ens han impel\u00b7lit a continuar amb aquest programa pioner en l&#8217;\u00e0mbit de la Comunitat Valenciana\u201d.<\/p>\n","protected":false},"excerpt":{"rendered":"<div class=\"mh-excerpt\">La Junta de Govern aprova les bases d&#8217;aquestes ajudes dirigides a finan\u00e7ar els aliments elaborats i preparats per a persones amb aquesta patologia. L&#8217;Ajuntament de Riba-roja de T\u00faria ha aprovat les bases reguladores per a <a class=\"mh-excerpt-more\" href=\"https:\/\/tucomarca.whitekongsoftware.com\/ca\/riba-roja-de-turia-destina-una-partida-de-10-000-euros-per-a-financar-els-aliments-i-productes-per-a-les-persones-afectades-de-la-celiaquia\/\" title=\"Riba-roja de T\u00faria destina una partida de 10.000 euros per a finan\u00e7ar els aliments i productes per a les persones afectades de la celiaquia\">[+] <\/a><\/div>\n","protected":false},"author":12,"featured_media":230877,"comment_status":"open","ping_status":"open","sticky":false,"template":"","format":"standard","meta":{"footnotes":""},"categories":[10892,10948,10894,10947,10906,10896],"tags":[10899,21028,15024],"class_list":["post-230878","post","type-post","status-publish","format-standard","has-post-thumbnail","category-camp-de-turia-ca","category-infraestructuras-ca","category-la-comarca-ca","category-politica","category-riba-roja-ca","category-seccion-ca","tag-camp-de-turia-ca","tag-celiacos-ca","tag-riba-roja-de-turia-ca"],"_links":{"self":[{"href":"https:\/\/tucomarca.whitekongsoftware.com\/ca\/wp-json\/wp\/v2\/posts\/230878","targetHints":{"allow":["GET"]}}],"collection":[{"href":"https:\/\/tucomarca.whitekongsoftware.com\/ca\/wp-json\/wp\/v2\/posts"}],"about":[{"href":"https:\/\/tucomarca.whitekongsoftware.com\/ca\/wp-json\/wp\/v2\/types\/post"}],"author":[{"embeddable":true,"href":"https:\/\/tucomarca.whitekongsoftware.com\/ca\/wp-json\/wp\/v2\/users\/12"}],"replies":[{"embeddable":true,"href":"https:\/\/tucomarca.whitekongsoftware.com\/ca\/wp-json\/wp\/v2\/comments?post=230878"}],"version-history":[{"count":0,"href":"https:\/\/tucomarca.whitekongsoftware.com\/ca\/wp-json\/wp\/v2\/posts\/230878\/revisions"}],"wp:featuredmedia":[{"embeddable":true,"href":"https:\/\/tucomarca.whitekongsoftware.com\/ca\/wp-json\/wp\/v2\/media\/230877"}],"wp:attachment":[{"href":"https:\/\/tucomarca.whitekongsoftware.com\/ca\/wp-json\/wp\/v2\/media?parent=230878"}],"wp:term":[{"taxonomy":"category","embeddable":true,"href":"https:\/\/tucomarca.whitekongsoftware.com\/ca\/wp-json\/wp\/v2\/categories?post=230878"},{"taxonomy":"post_tag","embeddable":true,"href":"https:\/\/tucomarca.whitekongsoftware.com\/ca\/wp-json\/wp\/v2\/tags?post=230878"}],"curies":[{"name":"wp","href":"https:\/\/api.w.org\/{rel}","templated":true}]}}