{"id":230838,"date":"2024-07-24T13:00:00","date_gmt":"2024-07-24T11:00:00","guid":{"rendered":"https:\/\/www.tucomarca.com\/wordpress\/segunda\/?p=230838"},"modified":"2024-07-24T19:38:11","modified_gmt":"2024-07-24T17:38:11","slug":"els-bombers-rescaten-en-helicopter-a-un-home-de-70-anys-despres-desvarar-i-caures-en-una-de-les-cascades-danna","status":"publish","type":"post","link":"https:\/\/tucomarca.whitekongsoftware.com\/ca\/els-bombers-rescaten-en-helicopter-a-un-home-de-70-anys-despres-desvarar-i-caures-en-una-de-les-cascades-danna\/","title":{"rendered":"Els bombers rescaten en helic\u00f2pter a un home de 70 anys despr\u00e9s d&#8217;esvarar i caure&#8217;s en una de les cascades d&#8217;Anna"},"content":{"rendered":"\n<p class=\"wp-block-paragraph\">Els bombers han dut a terme aquest dimecres el rescat d&#8217;un home de 70 anys d&#8217;edat que ha patit un accident en una zona de cascada a Anna.<\/p>\n\n\n\n<p class=\"wp-block-paragraph\">El grup de rescat GERA, acompanyat de l&#8217;helic\u00f2pter V-990 del Consorci i un metge a bord, juntament amb dues dotacions de bombers de X\u00e0tiva i Alzira, el sergent d&#8217;Alzira i el coordinador forestal del Consorci, van acudir a les 14,33 hores al lloc de l&#8217;incident per a ajudar a la persona accidentada.<\/p>\n\n\n\n<p class=\"wp-block-paragraph\">L&#8217;home, que va esvarar i va caure des d&#8217;una altura d&#8217;uns dos metres, va ser at\u00e9s en el lloc pel metge de l&#8217;helic\u00f2pter per contusions i ferides. Despr\u00e9s d&#8217;estabilitzar al ferit, els equips de rescat van procedir a evacuar-lo per via a\u00e8ria, transferint-ho posteriorment als serveis sanitaris per a rebre atenci\u00f3 m\u00e8dica addicional.<\/p>\n\n\n\n<figure class=\"wp-block-image size-large\"><img loading=\"lazy\" decoding=\"async\" width=\"556\" height=\"1024\" src=\"http:\/\/www.tucomarca.com\/wordpress\/segunda\/wp-content\/uploads\/2024\/07\/AnnaRescate1-556x1024.jpg\" alt=\"\" class=\"wp-image-230826\" srcset=\"https:\/\/tucomarca.whitekongsoftware.com\/wp-content\/uploads\/2024\/07\/AnnaRescate1-556x1024.jpg 556w, https:\/\/tucomarca.whitekongsoftware.com\/wp-content\/uploads\/2024\/07\/AnnaRescate1-163x300.jpg 163w, https:\/\/tucomarca.whitekongsoftware.com\/wp-content\/uploads\/2024\/07\/AnnaRescate1-768x1414.jpg 768w, https:\/\/tucomarca.whitekongsoftware.com\/wp-content\/uploads\/2024\/07\/AnnaRescate1.jpg 834w\" sizes=\"auto, (max-width: 556px) 100vw, 556px\" \/><\/figure>\n","protected":false},"excerpt":{"rendered":"<div class=\"mh-excerpt\">Els bombers han dut a terme aquest dimecres el rescat d&#8217;un home de 70 anys d&#8217;edat que ha patit un accident en una zona de cascada a Anna. El grup de rescat GERA, acompanyat de <a class=\"mh-excerpt-more\" href=\"https:\/\/tucomarca.whitekongsoftware.com\/ca\/els-bombers-rescaten-en-helicopter-a-un-home-de-70-anys-despres-desvarar-i-caures-en-una-de-les-cascades-danna\/\" title=\"Els bombers rescaten en helic\u00f2pter a un home de 70 anys despr\u00e9s d&#8217;esvarar i caure&#8217;s en una de les cascades d&#8217;Anna\">[+] <\/a><\/div>\n","protected":false},"author":1,"featured_media":230829,"comment_status":"open","ping_status":"open","sticky":false,"template":"","format":"image","meta":{"footnotes":""},"categories":[10964,10898,10948,10963,10894,10904,10896,10897],"tags":[12636,20342,11094,10901],"class_list":["post-230838","post","type-post","status-publish","format-image","has-post-thumbnail","category-anna-ca","category-ventana-ca","category-infraestructuras-ca","category-la-canal-de-navarres-ca","category-la-comarca-ca","category-sin-categorizar-ca","category-seccion-ca","category-sucesos-la-comarca-ca","tag-anna-ca","tag-bomberos-consorcio-provincial-de-bomberos-de-valencia-ca","tag-la-canal-de-navarres","tag-sucesos-ca","post_format-post-format-image"],"_links":{"self":[{"href":"https:\/\/tucomarca.whitekongsoftware.com\/ca\/wp-json\/wp\/v2\/posts\/230838","targetHints":{"allow":["GET"]}}],"collection":[{"href":"https:\/\/tucomarca.whitekongsoftware.com\/ca\/wp-json\/wp\/v2\/posts"}],"about":[{"href":"https:\/\/tucomarca.whitekongsoftware.com\/ca\/wp-json\/wp\/v2\/types\/post"}],"author":[{"embeddable":true,"href":"https:\/\/tucomarca.whitekongsoftware.com\/ca\/wp-json\/wp\/v2\/users\/1"}],"replies":[{"embeddable":true,"href":"https:\/\/tucomarca.whitekongsoftware.com\/ca\/wp-json\/wp\/v2\/comments?post=230838"}],"version-history":[{"count":0,"href":"https:\/\/tucomarca.whitekongsoftware.com\/ca\/wp-json\/wp\/v2\/posts\/230838\/revisions"}],"wp:featuredmedia":[{"embeddable":true,"href":"https:\/\/tucomarca.whitekongsoftware.com\/ca\/wp-json\/wp\/v2\/media\/230829"}],"wp:attachment":[{"href":"https:\/\/tucomarca.whitekongsoftware.com\/ca\/wp-json\/wp\/v2\/media?parent=230838"}],"wp:term":[{"taxonomy":"category","embeddable":true,"href":"https:\/\/tucomarca.whitekongsoftware.com\/ca\/wp-json\/wp\/v2\/categories?post=230838"},{"taxonomy":"post_tag","embeddable":true,"href":"https:\/\/tucomarca.whitekongsoftware.com\/ca\/wp-json\/wp\/v2\/tags?post=230838"}],"curies":[{"name":"wp","href":"https:\/\/api.w.org\/{rel}","templated":true}]}}