{"id":230820,"date":"2024-07-24T12:00:00","date_gmt":"2024-07-24T10:00:00","guid":{"rendered":"https:\/\/www.tucomarca.com\/wordpress\/segunda\/?p=230820"},"modified":"2024-07-24T19:11:47","modified_gmt":"2024-07-24T17:11:47","slug":"la-unio-demana-ajudes-a-la-generalitat-per-a-compensar-els-danys-per-fauna-salvatge-a-utiel-requena-davant-unes-perdues-anuals-de-mes-de-8-milions-deuros","status":"publish","type":"post","link":"https:\/\/tucomarca.whitekongsoftware.com\/ca\/la-unio-demana-ajudes-a-la-generalitat-per-a-compensar-els-danys-per-fauna-salvatge-a-utiel-requena-davant-unes-perdues-anuals-de-mes-de-8-milions-deuros\/","title":{"rendered":"La Uni\u00f3 demana ajudes a la Generalitat per a compensar els danys per fauna salvatge a Utiel-Requena davant unes p\u00e8rdues anuals de m\u00e9s de 8 milions d&#8217;euros"},"content":{"rendered":"\n<p class=\"wp-block-paragraph\"><strong>El tancat amb pastors el\u00e8ctrics s&#8217;ha demostrat que falla en algunes zones de la comarca i els animals continuen entrant a destrossar els cultius<\/strong>.<\/p>\n\n\n\n<p class=\"wp-block-paragraph\"><strong><strong>L&#8217;organitzaci\u00f3 reclama mesures compensat\u00f2ries i de prevenci\u00f3 amb una dotaci\u00f3 pressupost\u00e0ria suficient<\/strong><\/strong>.<\/p>\n\n\n\n<p class=\"wp-block-paragraph\">La sobrepoblaci\u00f3 de fauna silvestre i salvatge (senglar, conill, cabra muntesa, arru\u00ed, mufl\u00f3 i c\u00e9rvol) provoca anualment als llauradors d&#8217;Utiel-Requena unes p\u00e8rdues anuals superiors als 8 milions d&#8217;euros, segons la Uni\u00f3 Llauradora i Ramadera, que reclama ajudes a la Generalitat. El principal cultiu afectat pels efectes d&#8217;aquesta fauna \u00e9s la vinya, encara que tamb\u00e9 afecta a d\u2019altres, i els danys s&#8217;estenen per totes les localitats de la comarca.<\/p>\n\n\n\n<p class=\"wp-block-paragraph\">Aquestes ajudes haurien de servir segons el parer de La Uni\u00f3 per a compensar els danys, emprar mesures preventives i finan\u00e7ar de manera gratu\u00efta tamb\u00e9 tractaments amb repel\u00b7lents.<\/p>\n\n\n\n<p class=\"wp-block-paragraph\">La Conselleria d&#8217;Agricultura reconeix oficialment que \u201cles mesures aplicades fins al moment per a lluitar contra la fauna silvestre no s\u00f3n suficients per a frenar l&#8217;expansi\u00f3 demogr\u00e0fica de diverses esp\u00e8cies, ni la freq\u00fc\u00e8ncia i magnitud dels seus impactes sobre les activitats humanes i el medi natural\u201d. Tamb\u00e9 considera que \u201cles esp\u00e8cies estan incrementant la seua poblaci\u00f3 i per tant s&#8217;amplien les \u00e0rees afectades aconseguint nivells de risc real per a les explotacions agr\u00e0ries\u201d.<\/p>\n\n\n\n<p class=\"wp-block-paragraph\">Malgrat tot aix\u00f2, Conselleria segueix sense posar en marxa les ajudes proposades en el seu moment i aprovades per les Corts per a pal\u00b7liar els danys en les explotacions agr\u00e0ries causades per esp\u00e8cies cineg\u00e8tiques. Estan dotades amb un import rid\u00edcul de 250.000 euros, mentre per exemple en una comunitat ve\u00efna com Catalunya el pressupost ser\u00e0 de 6,3 milions d&#8217;euros.<\/p>\n\n\n\n<p class=\"wp-block-paragraph\">A m\u00e9s, cal denunciar el canvi d&#8217;opini\u00f3 de la Conselleria d&#8217;Agricultura a l&#8217;hora de donar ajudes per a pal\u00b7liar els danys causats per la fauna cineg\u00e8tica en les explotacions agr\u00e0ries de la Comunitat Valenciana, ja que ara preveu \u00fanicament mesures de prevenci\u00f3 en lloc de compensaci\u00f3, tal com havia anunciat en reiterades ocasions. La Uni\u00f3 continua reclamant que combinen tots dos aspectes.<\/p>\n\n\n\n<p class=\"wp-block-paragraph\">En el recent Anunci de consulta p\u00fablica pr\u00e8via sobre el projecte d&#8217;ordre de la Conselleria d&#8217;Agricultura, Ramaderia i Pesca, per la qual s&#8217;estableixen les bases reguladores per a la concessi\u00f3 d&#8217;ajudes a l&#8217;establiment de mesures preventives en explotacions agr\u00e0ries amb la finalitat de pal\u00b7liar els danys causats per la fauna cineg\u00e8tica en l&#8217;\u00e0mbit de la Comunitat Valenciana, s&#8217;especifica que les ajudes estaran destinades a previndre els danys causats per la fauna cineg\u00e8tica, mitjan\u00e7ant l&#8217;establiment de barreres que impedisquen el seu acc\u00e9s a les mateixes i, en conseq\u00fc\u00e8ncia, danys en els cultius o transmissi\u00f3 de malalties en les esp\u00e8cies pecu\u00e0ries. B\u00e0sicament, les ajudes seran per a posar tanques que en molts llocs de la Comunitat Valenciana \u00e9s una pr\u00e0ctica que no es pot fer forma generalitzada en tots els terrenys on existeixen danys. S&#8217;ha emprat tamb\u00e9 sobretot ja contra els conills en algunes zones amb no massa \u00e8xit i per tant s&#8217;han mostrat inefica\u00e7os per a atallar la plaga.<\/p>\n\n\n\n<p class=\"wp-block-paragraph\">Les tanques amb pastors el\u00e8ctrics per exemple serveixen en teoria per a mantindre a ratlla als animals silvestres que amenacen les collites i cultius, encara que tal com es pot observar en el v\u00eddeo gravat a la comarca d&#8217;Utiel-Requena hi ha explotacions on est\u00e0 instal\u00b7lat i els animals continuen entrant i provoquen destrosses.<\/p>\n\n\n\n<p class=\"wp-block-paragraph\">Conselleria d&#8217;Agricultura tamb\u00e9 va anunciar en el seu moment que anava a treballar conjuntament en la cerca de solucions, en col\u00b7laboraci\u00f3 amb la Federaci\u00f3 Valenciana de Municipis i Prov\u00edncies i les organitzacions afectades, per a estudiar aquests problemes i poder revertir la situaci\u00f3, circumst\u00e0ncia que no s&#8217;ha donat perqu\u00e8 no es reunit amb les organitzacions agr\u00e0ries, almenys, amb La Uni\u00f3.<\/p>\n","protected":false},"excerpt":{"rendered":"<div class=\"mh-excerpt\">El tancat amb pastors el\u00e8ctrics s&#8217;ha demostrat que falla en algunes zones de la comarca i els animals continuen entrant a destrossar els cultius. L&#8217;organitzaci\u00f3 reclama mesures compensat\u00f2ries i de prevenci\u00f3 amb una dotaci\u00f3 pressupost\u00e0ria <a class=\"mh-excerpt-more\" href=\"https:\/\/tucomarca.whitekongsoftware.com\/ca\/la-unio-demana-ajudes-a-la-generalitat-per-a-compensar-els-danys-per-fauna-salvatge-a-utiel-requena-davant-unes-perdues-anuals-de-mes-de-8-milions-deuros\/\" title=\"La Uni\u00f3 demana ajudes a la Generalitat per a compensar els danys per fauna salvatge a Utiel-Requena davant unes p\u00e8rdues anuals de m\u00e9s de 8 milions d&#8217;euros\">[+] <\/a><\/div>\n","protected":false},"author":12,"featured_media":230818,"comment_status":"open","ping_status":"open","sticky":false,"template":"","format":"standard","meta":{"footnotes":""},"categories":[10905,10898,10948,10894,10904,10947,10909,10896,10897],"tags":[11309,12903,11199,18333],"class_list":["post-230820","post","type-post","status-publish","format-standard","has-post-thumbnail","category-agricultura-la-comarca-ca","category-ventana-ca","category-infraestructuras-ca","category-la-comarca-ca","category-sin-categorizar-ca","category-politica","category-requena-utiel-ca","category-seccion-ca","category-sucesos-la-comarca-ca","tag-agricultura-ca","tag-infraestructuras-ca","tag-la-comunitat-ca","tag-la-unio-ca"],"_links":{"self":[{"href":"https:\/\/tucomarca.whitekongsoftware.com\/ca\/wp-json\/wp\/v2\/posts\/230820","targetHints":{"allow":["GET"]}}],"collection":[{"href":"https:\/\/tucomarca.whitekongsoftware.com\/ca\/wp-json\/wp\/v2\/posts"}],"about":[{"href":"https:\/\/tucomarca.whitekongsoftware.com\/ca\/wp-json\/wp\/v2\/types\/post"}],"author":[{"embeddable":true,"href":"https:\/\/tucomarca.whitekongsoftware.com\/ca\/wp-json\/wp\/v2\/users\/12"}],"replies":[{"embeddable":true,"href":"https:\/\/tucomarca.whitekongsoftware.com\/ca\/wp-json\/wp\/v2\/comments?post=230820"}],"version-history":[{"count":0,"href":"https:\/\/tucomarca.whitekongsoftware.com\/ca\/wp-json\/wp\/v2\/posts\/230820\/revisions"}],"wp:featuredmedia":[{"embeddable":true,"href":"https:\/\/tucomarca.whitekongsoftware.com\/ca\/wp-json\/wp\/v2\/media\/230818"}],"wp:attachment":[{"href":"https:\/\/tucomarca.whitekongsoftware.com\/ca\/wp-json\/wp\/v2\/media?parent=230820"}],"wp:term":[{"taxonomy":"category","embeddable":true,"href":"https:\/\/tucomarca.whitekongsoftware.com\/ca\/wp-json\/wp\/v2\/categories?post=230820"},{"taxonomy":"post_tag","embeddable":true,"href":"https:\/\/tucomarca.whitekongsoftware.com\/ca\/wp-json\/wp\/v2\/tags?post=230820"}],"curies":[{"name":"wp","href":"https:\/\/api.w.org\/{rel}","templated":true}]}}