{"id":230734,"date":"2024-07-23T15:00:00","date_gmt":"2024-07-23T13:00:00","guid":{"rendered":"https:\/\/www.tucomarca.com\/wordpress\/segunda\/?p=230734"},"modified":"2024-07-23T18:30:32","modified_gmt":"2024-07-23T16:30:32","slug":"desarticulat-un-grup-de-lladres-de-metall-que-assaltava-ecoparcs-i-robava-comptadors-daigua-a-utiel-y-xest","status":"publish","type":"post","link":"https:\/\/tucomarca.whitekongsoftware.com\/ca\/desarticulat-un-grup-de-lladres-de-metall-que-assaltava-ecoparcs-i-robava-comptadors-daigua-a-utiel-y-xest\/","title":{"rendered":"Desarticulat un grup de lladres de metall que assaltava ecoparcs i robava comptadors d&#8217;aigua  a Utiel y Xest"},"content":{"rendered":"\n<h3 class=\"wp-block-heading\">Els agricultors de la localitat d&#8217;Utiel van ser v\u00edctimes d&#8217;aquesta organitzaci\u00f3, on van robar 108 comptadors d&#8217;aigua.<\/h3>\n\n\n\n<h3 class=\"wp-block-heading\">Els detinguts van vendre 46.616 kg de material met\u00e0l\u00b7lic sostret en diverses plantes de gesti\u00f3 de residus met\u00e0l\u00b7lics.<\/h3>\n\n\n\n<p class=\"wp-block-paragraph\">La Gu\u00e0rdia Civil de Val\u00e8ncia, en el marc de l&#8217;operaci\u00f3 \u201cKalusi\u201d, ha detingut a tres persones i investigat a altres cinc pel robatori d&#8217;eco-parcs i comptadors d&#8217;aigua de zones agr\u00edcoles d&#8217;Utiel.<\/p>\n\n\n\n<p class=\"wp-block-paragraph\">Despr\u00e9s de tindre coneixement de la sostracci\u00f3 de 100 metres de cablejat de coure en la localitat de Xest, l&#8217;Equip Roca de la Gu\u00e0rdia Civil inicia una investigaci\u00f3, localitzant el lloc on els suposats autors van comprar les eines per a perpetrar el robatori.<\/p>\n\n\n\n<p class=\"wp-block-paragraph\">Gr\u00e0cies a unes imatges de seguretat va poder identificar-se a part dels membres d&#8217;una banda de 8 persones dedicada a la sostracci\u00f3 de metalls i la seua posterior venda en plantes de gesti\u00f3 de residus. Gr\u00e0cies a altres dilig\u00e8ncies d&#8217;investigaci\u00f3 es va poder determinar la identitat de la resta de membres de l&#8217;organitzaci\u00f3.<\/p>\n\n\n\n<p class=\"wp-block-paragraph\">El grup s&#8217;endinsava amb nocturnitat a l&#8217;interior dels eco parcs, on sostreia tot el material met\u00e0l\u00b7lic de valor. En total, van sostraure 46.616kg de material met\u00e0l\u00b7lic. Durant els robatoris van causar importants danys i perjudicis econ\u00f2mics en aquests locals.<\/p>\n\n\n\n<p class=\"wp-block-paragraph\">Els detinguts van sostraure tamb\u00e9 108 comptadors d&#8217;aigua en la zona agr\u00edcola d&#8217;Utiel, amb un total de 64 agricultors perjudicats que van veure afectada la seua labor professional, la qual cosa va ocasionar tamb\u00e9 greus perjudicis econ\u00f2mics.<\/p>\n\n\n\n<p class=\"wp-block-paragraph\">Finalment, es va procedir a la detenci\u00f3 de 3 homes de 19, 26 i 35 anys de nacionalitat romanesa i la investigaci\u00f3 de 3 dones i 2 home d&#8217;entre 23 i 37 anys i nacionalitat romanesa i espanyola. Se&#8217;ls imputa els delictes de robatoris amb for\u00e7a en les coses, diversos furts i pertinen\u00e7a a organitzaci\u00f3 criminal.<\/p>\n\n\n\n<p class=\"wp-block-paragraph\">Les dilig\u00e8ncies han sigut entregades en el Jutjat de Primera Inst\u00e0ncia i Instrucci\u00f3 n\u00famero 1 de Requena (Val\u00e8ncia).<\/p>\n\n\n\n<p class=\"wp-block-paragraph\"><\/p>\n","protected":false},"excerpt":{"rendered":"<div class=\"mh-excerpt\">Els agricultors de la localitat d&#8217;Utiel van ser v\u00edctimes d&#8217;aquesta organitzaci\u00f3, on van robar 108 comptadors d&#8217;aigua. Els detinguts van vendre 46.616 kg de material met\u00e0l\u00b7lic sostret en diverses plantes de gesti\u00f3 de residus met\u00e0l\u00b7lics. <a class=\"mh-excerpt-more\" href=\"https:\/\/tucomarca.whitekongsoftware.com\/ca\/desarticulat-un-grup-de-lladres-de-metall-que-assaltava-ecoparcs-i-robava-comptadors-daigua-a-utiel-y-xest\/\" title=\"Desarticulat un grup de lladres de metall que assaltava ecoparcs i robava comptadors d&#8217;aigua  a Utiel y Xest\">[+] <\/a><\/div>\n","protected":false},"author":12,"featured_media":230733,"comment_status":"open","ping_status":"open","sticky":false,"template":"","format":"standard","meta":{"footnotes":""},"categories":[10898,10948,10894,10912,10903,10909,10896,10897,11059,10974],"tags":[11118,10914,10910,11174],"class_list":["post-230734","post","type-post","status-publish","format-standard","has-post-thumbnail","category-ventana-ca","category-infraestructuras-ca","category-la-comarca-ca","category-la-hoya-ca","category-medio-ambiente-la-comarca-ca","category-requena-utiel-ca","category-seccion-ca","category-sucesos-la-comarca-ca","category-utiel-ca","category-cheste-ca","tag-guardia-civil-ca","tag-la-hoya-de-bunol-chiva-ca","tag-requena-utiel-ca","tag-utiel-ca"],"_links":{"self":[{"href":"https:\/\/tucomarca.whitekongsoftware.com\/ca\/wp-json\/wp\/v2\/posts\/230734","targetHints":{"allow":["GET"]}}],"collection":[{"href":"https:\/\/tucomarca.whitekongsoftware.com\/ca\/wp-json\/wp\/v2\/posts"}],"about":[{"href":"https:\/\/tucomarca.whitekongsoftware.com\/ca\/wp-json\/wp\/v2\/types\/post"}],"author":[{"embeddable":true,"href":"https:\/\/tucomarca.whitekongsoftware.com\/ca\/wp-json\/wp\/v2\/users\/12"}],"replies":[{"embeddable":true,"href":"https:\/\/tucomarca.whitekongsoftware.com\/ca\/wp-json\/wp\/v2\/comments?post=230734"}],"version-history":[{"count":0,"href":"https:\/\/tucomarca.whitekongsoftware.com\/ca\/wp-json\/wp\/v2\/posts\/230734\/revisions"}],"wp:featuredmedia":[{"embeddable":true,"href":"https:\/\/tucomarca.whitekongsoftware.com\/ca\/wp-json\/wp\/v2\/media\/230733"}],"wp:attachment":[{"href":"https:\/\/tucomarca.whitekongsoftware.com\/ca\/wp-json\/wp\/v2\/media?parent=230734"}],"wp:term":[{"taxonomy":"category","embeddable":true,"href":"https:\/\/tucomarca.whitekongsoftware.com\/ca\/wp-json\/wp\/v2\/categories?post=230734"},{"taxonomy":"post_tag","embeddable":true,"href":"https:\/\/tucomarca.whitekongsoftware.com\/ca\/wp-json\/wp\/v2\/tags?post=230734"}],"curies":[{"name":"wp","href":"https:\/\/api.w.org\/{rel}","templated":true}]}}