{"id":230537,"date":"2024-07-22T09:45:00","date_gmt":"2024-07-22T07:45:00","guid":{"rendered":"https:\/\/www.tucomarca.com\/wordpress\/segunda\/?p=230537"},"modified":"2024-07-22T14:39:35","modified_gmt":"2024-07-22T12:39:35","slug":"veins-i-veines-de-xest-aconsegueixen-aillar-dos-microorganismes-amb-capacitat-antibiotica-en-un-projecte-de-ciencia-ciutadana-de-la-ceu-uch","status":"publish","type":"post","link":"https:\/\/tucomarca.whitekongsoftware.com\/ca\/veins-i-veines-de-xest-aconsegueixen-aillar-dos-microorganismes-amb-capacitat-antibiotica-en-un-projecte-de-ciencia-ciutadana-de-la-ceu-uch\/","title":{"rendered":"Ve\u00efns i ve\u00efnes de Xest aconsegueixen a\u00efllar dos microorganismes amb capacitat antibi\u00f2tica en un projecte de ci\u00e8ncia ciutadana de la CEU UCH"},"content":{"rendered":"\n<p class=\"wp-block-paragraph\">El grup de treball del projecte \u201cPoble amb-Ci\u00e8ncia\u201d, que s&#8217;est\u00e0 desenvolupant a Xest sota la direcci\u00f3 de professorat i alumnat de l&#8217;equip SWICEU la Universitat CEU Cardenal Herrera (CEU UCH), ha detectat dos microorganismes amb potencial capacitat antibi\u00f2tica, procedents de mostres de terra que els i les participants han recollit en el seu terme municipal. Aquest projecte compta amb la col\u00b7laboraci\u00f3 de la Regidoria de Sanitat de l&#8217;Ajuntament de Xest i t\u00e9 com a objectiu involucrar a la ciutadania en el repte cient\u00edfic de buscar nous antibi\u00f2tics per a determinar \u00e0rees del municipi en les quals el s\u00f2l \u00e9s ric en bacteris que, potencialment, podrien donar lloc a un nou antibi\u00f2tic en el futur.<\/p>\n\n\n\n<p class=\"wp-block-paragraph\">Concretament, el grup de treball de Xest, compost per 20 ve\u00efns i ve\u00efnes de la localitat, ha analitzat al llarg d&#8217;aquest mes de juliol 120 col\u00f2nies de microorganismes. Amb l&#8217;ajuda del personal universitari s&#8217;han realitzat totes les fases experimentals de diluci\u00f3, sembrat i a\u00efllat de les mostres, replicant les fases de la troballa de la penicil\u00b7lina per Alexander Fleming. Aquesta activitat de ci\u00e8ncia ciutadana finalitza dem\u00e0, dimarts 23 de juliol, a les 18.00, amb l&#8217;\u00faltima sessi\u00f3 pr\u00e0ctica i amb el lliurament de diplomes a les persones participants, en el Centre de Formaci\u00f3 de Persones Adultes de Xest (C\/ Pedralba, 23).<\/p>\n\n\n\n<p class=\"wp-block-paragraph\">Els dos ceps de microorganismes amb capacitat de antibiosis enfront de bacteris testimoni que ha aconseguit a\u00efllar el grup de treball, entre les 120 col\u00f2nies analitzades, es conservaran en els laboratoris de la Facultat de Ci\u00e8ncies de la Salut de la CEU UCH, per a posteriors estudis com a potencials nous antibi\u00f2tics. A m\u00e9s, aquesta participaci\u00f3 ciutadana en la presa de mostres i en la seua an\u00e0lisi ha perm\u00e9s determinar \u00e0rees del municipi en les quals el s\u00f2l \u00e9s ric en microorganismes que, potencialment, podrien donar lloc a un nou antibi\u00f2tic en el futur.&nbsp;<\/p>\n\n\n\n<p class=\"wp-block-paragraph\">\u201cLa participaci\u00f3 ciutadana \u00e9s essencial davant un repte de salut global com \u00e9s l&#8217;augment de les infeccions bacterianes resistents als antibi\u00f2tics de qu\u00e8 disposem. Estem davant una \u2018pand\u00e8mia silenciosa\u2019, que ja causa prop de 1,5 milions de morts a l&#8217;any, que podrien aconseguir els 10 milions en nom\u00e9s dues d\u00e8cades, convertint-se en la primera causa de mortalitat a nivell mundial. Per aix\u00f2 \u00e9s tan necessari involucrar als ciutadans perqu\u00e8 col\u00b7laboren en la cerca de nous antibi\u00f2tics. I tamb\u00e9 per a conscienciar-los de la necessitat de fer un bon \u00fas dels antibi\u00f2tics, respectant les indicacions, les dosis i la duraci\u00f3 dels tractaments, de manera que es puga preservar la seua efectivitat en el futur\u201d, ha destacat la catedr\u00e0tica de Microbiologia de la CEU UCH, Teresa P\u00e9rez Gracia, al capdavant del projecte SWICEU.<\/p>\n\n\n\n<p class=\"wp-block-paragraph\">Per part seua, la regidora de Sanitat, M\u00aa \u00c1ngeles Llorente ha posat en valor el projecte i la participaci\u00f3 ciutadana. \u201cCrec que fer part\u00edcip a la poblaci\u00f3 en un projecte d&#8217;investigaci\u00f3 sobre la cerca de nous antibi\u00f2tics \u00e9s una manera did\u00e0ctica de conscienciaci\u00f3 sobre la necessitat del bon \u00fas de mateixos.&nbsp; D&#8217;aquesta manera, la poblaci\u00f3 pot ajudar la ci\u00e8ncia a fer front al repte de salut global que suposa l&#8217;augment de les resist\u00e8ncies bacterianes. D&#8217;altra banda, divulgar entre l&#8217;opini\u00f3 p\u00fablica aquest problema de salut global, a trav\u00e9s d&#8217;un producte audiovisual atractiu, que combina continguts cient\u00edfics i recomanacions de salut sobre l&#8217;\u00fas prudent dels antibi\u00f2tics, amb uns altres, com la cultura local i la protecci\u00f3 del medi ambient, \u00e9s molt important des del punt de vista tant de la promoci\u00f3 com de la prevenci\u00f3 de la salut, sent aquesta una compet\u00e8ncia fonamental per als Ajuntaments\u201d, ha declarat.<\/p>\n\n\n\n<p class=\"wp-block-paragraph\"><strong>\u201cPobles amb-Ci\u00e8ncia\u201d, davant un repte de salut<\/strong><\/p>\n\n\n\n<p class=\"wp-block-paragraph\">Amb aquesta experi\u00e8ncia a Xest, l&#8217;equip SWICEU amplia el projecte que des de 2017 ha involucrat a m\u00e9s de 800 joves de 4t de l&#8217;ESO i 1r de Batxillerat en la cerca de nous antibi\u00f2tics, comptant ara amb ve\u00efns de localitats valencianes de qualsevol edat i professi\u00f3. La seua participaci\u00f3 donar\u00e0 lloc a una s\u00e8rie documental titulada \u201cPobles amb-Ci\u00e8ncia\u201d, per a la divulgaci\u00f3 sobre aquest repte de salut global i la import\u00e0ncia de la investigaci\u00f3 i la conscienciaci\u00f3 ciutadana per al bon \u00fas dels antibi\u00f2tics. Tamb\u00e9 es posar\u00e0 en valor l&#8217;entorn natural, els costums, la hist\u00f2ria i les tradicions de cada municipi i es recolliran les hist\u00f2ries personals del grup de participants que protagonitze cada episodi. El cap\u00edtol dedicat a Xest es realitza gr\u00e0cies a la col\u00b7laboraci\u00f3 de l&#8217;Ajuntament per a la seua gravaci\u00f3 i edici\u00f3.<\/p>\n\n\n\n<p class=\"wp-block-paragraph\">Per al desenvolupament d&#8217;aquest projecte, l&#8217;equip SWICEU de la CEU UCH compta tamb\u00e9 amb finan\u00e7ament de la Fundaci\u00f3 Espanyola per a la Ci\u00e8ncia i le Tecnologia (FECYT) del Ministeri de Ci\u00e8ncia, Innovaci\u00f3 i Universitats (FCT-22-18062) i de la Universitat CEU Cardenal Herrera (IDOC23-07, Innovaci\u00f3n2023_24_15, GIR23\/16 i INDI23\/49). I amb la col\u00b7laboraci\u00f3 de la Unitat de Cultura Cient\u00edfica (UCC+i) del Vicerectorat d&#8217;Investigaci\u00f3 de la CEU UCH. Els membres de l&#8217;equip SWICEU participants en les activitats de ci\u00e8ncia ciutadana a Xest s\u00f3n les professors Teresa P\u00e9rez Gr\u00e0cia, Carolina Galiana, Jos\u00e9 Ignacio Bueso i Elisa Marco; i els graduats per la CEU UCH Antonio Tar\u00edn, Ana Lavao i Sara Fern\u00e1ndez.<\/p>\n\n\n\n<figure class=\"wp-block-image size-large\"><img loading=\"lazy\" decoding=\"async\" width=\"1024\" height=\"754\" src=\"https:\/\/www.tucomarca.com\/wordpress\/segunda\/wp-content\/uploads\/2024\/07\/cheste-swiceu-ceu-uch-5-1024x754.jpg\" alt=\"\" class=\"wp-image-230534\" srcset=\"https:\/\/tucomarca.whitekongsoftware.com\/wp-content\/uploads\/2024\/07\/cheste-swiceu-ceu-uch-5-1024x754.jpg 1024w, https:\/\/tucomarca.whitekongsoftware.com\/wp-content\/uploads\/2024\/07\/cheste-swiceu-ceu-uch-5-300x221.jpg 300w, https:\/\/tucomarca.whitekongsoftware.com\/wp-content\/uploads\/2024\/07\/cheste-swiceu-ceu-uch-5-768x565.jpg 768w, https:\/\/tucomarca.whitekongsoftware.com\/wp-content\/uploads\/2024\/07\/cheste-swiceu-ceu-uch-5-1536x1131.jpg 1536w, https:\/\/tucomarca.whitekongsoftware.com\/wp-content\/uploads\/2024\/07\/cheste-swiceu-ceu-uch-5-80x60.jpg 80w, https:\/\/tucomarca.whitekongsoftware.com\/wp-content\/uploads\/2024\/07\/cheste-swiceu-ceu-uch-5.jpg 1706w\" sizes=\"auto, (max-width: 1024px) 100vw, 1024px\" \/><\/figure>\n","protected":false},"excerpt":{"rendered":"<div class=\"mh-excerpt\">El grup de treball del projecte \u201cPoble amb-Ci\u00e8ncia\u201d, que s&#8217;est\u00e0 desenvolupant a Xest sota la direcci\u00f3 de professorat i alumnat de l&#8217;equip SWICEU la Universitat CEU Cardenal Herrera (CEU UCH), ha detectat dos microorganismes amb <a class=\"mh-excerpt-more\" href=\"https:\/\/tucomarca.whitekongsoftware.com\/ca\/veins-i-veines-de-xest-aconsegueixen-aillar-dos-microorganismes-amb-capacitat-antibiotica-en-un-projecte-de-ciencia-ciutadana-de-la-ceu-uch\/\" title=\"Ve\u00efns i ve\u00efnes de Xest aconsegueixen a\u00efllar dos microorganismes amb capacitat antibi\u00f2tica en un projecte de ci\u00e8ncia ciutadana de la CEU UCH\">[+] <\/a><\/div>\n","protected":false},"author":12,"featured_media":230533,"comment_status":"open","ping_status":"open","sticky":false,"template":"","format":"standard","meta":{"footnotes":""},"categories":[11010,10948,10894,10912,10903,10896,10974],"tags":[11071,20859,11207],"class_list":["post-230537","post","type-post","status-publish","format-standard","has-post-thumbnail","category-canal-salud","category-infraestructuras-ca","category-la-comarca-ca","category-la-hoya-ca","category-medio-ambiente-la-comarca-ca","category-seccion-ca","category-cheste-ca","tag-cheste","tag-la-hoya-de-bunol-chiva-4-ca","tag-salud-ca"],"_links":{"self":[{"href":"https:\/\/tucomarca.whitekongsoftware.com\/ca\/wp-json\/wp\/v2\/posts\/230537","targetHints":{"allow":["GET"]}}],"collection":[{"href":"https:\/\/tucomarca.whitekongsoftware.com\/ca\/wp-json\/wp\/v2\/posts"}],"about":[{"href":"https:\/\/tucomarca.whitekongsoftware.com\/ca\/wp-json\/wp\/v2\/types\/post"}],"author":[{"embeddable":true,"href":"https:\/\/tucomarca.whitekongsoftware.com\/ca\/wp-json\/wp\/v2\/users\/12"}],"replies":[{"embeddable":true,"href":"https:\/\/tucomarca.whitekongsoftware.com\/ca\/wp-json\/wp\/v2\/comments?post=230537"}],"version-history":[{"count":0,"href":"https:\/\/tucomarca.whitekongsoftware.com\/ca\/wp-json\/wp\/v2\/posts\/230537\/revisions"}],"wp:featuredmedia":[{"embeddable":true,"href":"https:\/\/tucomarca.whitekongsoftware.com\/ca\/wp-json\/wp\/v2\/media\/230533"}],"wp:attachment":[{"href":"https:\/\/tucomarca.whitekongsoftware.com\/ca\/wp-json\/wp\/v2\/media?parent=230537"}],"wp:term":[{"taxonomy":"category","embeddable":true,"href":"https:\/\/tucomarca.whitekongsoftware.com\/ca\/wp-json\/wp\/v2\/categories?post=230537"},{"taxonomy":"post_tag","embeddable":true,"href":"https:\/\/tucomarca.whitekongsoftware.com\/ca\/wp-json\/wp\/v2\/tags?post=230537"}],"curies":[{"name":"wp","href":"https:\/\/api.w.org\/{rel}","templated":true}]}}