{"id":230370,"date":"2024-07-20T12:00:00","date_gmt":"2024-07-20T10:00:00","guid":{"rendered":"https:\/\/www.tucomarca.com\/wordpress\/segunda\/?p=230370"},"modified":"2024-07-20T13:48:03","modified_gmt":"2024-07-20T11:48:03","slug":"fotogaleria-la-banda-simfonica-del-cim-la-armonica-clausura-la-xvii-biennal-de-musica-de-bunyol","status":"publish","type":"post","link":"https:\/\/tucomarca.whitekongsoftware.com\/ca\/fotogaleria-la-banda-simfonica-del-cim-la-armonica-clausura-la-xvii-biennal-de-musica-de-bunyol\/","title":{"rendered":"Fotogaler\u00eda: la Banda Simf\u00f2nica del CIM &#8220;La Arm\u00f3nica&#8221; clausura la XVII Biennal de M\u00fasica de Bunyol"},"content":{"rendered":"\n<p class=\"wp-block-paragraph\">La Banda Simf\u00f2nica del CIM La Arm\u00f3nica de Bunyol ha posat el fermall a la XVII Biena de M\u00fasica de la localitat aquest divendres, 19 de juliol, a l&#8217;auditori municipal a l&#8217;aire lliure del passeig de Sant Llu\u00eds, escenari d&#8217;una clausura memorable en la qual &#8220;El Litro&#8221; va oferir un avan\u00e7 del seu repertori per al Certamen de Bandes de M\u00fasica Ciutat de Val\u00e8ncia, que se celebra aquest diumenge, 21 de juliol.<\/p>\n\n\n\n<p class=\"wp-block-paragraph\">L&#8217;esdeveniment de clausura va comptar amb la pres\u00e8ncia de nombrosos ve\u00efns, aficionats a la m\u00fasica i autoritats que es van reunir per a gaudir d&#8217;una vetlada excepcional. La Banda Simf\u00f2nica, sota la direcci\u00f3 de Sa\u00fal G\u00f3mez Soler, va interpretar diverses peces que seran presentades en el certamen.<\/p>\n\n\n\n<p class=\"wp-block-paragraph\">El Centre Instructiu Musical L&#8217;Harm\u00f2nica de Bunyol tocar\u00e0 aquest diumenge en el certamen el pasdoble <em>Paso al Litro<\/em>, de Roque Ba\u00f1os; i l&#8217;obra lliure d&#8217;elecci\u00f3 <em>El Jard\u00edn de las Hesp\u00e9rides<\/em>, de Jos\u00e9 Su\u00f1er Oriola; que se sumen a l&#8217;obra obligada, L&#8217;arbre blanc, de Pere Vicalet.<\/p>\n\n\n\n<p class=\"wp-block-paragraph\">La Biennal de M\u00fasica de Bunyol, al llarg de tot un mes, ha oferit una variada programaci\u00f3 d&#8217;esdeveniments musicals i culturals que han enriquit la vida del municipi. Concerts, espectacles i activitats diverses han atret tant a locals com a visitants, consolidant aquest esdeveniment com una cita ineludible en el calendari cultural de la regi\u00f3.<\/p>\n\n\n\n<p class=\"wp-block-paragraph\">L&#8217;actuaci\u00f3 de &#8220;El Litre&#8221; no sols va servir per a tancar amb brillantor la biennal, sin\u00f3 que tamb\u00e9 va generar una gran expectaci\u00f3 i suport cap a la banda de cara a la seua participaci\u00f3 en el Certamen de Val\u00e8ncia.<\/p>\n\n\n\n<figure class=\"wp-block-gallery has-nested-images columns-1 is-cropped wp-block-gallery-1 is-layout-flex wp-block-gallery-is-layout-flex\">\n<figure class=\"wp-block-image size-large\"><img loading=\"lazy\" decoding=\"async\" width=\"862\" height=\"575\" data-id=\"230386\" src=\"https:\/\/www.tucomarca.com\/wordpress\/segunda\/wp-content\/uploads\/2024\/07\/Litros_Bienal02-1.jpg\" alt=\"\" class=\"wp-image-230386\" srcset=\"https:\/\/tucomarca.whitekongsoftware.com\/wp-content\/uploads\/2024\/07\/Litros_Bienal02-1.jpg 862w, https:\/\/tucomarca.whitekongsoftware.com\/wp-content\/uploads\/2024\/07\/Litros_Bienal02-1-300x200.jpg 300w, https:\/\/tucomarca.whitekongsoftware.com\/wp-content\/uploads\/2024\/07\/Litros_Bienal02-1-768x512.jpg 768w\" sizes=\"auto, (max-width: 862px) 100vw, 862px\" \/><\/figure>\n\n\n\n<figure class=\"wp-block-image size-large\"><img loading=\"lazy\" decoding=\"async\" width=\"862\" height=\"575\" data-id=\"230388\" src=\"https:\/\/www.tucomarca.com\/wordpress\/segunda\/wp-content\/uploads\/2024\/07\/Litros_Bienal03-1.jpg\" alt=\"\" class=\"wp-image-230388\" srcset=\"https:\/\/tucomarca.whitekongsoftware.com\/wp-content\/uploads\/2024\/07\/Litros_Bienal03-1.jpg 862w, https:\/\/tucomarca.whitekongsoftware.com\/wp-content\/uploads\/2024\/07\/Litros_Bienal03-1-300x200.jpg 300w, https:\/\/tucomarca.whitekongsoftware.com\/wp-content\/uploads\/2024\/07\/Litros_Bienal03-1-768x512.jpg 768w\" sizes=\"auto, (max-width: 862px) 100vw, 862px\" \/><\/figure>\n\n\n\n<figure class=\"wp-block-image size-large\"><img loading=\"lazy\" decoding=\"async\" width=\"862\" height=\"575\" data-id=\"230390\" src=\"https:\/\/www.tucomarca.com\/wordpress\/segunda\/wp-content\/uploads\/2024\/07\/Litros_Bienal04-1.jpg\" alt=\"\" class=\"wp-image-230390\" srcset=\"https:\/\/tucomarca.whitekongsoftware.com\/wp-content\/uploads\/2024\/07\/Litros_Bienal04-1.jpg 862w, https:\/\/tucomarca.whitekongsoftware.com\/wp-content\/uploads\/2024\/07\/Litros_Bienal04-1-300x200.jpg 300w, https:\/\/tucomarca.whitekongsoftware.com\/wp-content\/uploads\/2024\/07\/Litros_Bienal04-1-768x512.jpg 768w\" sizes=\"auto, (max-width: 862px) 100vw, 862px\" \/><\/figure>\n\n\n\n<figure class=\"wp-block-image size-large\"><img loading=\"lazy\" decoding=\"async\" width=\"862\" height=\"575\" data-id=\"230392\" src=\"https:\/\/www.tucomarca.com\/wordpress\/segunda\/wp-content\/uploads\/2024\/07\/Litros_Bienal05-1.jpg\" alt=\"\" class=\"wp-image-230392\" srcset=\"https:\/\/tucomarca.whitekongsoftware.com\/wp-content\/uploads\/2024\/07\/Litros_Bienal05-1.jpg 862w, https:\/\/tucomarca.whitekongsoftware.com\/wp-content\/uploads\/2024\/07\/Litros_Bienal05-1-300x200.jpg 300w, https:\/\/tucomarca.whitekongsoftware.com\/wp-content\/uploads\/2024\/07\/Litros_Bienal05-1-768x512.jpg 768w\" sizes=\"auto, (max-width: 862px) 100vw, 862px\" \/><\/figure>\n\n\n\n<figure class=\"wp-block-image size-large\"><img loading=\"lazy\" decoding=\"async\" width=\"862\" height=\"575\" data-id=\"230394\" src=\"https:\/\/www.tucomarca.com\/wordpress\/segunda\/wp-content\/uploads\/2024\/07\/Litros_Bienal06-1.jpg\" alt=\"\" class=\"wp-image-230394\" srcset=\"https:\/\/tucomarca.whitekongsoftware.com\/wp-content\/uploads\/2024\/07\/Litros_Bienal06-1.jpg 862w, https:\/\/tucomarca.whitekongsoftware.com\/wp-content\/uploads\/2024\/07\/Litros_Bienal06-1-300x200.jpg 300w, https:\/\/tucomarca.whitekongsoftware.com\/wp-content\/uploads\/2024\/07\/Litros_Bienal06-1-768x512.jpg 768w\" sizes=\"auto, (max-width: 862px) 100vw, 862px\" \/><\/figure>\n\n\n\n<figure class=\"wp-block-image size-large\"><img loading=\"lazy\" decoding=\"async\" width=\"862\" height=\"575\" data-id=\"230396\" src=\"https:\/\/www.tucomarca.com\/wordpress\/segunda\/wp-content\/uploads\/2024\/07\/Litros_Bienal07-1.jpg\" alt=\"\" class=\"wp-image-230396\" srcset=\"https:\/\/tucomarca.whitekongsoftware.com\/wp-content\/uploads\/2024\/07\/Litros_Bienal07-1.jpg 862w, https:\/\/tucomarca.whitekongsoftware.com\/wp-content\/uploads\/2024\/07\/Litros_Bienal07-1-300x200.jpg 300w, https:\/\/tucomarca.whitekongsoftware.com\/wp-content\/uploads\/2024\/07\/Litros_Bienal07-1-768x512.jpg 768w\" sizes=\"auto, (max-width: 862px) 100vw, 862px\" \/><\/figure>\n<\/figure>\n","protected":false},"excerpt":{"rendered":"<div class=\"mh-excerpt\">La Banda Simf\u00f2nica del CIM La Arm\u00f3nica de Bunyol ha posat el fermall a la XVII Biena de M\u00fasica de la localitat aquest divendres, 19 de juliol, a l&#8217;auditori municipal a l&#8217;aire lliure del passeig <a class=\"mh-excerpt-more\" href=\"https:\/\/tucomarca.whitekongsoftware.com\/ca\/fotogaleria-la-banda-simfonica-del-cim-la-armonica-clausura-la-xvii-biennal-de-musica-de-bunyol\/\" title=\"Fotogaler\u00eda: la Banda Simf\u00f2nica del CIM &#8220;La Arm\u00f3nica&#8221; clausura la XVII Biennal de M\u00fasica de Bunyol\">[+] <\/a><\/div>\n","protected":false},"author":12,"featured_media":230384,"comment_status":"open","ping_status":"open","sticky":false,"template":"","format":"gallery","meta":{"footnotes":""},"categories":[10911,11005,10898,10894,10912,11007,10896],"tags":[11213,17301,10913,17648,20859],"class_list":["post-230370","post","type-post","status-publish","format-gallery","has-post-thumbnail","category-bunol-ca","category-canal-musica","category-ventana-ca","category-la-comarca-ca","category-la-hoya-ca","category-ocio-y-cultura-ca","category-seccion-ca","tag-bandas-de-musica-ca","tag-bienal-de-musica-de-bunol-ca","tag-bunol-ca","tag-cim-la-armonica-ca","tag-la-hoya-de-bunol-chiva-4-ca","post_format-post-format-gallery"],"_links":{"self":[{"href":"https:\/\/tucomarca.whitekongsoftware.com\/ca\/wp-json\/wp\/v2\/posts\/230370","targetHints":{"allow":["GET"]}}],"collection":[{"href":"https:\/\/tucomarca.whitekongsoftware.com\/ca\/wp-json\/wp\/v2\/posts"}],"about":[{"href":"https:\/\/tucomarca.whitekongsoftware.com\/ca\/wp-json\/wp\/v2\/types\/post"}],"author":[{"embeddable":true,"href":"https:\/\/tucomarca.whitekongsoftware.com\/ca\/wp-json\/wp\/v2\/users\/12"}],"replies":[{"embeddable":true,"href":"https:\/\/tucomarca.whitekongsoftware.com\/ca\/wp-json\/wp\/v2\/comments?post=230370"}],"version-history":[{"count":0,"href":"https:\/\/tucomarca.whitekongsoftware.com\/ca\/wp-json\/wp\/v2\/posts\/230370\/revisions"}],"wp:featuredmedia":[{"embeddable":true,"href":"https:\/\/tucomarca.whitekongsoftware.com\/ca\/wp-json\/wp\/v2\/media\/230384"}],"wp:attachment":[{"href":"https:\/\/tucomarca.whitekongsoftware.com\/ca\/wp-json\/wp\/v2\/media?parent=230370"}],"wp:term":[{"taxonomy":"category","embeddable":true,"href":"https:\/\/tucomarca.whitekongsoftware.com\/ca\/wp-json\/wp\/v2\/categories?post=230370"},{"taxonomy":"post_tag","embeddable":true,"href":"https:\/\/tucomarca.whitekongsoftware.com\/ca\/wp-json\/wp\/v2\/tags?post=230370"}],"curies":[{"name":"wp","href":"https:\/\/api.w.org\/{rel}","templated":true}]}}