{"id":230221,"date":"2024-07-19T10:30:00","date_gmt":"2024-07-19T08:30:00","guid":{"rendered":"https:\/\/www.tucomarca.com\/wordpress\/segunda\/?p=230221"},"modified":"2024-07-19T12:24:54","modified_gmt":"2024-07-19T10:24:54","slug":"el-auditorio-al-aire-libre-de-bunol-acoge-el-concierto-de-dos-coplas-de-mas-dentro-de-la-xvii-bienal-de-musica","status":"publish","type":"post","link":"https:\/\/tucomarca.whitekongsoftware.com\/ca\/el-auditorio-al-aire-libre-de-bunol-acoge-el-concierto-de-dos-coplas-de-mas-dentro-de-la-xvii-bienal-de-musica\/","title":{"rendered":"L&#8217;auditori a l&#8217;aire lliure de Bunyol acull el concert de &#8216;Dos coplas de m\u00e1s&#8217; dins de la XVII Biennal de m\u00fasica"},"content":{"rendered":"\n<p class=\"wp-block-paragraph\">Com a part de les activitats dins del programa de la XVII Biennal de M\u00fasica de Bunyol, aquest dijous, 18 de juliol a les 22,30 hores, l&#8217;auditori ha acollit un espectacle presentat per Rochi Produccions titulat &#8220;Dos coplas de m\u00e1s&#8221;. Aquesta representaci\u00f3, que va tindre lloc en un ambient carregat d&#8217;emoci\u00f3 i nost\u00e0lgia, va oferir una nit inoblidable amb les millors cobles del repertori cl\u00e0ssic.<\/p>\n\n\n\n<p class=\"wp-block-paragraph\">L&#8217;espectacle va fer gaudir a ve\u00efns i visitants de les interpretacions magistrals i la passi\u00f3 amb la qual es van presentar aquestes emblem\u00e0tiques peces de la m\u00fasica espanyola. &#8220;Dos coplas de m\u00e1s&#8221; va retre homenatge a les grans veus i can\u00e7ons que han marcat la hist\u00f2ria de la cobla, permetent al p\u00fablic reviure moments memorables a trav\u00e9s de la m\u00fasica.<\/p>\n\n\n\n<figure class=\"wp-block-gallery has-nested-images columns-1 is-cropped wp-block-gallery-1 is-layout-flex wp-block-gallery-is-layout-flex\">\n<figure class=\"wp-block-image size-large\"><img loading=\"lazy\" decoding=\"async\" width=\"862\" height=\"647\" data-id=\"230216\" src=\"https:\/\/www.tucomarca.com\/wordpress\/segunda\/wp-content\/uploads\/2024\/07\/BienalCoplas02-1.jpg\" alt=\"\" class=\"wp-image-230216\" srcset=\"https:\/\/tucomarca.whitekongsoftware.com\/wp-content\/uploads\/2024\/07\/BienalCoplas02-1.jpg 862w, https:\/\/tucomarca.whitekongsoftware.com\/wp-content\/uploads\/2024\/07\/BienalCoplas02-1-300x225.jpg 300w, https:\/\/tucomarca.whitekongsoftware.com\/wp-content\/uploads\/2024\/07\/BienalCoplas02-1-768x576.jpg 768w, https:\/\/tucomarca.whitekongsoftware.com\/wp-content\/uploads\/2024\/07\/BienalCoplas02-1-678x509.jpg 678w, https:\/\/tucomarca.whitekongsoftware.com\/wp-content\/uploads\/2024\/07\/BienalCoplas02-1-326x245.jpg 326w, https:\/\/tucomarca.whitekongsoftware.com\/wp-content\/uploads\/2024\/07\/BienalCoplas02-1-80x60.jpg 80w\" sizes=\"auto, (max-width: 862px) 100vw, 862px\" \/><\/figure>\n\n\n\n<figure class=\"wp-block-image size-large\"><img loading=\"lazy\" decoding=\"async\" width=\"862\" height=\"647\" data-id=\"230214\" src=\"https:\/\/www.tucomarca.com\/wordpress\/segunda\/wp-content\/uploads\/2024\/07\/BienalCoplas03-1.jpg\" alt=\"\" class=\"wp-image-230214\" srcset=\"https:\/\/tucomarca.whitekongsoftware.com\/wp-content\/uploads\/2024\/07\/BienalCoplas03-1.jpg 862w, https:\/\/tucomarca.whitekongsoftware.com\/wp-content\/uploads\/2024\/07\/BienalCoplas03-1-300x225.jpg 300w, https:\/\/tucomarca.whitekongsoftware.com\/wp-content\/uploads\/2024\/07\/BienalCoplas03-1-768x576.jpg 768w, https:\/\/tucomarca.whitekongsoftware.com\/wp-content\/uploads\/2024\/07\/BienalCoplas03-1-678x509.jpg 678w, https:\/\/tucomarca.whitekongsoftware.com\/wp-content\/uploads\/2024\/07\/BienalCoplas03-1-326x245.jpg 326w, https:\/\/tucomarca.whitekongsoftware.com\/wp-content\/uploads\/2024\/07\/BienalCoplas03-1-80x60.jpg 80w\" sizes=\"auto, (max-width: 862px) 100vw, 862px\" \/><\/figure>\n<\/figure>\n","protected":false},"excerpt":{"rendered":"<div class=\"mh-excerpt\">Com a part de les activitats dins del programa de la XVII Biennal de M\u00fasica de Bunyol, aquest dijous, 18 de juliol a les 22,30 hores, l&#8217;auditori ha acollit un espectacle presentat per Rochi Produccions <a class=\"mh-excerpt-more\" href=\"https:\/\/tucomarca.whitekongsoftware.com\/ca\/el-auditorio-al-aire-libre-de-bunol-acoge-el-concierto-de-dos-coplas-de-mas-dentro-de-la-xvii-bienal-de-musica\/\" title=\"L&#8217;auditori a l&#8217;aire lliure de Bunyol acull el concert de &#8216;Dos coplas de m\u00e1s&#8217; dins de la XVII Biennal de m\u00fasica\">[+] <\/a><\/div>\n","protected":false},"author":12,"featured_media":230219,"comment_status":"open","ping_status":"open","sticky":false,"template":"","format":"gallery","meta":{"footnotes":""},"categories":[10911,11005,10894,10912,11007,10896],"tags":[17301,10913,20859,15856],"class_list":["post-230221","post","type-post","status-publish","format-gallery","has-post-thumbnail","category-bunol-ca","category-canal-musica","category-la-comarca-ca","category-la-hoya-ca","category-ocio-y-cultura-ca","category-seccion-ca","tag-bienal-de-musica-de-bunol-ca","tag-bunol-ca","tag-la-hoya-de-bunol-chiva-4-ca","tag-ocio-y-cultura-ca","post_format-post-format-gallery"],"_links":{"self":[{"href":"https:\/\/tucomarca.whitekongsoftware.com\/ca\/wp-json\/wp\/v2\/posts\/230221","targetHints":{"allow":["GET"]}}],"collection":[{"href":"https:\/\/tucomarca.whitekongsoftware.com\/ca\/wp-json\/wp\/v2\/posts"}],"about":[{"href":"https:\/\/tucomarca.whitekongsoftware.com\/ca\/wp-json\/wp\/v2\/types\/post"}],"author":[{"embeddable":true,"href":"https:\/\/tucomarca.whitekongsoftware.com\/ca\/wp-json\/wp\/v2\/users\/12"}],"replies":[{"embeddable":true,"href":"https:\/\/tucomarca.whitekongsoftware.com\/ca\/wp-json\/wp\/v2\/comments?post=230221"}],"version-history":[{"count":0,"href":"https:\/\/tucomarca.whitekongsoftware.com\/ca\/wp-json\/wp\/v2\/posts\/230221\/revisions"}],"wp:featuredmedia":[{"embeddable":true,"href":"https:\/\/tucomarca.whitekongsoftware.com\/ca\/wp-json\/wp\/v2\/media\/230219"}],"wp:attachment":[{"href":"https:\/\/tucomarca.whitekongsoftware.com\/ca\/wp-json\/wp\/v2\/media?parent=230221"}],"wp:term":[{"taxonomy":"category","embeddable":true,"href":"https:\/\/tucomarca.whitekongsoftware.com\/ca\/wp-json\/wp\/v2\/categories?post=230221"},{"taxonomy":"post_tag","embeddable":true,"href":"https:\/\/tucomarca.whitekongsoftware.com\/ca\/wp-json\/wp\/v2\/tags?post=230221"}],"curies":[{"name":"wp","href":"https:\/\/api.w.org\/{rel}","templated":true}]}}