{"id":230206,"date":"2024-07-19T09:00:00","date_gmt":"2024-07-19T07:00:00","guid":{"rendered":"https:\/\/www.tucomarca.com\/wordpress\/segunda\/?p=230206"},"modified":"2024-07-19T13:00:31","modified_gmt":"2024-07-19T11:00:31","slug":"la-serrania-llanca-talentum-un-projecte-que-busca-el-retorn-de-talent-jove-als-municipis-de-la-comarca","status":"publish","type":"post","link":"https:\/\/tucomarca.whitekongsoftware.com\/ca\/la-serrania-llanca-talentum-un-projecte-que-busca-el-retorn-de-talent-jove-als-municipis-de-la-comarca\/","title":{"rendered":"La Serran\u00eda llan\u00e7a Talentum, un projecte que busca el retorn de talent jove als municipis de la comarca"},"content":{"rendered":"\n<p class=\"wp-block-paragraph\"><strong>La iniciativa naix com a projecte de cooperaci\u00f3 de les mancomunitats de La Serran\u00eda i de l&#8217;Alt T\u00faria i del Grup d&#8217;Acci\u00f3 Local T\u00faria-Calderona.<\/strong><\/p>\n\n\n\n<p class=\"wp-block-paragraph\"><strong>Entre els projectes que es duran a terme est\u00e0 el Talentum (Rural) Fest, un festival d&#8217;innovaci\u00f3, m\u00fasica i emprenedoria, dirigit a la gent jove de la comarca, que se celebrar\u00e0 el 26 d&#8217;octubre a el Villar<\/strong><\/p>\n\n\n\n<p class=\"wp-block-paragraph\">El Patronat de la Fundaci\u00f3 Caixa Rural d&#8217;el Villar ha acollit la presentaci\u00f3 del projecte de cooperaci\u00f3 Talentum. Aquesta iniciativa est\u00e0 impulsada pel Grup d&#8217;Acci\u00f3 Local (GAL) T\u00faria-Calderona, la Mancomunitat de La Serran\u00eda i la Mancomunitat de l&#8217;Alt T\u00faria. Aquesta comarca, situada a l&#8217;interior de la prov\u00edncia de Val\u00e8ncia, pateix un greu proc\u00e9s d&#8217;envelliment de la poblaci\u00f3 i una acusada p\u00e8rdua de talent jove que marxa a la ciutat a realitzar la seua formaci\u00f3 i ja no torna, amb el conseg\u00fcent problema que aix\u00f2 suposa per als xicotets municipis que estan en risc de despoblaci\u00f3.<\/p>\n\n\n\n<p class=\"wp-block-paragraph\">El projecte pret\u00e9n donar suport al retorn de persones joves a la comarca (siguen o no d&#8217;aquesta zona) mitjan\u00e7ant el desenvolupament de diferents accions que s&#8217;aniran desenvolupant en paral\u00b7lel, a trav\u00e9s de tres eixos. Talentum (Rural) Lab, que pret\u00e9n fomentar que la joventut de la comarca puga fer les seues pr\u00e0ctiques (curriculars i extracurriculars) de final de grau o m\u00e0ster en empreses de la comarca. Talentum (Rural) Match, amb la creaci\u00f3 d&#8217;una plataforma en l\u00ednia on les empreses puguen pujar els perfils que necessiten contractar i els i les joves puguen pujar el seu curr\u00edculum i aix\u00ed fer Match. I, Talentum (Rural) Fest, un esdeveniment formatiu, informatiu i l\u00fadic-festiu, que se celebrar\u00e0 el 26 d&#8217;octubre a el Villar, dirigit a la gent jove i rural de la comarca. En definitiva, crear una xarxa compartida de recursos de suport al retorn de talent jove entre tots els municipis que conformen el projecte.<\/p>\n\n\n\n<p class=\"wp-block-paragraph\">Durant la presentaci\u00f3 de Talentum, el president de la Mancomunitat La Serran\u00eda, Vicente Gonzalo Polo, ha assenyalat que \u201caquest projecte ha de servir perqu\u00e8 els joves puguen desenvolupar la seua vida personal i professional en un entorn d&#8217;interior en igualtat de condicions i apostant la continu\u00eftat dels pobles\u201d.<\/p>\n\n\n\n<p class=\"wp-block-paragraph\">Per part seua, Rafael Darijo, president de la Mancomunitat Alt T\u00faria i president del GAL T\u00faria Calderona, ha comentat que \u201cTalentum \u00e9s una aposta pel desenvolupament rural i per la joventut, com a element clau per a la continu\u00eftat dels nostres pobles\u201d.<\/p>\n\n\n\n<p class=\"wp-block-paragraph\">I, M\u00aa \u00c1ngeles Beaus, alcaldessa de l&#8217;Ajuntament d&#8217;el Villar, ha dit que \u201c\u00e9s molt important per a nosaltres assegurar el relleu generacional i aquest tipus de projectes ens ajuden a mantindre eixe esperit de formaci\u00f3 i emprenedoria que permeta als joves plantejar-se desenvolupar-se als nostres pobles\u201d.<\/p>\n\n\n\n<p class=\"wp-block-paragraph\">L&#8217;acte tamb\u00e9 ha servit per a presentar Odisseu, un projecte de refer\u00e8ncia, similar a Talentum i que porta realitzant-se a Catalunya des de fa diversos anys. En aquest sentit, Mireia Font, gerent del Consorci GAL de l&#8217;Alt Urgell i Albert Puigvert, gerent d&#8217;ARCA, Xarxa Catalana de Grups d&#8217;Acci\u00f3 Local, han assegurat que aquests projectes de cooperaci\u00f3 i estrat\u00e8gics responen a una demanda hist\u00f2rica de municipis d&#8217;interior que reivindiquen un relleu generacional. Durant la seua intervenci\u00f3, han repassat projectes desenvolupats en zones d&#8217;interior de Catalunya que representen el 74% del territori i nom\u00e9s alberguen el 10% de la poblaci\u00f3. Projectes espec\u00edfics per a cada zona tradu\u00efts en espais de cotreball, menjadors escolars, altres vinculats a l&#8217;\u00e0mbit energ\u00e8tic, agroalimentari o de mobilitat, entre molts altres.<\/p>\n\n\n\n<p class=\"wp-block-paragraph\">Tamb\u00e9 hi ha hagut ocasi\u00f3 de con\u00e9ixer dos projectes comarcals com \u2018Bioterritorio\u2019, que impulsa el medi rural com a motor de canvi social, a c\u00e0rrec de Susana Romero de l&#8217;ADL de la Mancomunitat de l&#8217;Alt T\u00faria o \u2018Viure a Alpont\u2019 amb Yann Javier Medina, agent local d&#8217;acolliment a Alpont i llogarets.<\/p>\n\n\n\n<p class=\"wp-block-paragraph\">Per part seua, Aitana Camps, gerent de GAL T\u00faria Calderona i Maite Saiz, t\u00e8cnica de Joventut de la Mancomunitat de La Serran\u00eda, han sigut les encarregades de presentar el projecte Talentum.<\/p>\n\n\n\n<p class=\"wp-block-paragraph\">Aitana Camps, del Grup d&#8217;Acci\u00f3 Local T\u00faria Calderona ha destacat que \u201cTalentum sorgeix per a combatre l&#8217;envelliment de la comarca de La Serran\u00eda i la llarga llista de necessitats a les quals han de fer front i els escassos recursos amb els quals es compta en mat\u00e8ria social i econ\u00f2mica\u201d.<\/p>\n\n\n\n<p class=\"wp-block-paragraph\">\u201cInteressa afavorir el retorn de talent jove, perqu\u00e8 ells els poden donar futur als nostres pobles i impulsar-ho amb innovaci\u00f3 i tecnologia, a m\u00e9s de crear xarxes a nivell institucional i empresarial\u201d, afirma Aitana Camps.<\/p>\n\n\n\n<p class=\"wp-block-paragraph\">Maite Saiz, de la Mancomunitat de La Serran\u00eda ha assenyalat que \u201cTalentum \u00e9s un projecte a mitj\u00e0 i llarg termini sustentat en diverses \u00e0rees: Rural LAB, per a afavorir les pr\u00e0ctiques universit\u00e0ries en empreses de la comarca; Rural MATCH, plataforma en l\u00ednia que permeta connectar empreses amb perfils formats i, finalment, la tercera part \u00e9s Talentum Rural FEST, una trobada l\u00fadica formativa anual per a visibilitzar les possibilitats d&#8217;ocupaci\u00f3 i emprenedoria a la comarca\u201d.<\/p>\n\n\n\n<p class=\"wp-block-paragraph\">Durant la presentaci\u00f3, \u00c1ngel Romero, fundador de l&#8217;estudi de disseny i br\u00e0nding, Superbrand, ha presentat la imatge i estrat\u00e8gia de marca del projecte.<\/p>\n\n\n\n<p class=\"wp-block-paragraph\">I, la vicepresidenta i diputada de Carreteres de la Diputaci\u00f3 de Val\u00e8ncia, Reme Mazzolari ha sigut l&#8217;encarregada de clausurar l&#8217;acte on ha assenyalat que \u201camb l&#8217;esfor\u00e7 de tots els que se sumen a aquesta iniciativa de Talentum impulseu una cadena de suport per a generar un projecte de vida per als joves que a m\u00e9s assegure la perviv\u00e8ncia dels nostres pobles\u201d.<\/p>\n\n\n\n<p class=\"wp-block-paragraph\">El projecte \u00e9s finan\u00e7at per l&#8217;\u00e0rea de Desenvolupament Rural de la Diputaci\u00f3 de Val\u00e8ncia, la Mancomunitat de La Serran\u00eda i la Mancomunitat de l&#8217;Alt T\u00faria, GAL T\u00faria-Calderona i l&#8217;ajuntament d&#8217;el Villar, a m\u00e9s de la col\u00b7laboraci\u00f3 de l&#8217;IVAJ, la Fundaci\u00f3 Caixa Rural de Villar i l&#8217;Associaci\u00f3 de Carnestoltes de Villar.<\/p>\n\n\n\n<figure class=\"wp-block-gallery has-nested-images columns-default is-cropped wp-block-gallery-1 is-layout-flex wp-block-gallery-is-layout-flex\">\n<figure class=\"wp-block-image size-large\"><img loading=\"lazy\" decoding=\"async\" width=\"1024\" height=\"768\" data-id=\"230201\" src=\"https:\/\/www.tucomarca.com\/wordpress\/segunda\/wp-content\/uploads\/2024\/07\/Talentum-1024x768.jpeg\" alt=\"\" class=\"wp-image-230201\" srcset=\"https:\/\/tucomarca.whitekongsoftware.com\/wp-content\/uploads\/2024\/07\/Talentum-1024x768.jpeg 1024w, https:\/\/tucomarca.whitekongsoftware.com\/wp-content\/uploads\/2024\/07\/Talentum-300x225.jpeg 300w, https:\/\/tucomarca.whitekongsoftware.com\/wp-content\/uploads\/2024\/07\/Talentum-768x576.jpeg 768w, https:\/\/tucomarca.whitekongsoftware.com\/wp-content\/uploads\/2024\/07\/Talentum-1536x1152.jpeg 1536w, https:\/\/tucomarca.whitekongsoftware.com\/wp-content\/uploads\/2024\/07\/Talentum-678x509.jpeg 678w, https:\/\/tucomarca.whitekongsoftware.com\/wp-content\/uploads\/2024\/07\/Talentum-326x245.jpeg 326w, https:\/\/tucomarca.whitekongsoftware.com\/wp-content\/uploads\/2024\/07\/Talentum-80x60.jpeg 80w, https:\/\/tucomarca.whitekongsoftware.com\/wp-content\/uploads\/2024\/07\/Talentum.jpeg 2048w\" sizes=\"auto, (max-width: 1024px) 100vw, 1024px\" \/><\/figure>\n\n\n\n<figure class=\"wp-block-image size-large\"><img loading=\"lazy\" decoding=\"async\" width=\"1024\" height=\"768\" data-id=\"230203\" src=\"https:\/\/www.tucomarca.com\/wordpress\/segunda\/wp-content\/uploads\/2024\/07\/TalentumFest-1024x768.jpeg\" alt=\"\" class=\"wp-image-230203\" srcset=\"https:\/\/tucomarca.whitekongsoftware.com\/wp-content\/uploads\/2024\/07\/TalentumFest-1024x768.jpeg 1024w, https:\/\/tucomarca.whitekongsoftware.com\/wp-content\/uploads\/2024\/07\/TalentumFest-300x225.jpeg 300w, https:\/\/tucomarca.whitekongsoftware.com\/wp-content\/uploads\/2024\/07\/TalentumFest-768x576.jpeg 768w, https:\/\/tucomarca.whitekongsoftware.com\/wp-content\/uploads\/2024\/07\/TalentumFest-1536x1152.jpeg 1536w, https:\/\/tucomarca.whitekongsoftware.com\/wp-content\/uploads\/2024\/07\/TalentumFest-678x509.jpeg 678w, https:\/\/tucomarca.whitekongsoftware.com\/wp-content\/uploads\/2024\/07\/TalentumFest-326x245.jpeg 326w, https:\/\/tucomarca.whitekongsoftware.com\/wp-content\/uploads\/2024\/07\/TalentumFest-80x60.jpeg 80w, https:\/\/tucomarca.whitekongsoftware.com\/wp-content\/uploads\/2024\/07\/TalentumFest.jpeg 2048w\" sizes=\"auto, (max-width: 1024px) 100vw, 1024px\" \/><\/figure>\n<\/figure>\n","protected":false},"excerpt":{"rendered":"<div class=\"mh-excerpt\">La iniciativa naix com a projecte de cooperaci\u00f3 de les mancomunitats de La Serran\u00eda i de l&#8217;Alt T\u00faria i del Grup d&#8217;Acci\u00f3 Local T\u00faria-Calderona. Entre els projectes que es duran a terme est\u00e0 el Talentum <a class=\"mh-excerpt-more\" href=\"https:\/\/tucomarca.whitekongsoftware.com\/ca\/la-serrania-llanca-talentum-un-projecte-que-busca-el-retorn-de-talent-jove-als-municipis-de-la-comarca\/\" title=\"La Serran\u00eda llan\u00e7a Talentum, un projecte que busca el retorn de talent jove als municipis de la comarca\">[+] <\/a><\/div>\n","protected":false},"author":12,"featured_media":230200,"comment_status":"open","ping_status":"open","sticky":false,"template":"","format":"gallery","meta":{"footnotes":""},"categories":[11044,11046,10948,10894,10947,10896,11029],"tags":[14142,18099,11928,15856,11119],"class_list":["post-230206","post","type-post","status-publish","format-gallery","has-post-thumbnail","category-alpuente-ca","category-los-serranos-ca","category-infraestructuras-ca","category-la-comarca-ca","category-politica","category-seccion-ca","category-villar-del-arzobispo-ca","tag-emprendimiento-ca","tag-innovacion-ca","tag-la-serrania-ca","tag-ocio-y-cultura-ca","tag-villar-del-arzobispo-ca","post_format-post-format-gallery"],"_links":{"self":[{"href":"https:\/\/tucomarca.whitekongsoftware.com\/ca\/wp-json\/wp\/v2\/posts\/230206","targetHints":{"allow":["GET"]}}],"collection":[{"href":"https:\/\/tucomarca.whitekongsoftware.com\/ca\/wp-json\/wp\/v2\/posts"}],"about":[{"href":"https:\/\/tucomarca.whitekongsoftware.com\/ca\/wp-json\/wp\/v2\/types\/post"}],"author":[{"embeddable":true,"href":"https:\/\/tucomarca.whitekongsoftware.com\/ca\/wp-json\/wp\/v2\/users\/12"}],"replies":[{"embeddable":true,"href":"https:\/\/tucomarca.whitekongsoftware.com\/ca\/wp-json\/wp\/v2\/comments?post=230206"}],"version-history":[{"count":0,"href":"https:\/\/tucomarca.whitekongsoftware.com\/ca\/wp-json\/wp\/v2\/posts\/230206\/revisions"}],"wp:featuredmedia":[{"embeddable":true,"href":"https:\/\/tucomarca.whitekongsoftware.com\/ca\/wp-json\/wp\/v2\/media\/230200"}],"wp:attachment":[{"href":"https:\/\/tucomarca.whitekongsoftware.com\/ca\/wp-json\/wp\/v2\/media?parent=230206"}],"wp:term":[{"taxonomy":"category","embeddable":true,"href":"https:\/\/tucomarca.whitekongsoftware.com\/ca\/wp-json\/wp\/v2\/categories?post=230206"},{"taxonomy":"post_tag","embeddable":true,"href":"https:\/\/tucomarca.whitekongsoftware.com\/ca\/wp-json\/wp\/v2\/tags?post=230206"}],"curies":[{"name":"wp","href":"https:\/\/api.w.org\/{rel}","templated":true}]}}