{"id":230059,"date":"2024-07-18T11:30:00","date_gmt":"2024-07-18T09:30:00","guid":{"rendered":"https:\/\/www.tucomarca.com\/wordpress\/segunda\/?p=230059"},"modified":"2024-07-18T12:25:07","modified_gmt":"2024-07-18T10:25:07","slug":"natalia-soler-morcillo-coronada-reina-de-les-festes-de-turis-2024","status":"publish","type":"post","link":"https:\/\/tucomarca.whitekongsoftware.com\/ca\/natalia-soler-morcillo-coronada-reina-de-les-festes-de-turis-2024\/","title":{"rendered":"Natalia Soler Morcillo, coronada Reina de les Festes de Tur\u00eds 2024"},"content":{"rendered":"\n<p class=\"wp-block-paragraph\">Un any m\u00e9s, la tradici\u00f3 que s&#8217;ha complit des de fa m\u00e9s de 50 anys en Tur\u00eds es va repetir, i va servir per a exaltar oficialment a la seua Reina de les Festes que, en esta ocasi\u00f3, \u00e9s Natalia Soler Morcillo.<\/p>\n\n\n\n<p class=\"wp-block-paragraph\">Un acte que, com cada any, va generar una gran expectaci\u00f3 per vore a la nova reina i la seua cort amb les millors gales tant al passacarrer inicial com a la desfilada cap a l\u2019escenari.<\/p>\n\n\n\n<p class=\"wp-block-paragraph\">Joves de hui en dia que enguany representaran la joventut turisana i que en la presentaci\u00f3 viuen una de les millors nits de la seua vida. Tota la societat turisana participa en este acte, ja que gran quantitat d\u2019associacions, aix\u00ed com les comissions falleres participen en el moment de presentar els obsequis a la reina.<\/p>\n\n\n\n<p class=\"wp-block-paragraph\">Natalia va rebre la banda acreditativa de mans de la seua antecessora, Minerva L\u00f3pez, i va ser coronada per l\u2019alcalde, Ismael Corell. El regidor de Festes, Toni Segura, va ser l\u2019encarregat d\u2019imposar-li la ins\u00edgnia d\u2019or de l\u2019Ajuntament.<\/p>\n\n\n\n<p class=\"wp-block-paragraph\">Les amigues de Natalia van aportar el punt d\u2019emoci\u00f3 amb les seues paraules i la fi de festa va arribar amb el tribut al cantant Lu\u00eds Miguel, que va fer cantar al nombr\u00f3s p\u00fablic assistent.<\/p>\n\n\n\n<figure class=\"wp-block-image size-large\"><img loading=\"lazy\" decoding=\"async\" width=\"1024\" height=\"683\" src=\"https:\/\/www.tucomarca.com\/wordpress\/segunda\/wp-content\/uploads\/2024\/07\/ReinaFiestasTuris2-1024x683.jpg\" alt=\"\" class=\"wp-image-230056\" srcset=\"https:\/\/tucomarca.whitekongsoftware.com\/wp-content\/uploads\/2024\/07\/ReinaFiestasTuris2-1024x683.jpg 1024w, https:\/\/tucomarca.whitekongsoftware.com\/wp-content\/uploads\/2024\/07\/ReinaFiestasTuris2-300x200.jpg 300w, https:\/\/tucomarca.whitekongsoftware.com\/wp-content\/uploads\/2024\/07\/ReinaFiestasTuris2-768x512.jpg 768w, https:\/\/tucomarca.whitekongsoftware.com\/wp-content\/uploads\/2024\/07\/ReinaFiestasTuris2-1536x1024.jpg 1536w, https:\/\/tucomarca.whitekongsoftware.com\/wp-content\/uploads\/2024\/07\/ReinaFiestasTuris2-2048x1365.jpg 2048w\" sizes=\"auto, (max-width: 1024px) 100vw, 1024px\" \/><\/figure>\n","protected":false},"excerpt":{"rendered":"<div class=\"mh-excerpt\">Un any m\u00e9s, la tradici\u00f3 que s&#8217;ha complit des de fa m\u00e9s de 50 anys en Tur\u00eds es va repetir, i va servir per a exaltar oficialment a la seua Reina de les Festes que, <a class=\"mh-excerpt-more\" href=\"https:\/\/tucomarca.whitekongsoftware.com\/ca\/natalia-soler-morcillo-coronada-reina-de-les-festes-de-turis-2024\/\" title=\"Natalia Soler Morcillo, coronada Reina de les Festes de Tur\u00eds 2024\">[+] <\/a><\/div>\n","protected":false},"author":12,"featured_media":230055,"comment_status":"open","ping_status":"open","sticky":false,"template":"","format":"image","meta":{"footnotes":""},"categories":[10898,10894,10902,11004,11007,11008,10896,11047],"tags":[11077,20155,11093],"class_list":["post-230059","post","type-post","status-publish","format-image","has-post-thumbnail","category-ventana-ca","category-la-comarca-ca","category-la-ribera-ca","category-la-semana-en-imagenes-ca","category-ocio-y-cultura-ca","category-pueblos-en-fiestas-ca","category-seccion-ca","category-turis-ca","tag-la-ribera-alta-ca","tag-reina-de-las-fiestas-2024-ca","tag-turis-ca","post_format-post-format-image"],"_links":{"self":[{"href":"https:\/\/tucomarca.whitekongsoftware.com\/ca\/wp-json\/wp\/v2\/posts\/230059","targetHints":{"allow":["GET"]}}],"collection":[{"href":"https:\/\/tucomarca.whitekongsoftware.com\/ca\/wp-json\/wp\/v2\/posts"}],"about":[{"href":"https:\/\/tucomarca.whitekongsoftware.com\/ca\/wp-json\/wp\/v2\/types\/post"}],"author":[{"embeddable":true,"href":"https:\/\/tucomarca.whitekongsoftware.com\/ca\/wp-json\/wp\/v2\/users\/12"}],"replies":[{"embeddable":true,"href":"https:\/\/tucomarca.whitekongsoftware.com\/ca\/wp-json\/wp\/v2\/comments?post=230059"}],"version-history":[{"count":0,"href":"https:\/\/tucomarca.whitekongsoftware.com\/ca\/wp-json\/wp\/v2\/posts\/230059\/revisions"}],"wp:featuredmedia":[{"embeddable":true,"href":"https:\/\/tucomarca.whitekongsoftware.com\/ca\/wp-json\/wp\/v2\/media\/230055"}],"wp:attachment":[{"href":"https:\/\/tucomarca.whitekongsoftware.com\/ca\/wp-json\/wp\/v2\/media?parent=230059"}],"wp:term":[{"taxonomy":"category","embeddable":true,"href":"https:\/\/tucomarca.whitekongsoftware.com\/ca\/wp-json\/wp\/v2\/categories?post=230059"},{"taxonomy":"post_tag","embeddable":true,"href":"https:\/\/tucomarca.whitekongsoftware.com\/ca\/wp-json\/wp\/v2\/tags?post=230059"}],"curies":[{"name":"wp","href":"https:\/\/api.w.org\/{rel}","templated":true}]}}