{"id":230032,"date":"2024-07-18T11:10:00","date_gmt":"2024-07-18T09:10:00","guid":{"rendered":"https:\/\/www.tucomarca.com\/wordpress\/segunda\/?p=230032"},"modified":"2024-07-18T12:31:50","modified_gmt":"2024-07-18T10:31:50","slug":"el-festival-en-viu-dolocau-continua-aquest-divendres-amb-lactuacio-de-besarabia","status":"publish","type":"post","link":"https:\/\/tucomarca.whitekongsoftware.com\/ca\/el-festival-en-viu-dolocau-continua-aquest-divendres-amb-lactuacio-de-besarabia\/","title":{"rendered":"El festival &#8216;En Viu&#8217; d&#8217;Olocau continua aquest divendres amb l&#8217;actuaci\u00f3 de &#8216;Besarabia&#8217;"},"content":{"rendered":"\n<p class=\"wp-block-paragraph\">Les m\u00fasiques del m\u00f3n tornen a sonar aquest divendres, 19 de juliol, a la nit en el festival &#8216;En Viu&#8217; d&#8217;Olocau, que continua a la urbanitzaci\u00f3 Pedralvilla, l&#8217;escenari triat per a l&#8217;actuaci\u00f3 del grup \u2018Besarabia\u2019, conegut per la seua fusi\u00f3 de folk valenci\u00e0 amb ritmes balc\u00e0nics.<\/p>\n\n\n\n<p class=\"wp-block-paragraph\">Aquesta actuaci\u00f3 promet ser una experi\u00e8ncia vibrant i \u00fanica amb un so fresc i emocionant que ressona tant amb els amants del folk com amb aquells interessats en la m\u00fasica de l&#8217;est d&#8217;Europa. L&#8217;actuaci\u00f3 est\u00e0 programada per a comen\u00e7ar a les 21,00 hores i s&#8217;espera una gran assist\u00e8ncia de p\u00fablic, tant de residents locals com de visitants.<\/p>\n\n\n\n<p class=\"wp-block-paragraph\"><strong>Ana Zome\u00f1o, el divendres 26 de juliol<\/strong><\/p>\n\n\n\n<p class=\"wp-block-paragraph\">Una setmana m\u00e9s tard, el 26 de juliol, la pla\u00e7a major de la vila d&#8217;Olocau acollir\u00e0 a la cantautora valenciana Ana Zome\u00f1o, qui es presentar\u00e0 en format banda. Tamb\u00e9 comen\u00e7ar\u00e0 a les 21,00 hores i oferir\u00e0 un repertori de can\u00e7ons originals que exploren temes d&#8217;amor, vida i experi\u00e8ncies personals, tot aix\u00f2 acompanyat per la seua banda, que afig riquesa i profunditat a la seua m\u00fasica.<\/p>\n\n\n\n<p class=\"wp-block-paragraph\">Aquests pr\u00f2xims concerts se sumen a una s\u00e8rie de reeixits recitals que ja han tingut lloc a Olocau, com el divendres 5 de juliol, quan el grup \u2018Donya Llard\u2019 va oferir una actuaci\u00f3 inoblidable que va fer vibrar a tots els presents; o el 12 de juliol, que l&#8217;orquestra \u2018Plena 79\u2019 va delectar al p\u00fablic amb el seu variat repertori i la seua en\u00e8rgica pres\u00e8ncia en l&#8217;escenari.<\/p>\n\n\n\n<p class=\"wp-block-paragraph\">L&#8217;Ajuntament d&#8217;Olocau convida a tots els ve\u00efns i visitants a gaudir d&#8217;aquestes dues pr\u00f2ximes vetlades musicals que, sens dubte, afegiran un toc especial a l&#8217;estiu. Aquestes actuacions formen part d&#8217;un esfor\u00e7 continu per part de l&#8217;ajuntament per a fomentar la cultura i proporcionar entreteniment de qualitat a la comunitat.<\/p>\n\n\n\n<figure class=\"wp-block-gallery has-nested-images columns-default is-cropped wp-block-gallery-1 is-layout-flex wp-block-gallery-is-layout-flex\">\n<figure class=\"wp-block-image size-large\"><img loading=\"lazy\" decoding=\"async\" width=\"300\" height=\"300\" data-id=\"228576\" src=\"https:\/\/www.tucomarca.com\/wordpress\/segunda\/wp-content\/uploads\/2024\/07\/Olocau3.jpg\" alt=\"\" class=\"wp-image-228576\" srcset=\"https:\/\/tucomarca.whitekongsoftware.com\/wp-content\/uploads\/2024\/07\/Olocau3.jpg 300w, https:\/\/tucomarca.whitekongsoftware.com\/wp-content\/uploads\/2024\/07\/Olocau3-290x290.jpg 290w\" sizes=\"auto, (max-width: 300px) 100vw, 300px\" \/><\/figure>\n\n\n\n<figure class=\"wp-block-image size-large\"><img loading=\"lazy\" decoding=\"async\" width=\"300\" height=\"300\" data-id=\"228578\" src=\"https:\/\/www.tucomarca.com\/wordpress\/segunda\/wp-content\/uploads\/2024\/07\/Olocau4.jpg\" alt=\"\" class=\"wp-image-228578\" srcset=\"https:\/\/tucomarca.whitekongsoftware.com\/wp-content\/uploads\/2024\/07\/Olocau4.jpg 300w, https:\/\/tucomarca.whitekongsoftware.com\/wp-content\/uploads\/2024\/07\/Olocau4-290x290.jpg 290w\" sizes=\"auto, (max-width: 300px) 100vw, 300px\" \/><\/figure>\n<\/figure>\n","protected":false},"excerpt":{"rendered":"<div class=\"mh-excerpt\">Les m\u00fasiques del m\u00f3n tornen a sonar aquest divendres, 19 de juliol, a la nit en el festival &#8216;En Viu&#8217; d&#8217;Olocau, que continua a la urbanitzaci\u00f3 Pedralvilla, l&#8217;escenari triat per a l&#8217;actuaci\u00f3 del grup \u2018Besarabia\u2019, <a class=\"mh-excerpt-more\" href=\"https:\/\/tucomarca.whitekongsoftware.com\/ca\/el-festival-en-viu-dolocau-continua-aquest-divendres-amb-lactuacio-de-besarabia\/\" title=\"El festival &#8216;En Viu&#8217; d&#8217;Olocau continua aquest divendres amb l&#8217;actuaci\u00f3 de &#8216;Besarabia&#8217;\">[+] <\/a><\/div>\n","protected":false},"author":12,"featured_media":230030,"comment_status":"open","ping_status":"open","sticky":false,"template":"","format":"standard","meta":{"footnotes":""},"categories":[11019,10892,11005,10898,10894,11007,10935,10896],"tags":[19500,10899,15856,12359],"class_list":["post-230032","post","type-post","status-publish","format-standard","has-post-thumbnail","category-agenda-ca","category-camp-de-turia-ca","category-canal-musica","category-ventana-ca","category-la-comarca-ca","category-ocio-y-cultura-ca","category-olocau-ca","category-seccion-ca","tag-agenda-2-ca","tag-camp-de-turia-ca","tag-ocio-y-cultura-ca","tag-olocau-ca"],"_links":{"self":[{"href":"https:\/\/tucomarca.whitekongsoftware.com\/ca\/wp-json\/wp\/v2\/posts\/230032","targetHints":{"allow":["GET"]}}],"collection":[{"href":"https:\/\/tucomarca.whitekongsoftware.com\/ca\/wp-json\/wp\/v2\/posts"}],"about":[{"href":"https:\/\/tucomarca.whitekongsoftware.com\/ca\/wp-json\/wp\/v2\/types\/post"}],"author":[{"embeddable":true,"href":"https:\/\/tucomarca.whitekongsoftware.com\/ca\/wp-json\/wp\/v2\/users\/12"}],"replies":[{"embeddable":true,"href":"https:\/\/tucomarca.whitekongsoftware.com\/ca\/wp-json\/wp\/v2\/comments?post=230032"}],"version-history":[{"count":0,"href":"https:\/\/tucomarca.whitekongsoftware.com\/ca\/wp-json\/wp\/v2\/posts\/230032\/revisions"}],"wp:featuredmedia":[{"embeddable":true,"href":"https:\/\/tucomarca.whitekongsoftware.com\/ca\/wp-json\/wp\/v2\/media\/230030"}],"wp:attachment":[{"href":"https:\/\/tucomarca.whitekongsoftware.com\/ca\/wp-json\/wp\/v2\/media?parent=230032"}],"wp:term":[{"taxonomy":"category","embeddable":true,"href":"https:\/\/tucomarca.whitekongsoftware.com\/ca\/wp-json\/wp\/v2\/categories?post=230032"},{"taxonomy":"post_tag","embeddable":true,"href":"https:\/\/tucomarca.whitekongsoftware.com\/ca\/wp-json\/wp\/v2\/tags?post=230032"}],"curies":[{"name":"wp","href":"https:\/\/api.w.org\/{rel}","templated":true}]}}