{"id":229986,"date":"2024-07-17T12:00:00","date_gmt":"2024-07-17T10:00:00","guid":{"rendered":"https:\/\/www.tucomarca.com\/wordpress\/segunda\/?p=229986"},"modified":"2024-07-17T16:23:19","modified_gmt":"2024-07-17T14:23:19","slug":"els-bombers-sufoquen-lincendi-en-una-sitja-de-carbo-de-la-planta-cementera-de-bunyol","status":"publish","type":"post","link":"https:\/\/tucomarca.whitekongsoftware.com\/ca\/els-bombers-sufoquen-lincendi-en-una-sitja-de-carbo-de-la-planta-cementera-de-bunyol\/","title":{"rendered":"Els bombers sufoquen l&#8217;incendi en una sitja de carb\u00f3 de la planta cementera de Bunyol"},"content":{"rendered":"\n<p class=\"wp-block-paragraph\">Un incendi s&#8217;ha produ\u00eft aquest dimarts a la nit en una sitja de carb\u00f3 de la planta cementera situada en el terme municipal de Bunyol, requerint la intervenci\u00f3 dels equips de bombers dels parcs de Requena, Xiva i Paterna, tal com han informat fonts del Consorci Provincial de Bombers de Val\u00e8ncia.<\/p>\n\n\n\n<p class=\"wp-block-paragraph\">Sota la direcci\u00f3 del sergent de Requena, les dotacions van treballar de manera conjunta per a controlar i extingir les flames, segons les mateixes fonts.<\/p>\n\n\n\n<figure class=\"wp-block-gallery has-nested-images columns-default is-cropped wp-block-gallery-1 is-layout-flex wp-block-gallery-is-layout-flex\">\n<figure class=\"wp-block-image size-large\"><img loading=\"lazy\" decoding=\"async\" width=\"769\" height=\"1024\" data-id=\"229961\" src=\"https:\/\/www.tucomarca.com\/wordpress\/segunda\/wp-content\/uploads\/2024\/07\/IncendioCementeraBunol2-769x1024.jpeg\" alt=\"\" class=\"wp-image-229961\" srcset=\"https:\/\/tucomarca.whitekongsoftware.com\/wp-content\/uploads\/2024\/07\/IncendioCementeraBunol2-769x1024.jpeg 769w, https:\/\/tucomarca.whitekongsoftware.com\/wp-content\/uploads\/2024\/07\/IncendioCementeraBunol2-225x300.jpeg 225w, https:\/\/tucomarca.whitekongsoftware.com\/wp-content\/uploads\/2024\/07\/IncendioCementeraBunol2-768x1023.jpeg 768w, https:\/\/tucomarca.whitekongsoftware.com\/wp-content\/uploads\/2024\/07\/IncendioCementeraBunol2-1154x1536.jpeg 1154w, https:\/\/tucomarca.whitekongsoftware.com\/wp-content\/uploads\/2024\/07\/IncendioCementeraBunol2.jpeg 1442w\" sizes=\"auto, (max-width: 769px) 100vw, 769px\" \/><\/figure>\n\n\n\n<figure class=\"wp-block-image size-large\"><img loading=\"lazy\" decoding=\"async\" width=\"769\" height=\"1024\" data-id=\"229959\" src=\"https:\/\/www.tucomarca.com\/wordpress\/segunda\/wp-content\/uploads\/2024\/07\/IncendioCementeraBunol3-769x1024.jpeg\" alt=\"\" class=\"wp-image-229959\" srcset=\"https:\/\/tucomarca.whitekongsoftware.com\/wp-content\/uploads\/2024\/07\/IncendioCementeraBunol3-769x1024.jpeg 769w, https:\/\/tucomarca.whitekongsoftware.com\/wp-content\/uploads\/2024\/07\/IncendioCementeraBunol3-225x300.jpeg 225w, https:\/\/tucomarca.whitekongsoftware.com\/wp-content\/uploads\/2024\/07\/IncendioCementeraBunol3-768x1023.jpeg 768w, https:\/\/tucomarca.whitekongsoftware.com\/wp-content\/uploads\/2024\/07\/IncendioCementeraBunol3-1154x1536.jpeg 1154w, https:\/\/tucomarca.whitekongsoftware.com\/wp-content\/uploads\/2024\/07\/IncendioCementeraBunol3.jpeg 1442w\" sizes=\"auto, (max-width: 769px) 100vw, 769px\" \/><\/figure>\n<\/figure>\n","protected":false},"excerpt":{"rendered":"<div class=\"mh-excerpt\">Un incendi s&#8217;ha produ\u00eft aquest dimarts a la nit en una sitja de carb\u00f3 de la planta cementera situada en el terme municipal de Bunyol, requerint la intervenci\u00f3 dels equips de bombers dels parcs de <a class=\"mh-excerpt-more\" href=\"https:\/\/tucomarca.whitekongsoftware.com\/ca\/els-bombers-sufoquen-lincendi-en-una-sitja-de-carbo-de-la-planta-cementera-de-bunyol\/\" title=\"Els bombers sufoquen l&#8217;incendi en una sitja de carb\u00f3 de la planta cementera de Bunyol\">[+] <\/a><\/div>\n","protected":false},"author":12,"featured_media":229958,"comment_status":"open","ping_status":"open","sticky":false,"template":"","format":"gallery","meta":{"footnotes":""},"categories":[10911,10898,10948,10894,10912,10903,10896,10897],"tags":[20342,10913,11133,10901],"class_list":["post-229986","post","type-post","status-publish","format-gallery","has-post-thumbnail","category-bunol-ca","category-ventana-ca","category-infraestructuras-ca","category-la-comarca-ca","category-la-hoya-ca","category-medio-ambiente-la-comarca-ca","category-seccion-ca","category-sucesos-la-comarca-ca","tag-bomberos-consorcio-provincial-de-bomberos-de-valencia-ca","tag-bunol-ca","tag-la-hoya-de-bunol-ca","tag-sucesos-ca","post_format-post-format-gallery"],"_links":{"self":[{"href":"https:\/\/tucomarca.whitekongsoftware.com\/ca\/wp-json\/wp\/v2\/posts\/229986","targetHints":{"allow":["GET"]}}],"collection":[{"href":"https:\/\/tucomarca.whitekongsoftware.com\/ca\/wp-json\/wp\/v2\/posts"}],"about":[{"href":"https:\/\/tucomarca.whitekongsoftware.com\/ca\/wp-json\/wp\/v2\/types\/post"}],"author":[{"embeddable":true,"href":"https:\/\/tucomarca.whitekongsoftware.com\/ca\/wp-json\/wp\/v2\/users\/12"}],"replies":[{"embeddable":true,"href":"https:\/\/tucomarca.whitekongsoftware.com\/ca\/wp-json\/wp\/v2\/comments?post=229986"}],"version-history":[{"count":0,"href":"https:\/\/tucomarca.whitekongsoftware.com\/ca\/wp-json\/wp\/v2\/posts\/229986\/revisions"}],"wp:featuredmedia":[{"embeddable":true,"href":"https:\/\/tucomarca.whitekongsoftware.com\/ca\/wp-json\/wp\/v2\/media\/229958"}],"wp:attachment":[{"href":"https:\/\/tucomarca.whitekongsoftware.com\/ca\/wp-json\/wp\/v2\/media?parent=229986"}],"wp:term":[{"taxonomy":"category","embeddable":true,"href":"https:\/\/tucomarca.whitekongsoftware.com\/ca\/wp-json\/wp\/v2\/categories?post=229986"},{"taxonomy":"post_tag","embeddable":true,"href":"https:\/\/tucomarca.whitekongsoftware.com\/ca\/wp-json\/wp\/v2\/tags?post=229986"}],"curies":[{"name":"wp","href":"https:\/\/api.w.org\/{rel}","templated":true}]}}